{"id":16840,"date":"2022-05-24T17:41:59","date_gmt":"2022-05-24T17:41:59","guid":{"rendered":"https:\/\/tintafresca.net\/?p=16840"},"modified":"2022-05-24T22:40:59","modified_gmt":"2022-05-24T22:40:59","slug":"dia-do-municipio-da-marinha-grande-celebrado-com-a-participacao-dos-musicos-joao-so-e-carolina-deslandes","status":"publish","type":"post","link":"https:\/\/tintafresca.net\/index.php\/2022\/05\/24\/dia-do-municipio-da-marinha-grande-celebrado-com-a-participacao-dos-musicos-joao-so-e-carolina-deslandes\/","title":{"rendered":"Dia do Munic\u00edpio da Marinha Grande celebrado com a participa\u00e7\u00e3o dos m\u00fasicos Jo\u00e3o S\u00f3 e Carolina Deslandes"},"content":{"rendered":"<p>A C\u00e2mara Municipal da Marinha Grande vai comemorar o Dia do Munic\u00edpio (Quinta-Feira da Ascens\u00e3o), esta quinta-feira, dia 26 de maio, feriado municipal, numa cerim\u00f3nia solene, a decorrer no Teatro Stephens, na qual ir\u00e1 atribuir distin\u00e7\u00f5es honor\u00edficas a cidad\u00e3os do concelho que se tenham destacado numa determinada \u00e1rea, e atrav\u00e9s de um evento cultural e gastron\u00f3mico, a realizar no Parque de Merendas da Portela, com a participa\u00e7\u00e3o dos m\u00fasicos Jo\u00e3o S\u00f3 e Carolina Deslandes e do Chef de cozinha Rui Paula.<\/p>\n<div id=\"attachment_16842\" style=\"width: 810px\" class=\"wp-caption alignleft\"><img loading=\"lazy\" decoding=\"async\" aria-describedby=\"caption-attachment-16842\" class=\"wp-image-16842 size-full\" src=\"https:\/\/tintafresca.net\/wp-content\/uploads\/2022\/05\/MG_diadomunicipio2022_10.jpg\" alt=\"\" width=\"800\" height=\"565\" srcset=\"https:\/\/tintafresca.net\/wp-content\/uploads\/2022\/05\/MG_diadomunicipio2022_10.jpg 800w, https:\/\/tintafresca.net\/wp-content\/uploads\/2022\/05\/MG_diadomunicipio2022_10-300x212.jpg 300w, https:\/\/tintafresca.net\/wp-content\/uploads\/2022\/05\/MG_diadomunicipio2022_10-768x542.jpg 768w\" sizes=\"auto, (max-width: 800px) 100vw, 800px\" \/><p id=\"caption-attachment-16842\" class=\"wp-caption-text\">Cartaz<\/p><\/div>\n<p>O Munic\u00edpio da Marinha Grande pretende instituir a pr\u00e1tica formal de reconhecimento do m\u00e9rito dos diferentes agentes nas \u00e1reas da cultura, educa\u00e7\u00e3o, economia, social, desporto, turismo, entre outras. Assim, e face ao interesse em atribuir distin\u00e7\u00f5es honor\u00edficas a Marinhenses que se tenham destacado numa determinada \u00e1rea, v\u00e3o ser entregues Medalhas de M\u00e9rito Municipal.<\/p>\n<p>Ao abrigo do Regulamento de Atribui\u00e7\u00e3o de Medalhas de M\u00e9rito Municipal da Marinha Grande, v\u00e3o ser feitas as seguintes distin\u00e7\u00f5es, na Cerim\u00f3nia Solene, a decorrer no Teatro Stephens, no dia 26 de maio, pelas 10h00:<\/p>\n<p>Medalha de Honra do Munic\u00edpio;<br \/>\nMedalha Municipal de M\u00e9rito Social;<br \/>\nMedalha Municipal de M\u00e9rito Cultural;<br \/>\nMedalha Municipal de M\u00e9rito Educativo;<br \/>\nMedalha Municipal de M\u00e9rito Desportivo;<br \/>\nMedalha Municipal de M\u00e9rito Econ\u00f3mico;<br \/>\nMedalha Municipal de M\u00e9rito Humanit\u00e1rio;<br \/>\nMedalha Municipal de M\u00e9rito Cient\u00edfico.<\/p>\n<p>A sess\u00e3o vai tamb\u00e9m distinguir os trabalhadores que completaram 25 anos de servi\u00e7o no Munic\u00edpio, no ano 2021, bem como os funcion\u00e1rios que se aposentaram em 2021, pelos bons servi\u00e7os, dedica\u00e7\u00e3o e empenho \u00e0 causa p\u00fablica municipal.<\/p>\n<p>O programa da comemora\u00e7\u00e3o do Dia do Munic\u00edpio \u00e9 o seguinte:<\/p>\n<p>26 de maio de 2022<\/p>\n<p>09h30 | Edif\u00edcio dos Pa\u00e7os do Concelho | Hastear da Bandeira<br \/>\n10h00 | Casa da Cultura Teatro Stephens | Cerim\u00f3nia Solene<br \/>\n\u201cA heran\u00e7a cultural dos Stephens\u201d | Jorge Cust\u00f3dio<br \/>\nDistin\u00e7\u00f5es honor\u00edficas<br \/>\nInterven\u00e7\u00e3o do Presidente da Assembleia Municipal | An\u00edbal Curto Ribeiro<br \/>\nInterven\u00e7\u00e3o do Presidente da C\u00e2mara | Aur\u00e9lio Ferreira<br \/>\nMomento musical | Andr\u00e9 Barros<\/p>\n<p>Parque de Merendas da Portela<br \/>\n13h30 | CANTAR \u00c0 MESA DOS CHEF`S<br \/>\nParticipa\u00e7\u00e3o do Chef de cozinha Rui Paula e do m\u00fasico Jo\u00e3o S\u00f3<br \/>\nEvento em que se procura recriar pela m\u00e3o de Chef`s reconhecidos pratos t\u00edpicos do concelho e do feriado municipal, como o Coelho com Ervilhas.<br \/>\nOrg.: C\u00e2mara Municipal Marinha Grande<br \/>\nApoio: Junta de Freguesia da Marinha Grande<\/p>\n<p>16h30 | FUS\u00c3O AC\u00daSTICO (Programa Cultural), com Carolina Deslandes e Nuno Esperto &#8211; Espet\u00e1culo em formato ac\u00fastico protagonizado pela artista nacional Carolina Deslandes e pelo artista local Nuno Esperto.<\/p>\n<p>Em cima do palco, os dois artistas ir\u00e3o apresentar-se numa partilha de experi\u00eancias pessoais e art\u00edsticas. O espet\u00e1culo ser\u00e1 resultado de uma cocria\u00e7\u00e3o art\u00edstica entre os dois m\u00fasicos.<br \/>\nA\u00e7\u00f5es cofinanciadas pelo Programa Portugal Ac\u00fastico e \u00e0 Mesa Tamb\u00e9m se Canta<br \/>\nOrg.: C\u00e2mara Municipal Marinha Grande<br \/>\nApoio: Junta de Freguesia da Marinha Grande<\/p>\n<p>27 de maio de 2022<\/p>\n<p>21h30 | Casa da Cultura Teatro Stephens<br \/>\nTALK SHOW | \u201cNA TERRA DO VIDRO, JORGE HUMBERTO CONVIDA\u201d<\/p>\n<p>Ficha Art\u00edstica:<br \/>\nAutoria e apresenta\u00e7\u00e3o &#8211; Jorge Humberto Tihoti<br \/>\nArtista convidado &#8211; Lu\u00eds Represas<br \/>\nConvidados &#8211; M\u00e1rio Macatr\u00e3o, Francisco Gomes, Isabel Neto e Edu Miranda<br \/>\nBanda Residente &#8211; Paulo Norte (Bateria) &#8211; Fred Noel (Guitarra) &#8211; D\u00e1rio Maskaro &#8211; (teclados) &#8211; Lu\u00eds Agostinho (Teclados) &#8211; Sara Ribeiro (Voz)<br \/>\nSom &#8211; Ant\u00f3nio Pisco<br \/>\nImagem &#8211; Klassic, Lda<br \/>\nTransmiss\u00e3o &#8211; Pedro Filipe<br \/>\nDire\u00e7\u00e3o de Produ\u00e7\u00e3o &#8211; Sandra Santos<br \/>\nAss. Produ\u00e7\u00e3o &#8211; Andr\u00e9 Marques<br \/>\nProdu\u00e7\u00e3o &#8211; Klassik\/Jorge Humberto<br \/>\nRealiza\u00e7\u00e3o &#8211; Miguel Filipe<br \/>\nDura\u00e7\u00e3o \u2013 2h aprox.<br \/>\nClassifica\u00e7\u00e3o Et\u00e1ria \u2013 M6<br \/>\nPre\u00e7o \u2013 10\u20ac<br \/>\nBilheteira do Teatro de ter\u00e7a-feira a domingo, das 10h00 \u00e0s 13h00 e das 14h00 \u00e0s 18h00, ou na bilheteira online em www.bol.pt<\/p>\n<p><strong>\u00a0 \u00a0 \u00a0 \u00a0 \u00a0Fonte: GCI|CMMG<\/strong><\/p>\n","protected":false},"excerpt":{"rendered":"<p>A C\u00e2mara Municipal da Marinha Grande vai comemorar o Dia do Munic\u00edpio (Quinta-Feira da Ascens\u00e3o), esta quinta-feira, dia 26 de maio, feriado municipal, numa cerim\u00f3nia solene, a decorrer no Teatro Stephens, na qual ir\u00e1 atribuir distin\u00e7\u00f5es honor\u00edficas a cidad\u00e3os do concelho que se tenham destacado numa determinada \u00e1rea, e atrav\u00e9s de um evento cultural e [&hellip;]<\/p>\n","protected":false},"author":2,"featured_media":16843,"comment_status":"open","ping_status":"open","sticky":false,"template":"","format":"standard","meta":{"footnotes":""},"categories":[8,10,11],"tags":[],"class_list":["post-16840","post","type-post","status-publish","format-standard","has-post-thumbnail","hentry","category-musica","category-patrimonio","category-sociedade"],"_links":{"self":[{"href":"https:\/\/tintafresca.net\/index.php\/wp-json\/wp\/v2\/posts\/16840","targetHints":{"allow":["GET"]}}],"collection":[{"href":"https:\/\/tintafresca.net\/index.php\/wp-json\/wp\/v2\/posts"}],"about":[{"href":"https:\/\/tintafresca.net\/index.php\/wp-json\/wp\/v2\/types\/post"}],"author":[{"embeddable":true,"href":"https:\/\/tintafresca.net\/index.php\/wp-json\/wp\/v2\/users\/2"}],"replies":[{"embeddable":true,"href":"https:\/\/tintafresca.net\/index.php\/wp-json\/wp\/v2\/comments?post=16840"}],"version-history":[{"count":2,"href":"https:\/\/tintafresca.net\/index.php\/wp-json\/wp\/v2\/posts\/16840\/revisions"}],"predecessor-version":[{"id":16844,"href":"https:\/\/tintafresca.net\/index.php\/wp-json\/wp\/v2\/posts\/16840\/revisions\/16844"}],"wp:featuredmedia":[{"embeddable":true,"href":"https:\/\/tintafresca.net\/index.php\/wp-json\/wp\/v2\/media\/16843"}],"wp:attachment":[{"href":"https:\/\/tintafresca.net\/index.php\/wp-json\/wp\/v2\/media?parent=16840"}],"wp:term":[{"taxonomy":"category","embeddable":true,"href":"https:\/\/tintafresca.net\/index.php\/wp-json\/wp\/v2\/categories?post=16840"},{"taxonomy":"post_tag","embeddable":true,"href":"https:\/\/tintafresca.net\/index.php\/wp-json\/wp\/v2\/tags?post=16840"}],"curies":[{"name":"wp","href":"https:\/\/api.w.org\/{rel}","templated":true}]}}