{"id":16879,"date":"2022-05-25T18:54:15","date_gmt":"2022-05-25T18:54:15","guid":{"rendered":"https:\/\/tintafresca.net\/?p=16879"},"modified":"2022-05-25T18:56:49","modified_gmt":"2022-05-25T18:56:49","slug":"centro-hospitalar-de-leiria-mostra-no-hospital-de-alcobaca-projetos-artisticos-dentro-e-fora-de-portas","status":"publish","type":"post","link":"https:\/\/tintafresca.net\/index.php\/2022\/05\/25\/centro-hospitalar-de-leiria-mostra-no-hospital-de-alcobaca-projetos-artisticos-dentro-e-fora-de-portas\/","title":{"rendered":"Centro Hospitalar de Leiria mostra no Hospital de Alcoba\u00e7a projetos art\u00edsticos dentro e fora de portas"},"content":{"rendered":"<div id=\"attachment_16881\" style=\"width: 510px\" class=\"wp-caption alignleft\"><img loading=\"lazy\" decoding=\"async\" aria-describedby=\"caption-attachment-16881\" class=\"wp-image-16881 size-full\" src=\"https:\/\/tintafresca.net\/wp-content\/uploads\/2022\/05\/Alcobaca_HABLO20.jpg\" alt=\"\" width=\"500\" height=\"333\" srcset=\"https:\/\/tintafresca.net\/wp-content\/uploads\/2022\/05\/Alcobaca_HABLO20.jpg 500w, https:\/\/tintafresca.net\/wp-content\/uploads\/2022\/05\/Alcobaca_HABLO20-300x200.jpg 300w\" sizes=\"auto, (max-width: 500px) 100vw, 500px\" \/><p id=\"caption-attachment-16881\" class=\"wp-caption-text\">Joana Correia<\/p><\/div>\n<p>O Centro Hospitalar de Leiria (CHL) comemorou o Dia do Hospital de Alcoba\u00e7a Bernardino Lopes de Oliveira (HABLO), no dia 23 de maio, no Sal\u00e3o Nobre do hospital, com uma sess\u00e3o de anivers\u00e1rio dedicada ao tema \u201cO poder das Artes no processo de cura\u201d, com apresenta\u00e7\u00e3o de projetos internos do CHL e projetos de interven\u00e7\u00e3o art\u00edstica na comunidade de Alcoba\u00e7a.<\/p>\n<p>Joana Correia, diretora do Servi\u00e7o de Psicologia Cl\u00ednica do CHL, falou sobre a \u201cInterven\u00e7\u00e3o terap\u00eautica pela Arte\u201d, no \u00e2mbito do trabalho que \u00e9 desenvolvido no Hospital de Dia de Psiquiatria, a funcionar desde 2017 na unidade do CHL nos Andrinos, em Leiria. A psic\u00f3loga cl\u00ednica destacou a din\u00e2mica do Servi\u00e7o, a multidisciplinaridade da equipa de profissionais, fazendo a caracteriza\u00e7\u00e3o do tipo de terap\u00eautica concretizada pela via das Artes, com a ilustra\u00e7\u00e3o de muitos bons exemplos de trabalhos art\u00edsticos realizados pelos utentes.<\/p>\n<p>A\u00a0 Helena Brites, da Sociedade Art\u00edstica Musical de Pousos \u2013 SAMP, mostrou todos os projetos que dinamizam dentro do CHL. A musicoterapeuta destacou que todos os projetos decorreram de um trabalho pr\u00e9vio com os profissionais de sa\u00fade, e passou a elenc\u00e1-los: \u201c100 limites ao som\u201d, iniciado em 2005, dirigido aos doentes mentais cr\u00f3nicos, que trabalha com a m\u00fasica, com a dan\u00e7a, com o teatro; em 2006, \u201cConSentir o Som\u201d, neste momento inativo, mas que se destinava aos doentes agudos de Psiquiatria, com uma sess\u00e3o semanal de m\u00fasica; o \u201cAllegro Pedi\u00e1trico\u201d em 2007, com sess\u00f5es semanais de m\u00fasica no Servi\u00e7o de Pediatria; o \u201cD\u00f3i Menor\u201d, sess\u00f5es semanais que decorrem no Laborat\u00f3rio de Musicoterapia na Unidade de Dor, para pessoas com dor cr\u00f3nica, e para continuar a possibilitar a arte na vidas destas pessoas, ap\u00f3s o fim das sess\u00f5es definidas, foi depois criado o programa \u201cCantares de Amigo\u201d, que se realiza na SAMP.<\/p>\n<p>J\u00e1 em 2019 surge o \u201cAqui Contigo\u201d, que se realiza no HABLO, na Unidade de Internamento de Cuidados Paliativos, que visa acompanhar as pessoas em fim de vida; e, por fim, a cria\u00e7\u00e3o do UPA, Unidos pela Arte, em 2020, no contexto da pandemia, direcionado para os profissionais de sa\u00fade, na partilha das Artes, pelo teatro, pela m\u00fasica e pela dan\u00e7a.\u00a0A musicoterapeuta salientou ainda os Encontros com Arte, realizados em parceria com profissionais de sa\u00fade entre 2013 e 2020, com sete encontros internacionais de Sa\u00fade com Arte, com experi\u00eancias art\u00edsticas no contexto terap\u00eautico e da sa\u00fade.<\/p>\n<div id=\"attachment_16882\" style=\"width: 510px\" class=\"wp-caption alignleft\"><img loading=\"lazy\" decoding=\"async\" aria-describedby=\"caption-attachment-16882\" class=\"wp-image-16882 size-full\" src=\"https:\/\/tintafresca.net\/wp-content\/uploads\/2022\/05\/Alcobaca_HABLO10.jpg\" alt=\"\" width=\"500\" height=\"333\" srcset=\"https:\/\/tintafresca.net\/wp-content\/uploads\/2022\/05\/Alcobaca_HABLO10.jpg 500w, https:\/\/tintafresca.net\/wp-content\/uploads\/2022\/05\/Alcobaca_HABLO10-300x200.jpg 300w\" sizes=\"auto, (max-width: 500px) 100vw, 500px\" \/><p id=\"caption-attachment-16882\" class=\"wp-caption-text\">Individualidades presentes nas celebra\u00e7\u00f5es dos 132 anos do Hospital de Alcoba\u00e7a Bernardino Lopes de Oliveira<\/p><\/div>\n<p>Para dar a conhecer projetos de interven\u00e7\u00e3o art\u00edstica na comunidade de Alcoba\u00e7a, a vice-presidente da C\u00e2mara Municipal de Alcoba\u00e7a, In\u00eas Silva, e Joana Fragoso, animadora sociocultural, apresentaram dois projetos: o \u201cTeatro para Todos\u201d, desenvolvido em parceria com o CEERIA \u2013 Centro de Educa\u00e7\u00e3o Especial, Reabilita\u00e7\u00e3o e Integra\u00e7\u00e3o de Alcoba\u00e7a, com algumas institui\u00e7\u00f5es para seniores em Alcoba\u00e7a, em que os utentes re\u00fanem uma vez por semana para a realiza\u00e7\u00e3o de pe\u00e7as de teatro, baseadas nas pr\u00f3prias experi\u00eancias, e no final do ano apresentam as mesmas no cineteatro de Alcoba\u00e7a, criando-se uma liga\u00e7\u00e3o da comunidade com estas institui\u00e7\u00f5es envolvidas; e o programa \u201cQueremos estar consigo\u201d, que envolve as institui\u00e7\u00f5es de terceira idade de Alcoba\u00e7a e o CEERIA, que come\u00e7ou no \u00e2mbito da pandemia no combate \u00e0 solid\u00e3o, com a dinamiza\u00e7\u00e3o cultural e social online, atrav\u00e9s de iniciativas de atividade f\u00edsica, m\u00fasica, teatro, contos inclusivos e visitas virtuais a alguns locais do pa\u00eds.<\/p>\n<p>Da Academia de M\u00fasica de Alcoba\u00e7a intervieram Susana Martins, diretora executiva, e Dalila Vicente, diretora de Projetos para a Comunidade, que apresentaram a institui\u00e7\u00e3o e a sua miss\u00e3o nas vertentes da Educa\u00e7\u00e3o e da Cultura. Atrav\u00e9s de alguns v\u00eddeos, deram a conhecer o projeto \u201cSons que Educam\u201d, que visa estimular os alunos do ensino b\u00e1sico e secund\u00e1rio, com algum tipo de comprometimento f\u00edsico e\/ou cognitivo, nos dom\u00ednios cognitivo e motor, atrav\u00e9s da express\u00e3o musical e da express\u00e3o corporal; e o projeto \u201cHoje h\u00e1 Baile\u201d, focado no bem-estar dos utentes, maiores de 50 anos que tenham gosto pelo conv\u00edvio, de IPSS, Miseric\u00f3rdias ou outras, atrav\u00e9s da estimula\u00e7\u00e3o cognitiva, motora e emocional conseguida pela utiliza\u00e7\u00e3o de m\u00fasica \u201cao vivo\u201d.<\/p>\n<p>Ap\u00f3s a homenagem pelo trabalho, empenho e dedica\u00e7\u00e3o dos colaboradores aposentados nos \u00faltimos anos do HABLO, Lic\u00ednio de Carvalho, presidente do Conselho de Administra\u00e7\u00e3o do CHL, proferiu o seu discurso. \u00abA celebra\u00e7\u00e3o do Dia do Hospital \u00e9 tamb\u00e9m uma oportunidade para revisitar os projetos realizados no \u00faltimo ano e os investimentos principais realizados e em curso\u00bb, e acrescentou que no HABLO \u00abentre os projetos realizados, em curso e em previs\u00e3o, estima-se em 900 mil euros o montante envolvido\u00bb.<\/p>\n<p>\u00abNo \u00faltimo ano reabilitou-se, finalmente, o Servi\u00e7o de Imagiologia, constru\u00edram-se vesti\u00e1rios novos para os profissionais, recuperou-se o posto de admiss\u00e3o de doentes no Servi\u00e7o de Urg\u00eancia e adquiriu-se, entre outros equipamentos, um intensificador de imagem para o Bloco Operat\u00f3rio\u00bb, referiu o presidente do Conselho de Administra\u00e7\u00e3o. \u00abEst\u00e3o em curso, a remodela\u00e7\u00e3o e repavimenta\u00e7\u00e3o do acesso \u00e0 Urg\u00eancia e, praticamente conclu\u00edda, a substitui\u00e7\u00e3o da Unidade de Tratamento de Ar do Bloco Operat\u00f3rio. Em projeto de investimento consta a substitui\u00e7\u00e3o da sala de Rx e a reestrutura\u00e7\u00e3o e uni\u00e3o dos edif\u00edcios principais do hospital.\u00bb<\/p>\n<p>\u00abContamos com todos, com os nossos profissionais que t\u00eam dado mostras de empenhamento pessoal e profissional \u00e0 altura dos desafios, das dificuldades e das responsabilidades que temos enfrentado e que, provavelmente, vamos continuar a ter que enfrentar no futuro pr\u00f3ximo\u00bb, rematou Lic\u00ednio de Carvalho.<\/p>\n<p>In\u00eas Silva, vice-presidente da C\u00e2mara Municipal de Alcoba\u00e7a, encerrou a sess\u00e3o comemorativa, destacando a import\u00e2ncia do tema escolhido. \u00abHoje provou-se aqui que as Artes servem para muitas coisas e que s\u00e3o muito importantes. Nos exemplos que foram dados foi muito pertinente assistir \u00e0s boas pr\u00e1ticas que acontecem aqui no nosso territ\u00f3rio. Os exemplos mostram que as Artes tamb\u00e9m ajudam \u00e0 Inclus\u00e3o, que minimizam a dor de quem est\u00e1 doente, de quem sofre, contribuem para que as comunidades se fortale\u00e7am\u2026\u00bb<\/p>\n<p>\u00abFico muito feliz de perceber que a Sa\u00fade tamb\u00e9m est\u00e1 muito sens\u00edvel ao tema, que tem pensado muito na forma como o poder das Artes ajudam o outro, a estar mais feliz, a estar mais inclu\u00eddo, e a contribuir para o seu bem-estar. Parab\u00e9ns ao hospital e continuemos a ser todos felizes e que consigamos tamb\u00e9m transmitir essa felicidade ao pr\u00f3ximo e a quem est\u00e1 ao nosso cuidado\u00bb, terminou In\u00eas Silva.<\/p>\n<p><strong>\u00a0 \u00a0 \u00a0Fonte: Midlandcom<\/strong><\/p>\n","protected":false},"excerpt":{"rendered":"<p>O Centro Hospitalar de Leiria (CHL) comemorou o Dia do Hospital de Alcoba\u00e7a Bernardino Lopes de Oliveira (HABLO), no dia 23 de maio, no Sal\u00e3o Nobre do hospital, com uma sess\u00e3o de anivers\u00e1rio dedicada ao tema \u201cO poder das Artes no processo de cura\u201d, com apresenta\u00e7\u00e3o de projetos internos do CHL e projetos de interven\u00e7\u00e3o [&hellip;]<\/p>\n","protected":false},"author":2,"featured_media":16883,"comment_status":"open","ping_status":"open","sticky":false,"template":"","format":"standard","meta":{"footnotes":""},"categories":[6],"tags":[],"class_list":["post-16879","post","type-post","status-publish","format-standard","has-post-thumbnail","hentry","category-saude"],"_links":{"self":[{"href":"https:\/\/tintafresca.net\/index.php\/wp-json\/wp\/v2\/posts\/16879","targetHints":{"allow":["GET"]}}],"collection":[{"href":"https:\/\/tintafresca.net\/index.php\/wp-json\/wp\/v2\/posts"}],"about":[{"href":"https:\/\/tintafresca.net\/index.php\/wp-json\/wp\/v2\/types\/post"}],"author":[{"embeddable":true,"href":"https:\/\/tintafresca.net\/index.php\/wp-json\/wp\/v2\/users\/2"}],"replies":[{"embeddable":true,"href":"https:\/\/tintafresca.net\/index.php\/wp-json\/wp\/v2\/comments?post=16879"}],"version-history":[{"count":2,"href":"https:\/\/tintafresca.net\/index.php\/wp-json\/wp\/v2\/posts\/16879\/revisions"}],"predecessor-version":[{"id":16884,"href":"https:\/\/tintafresca.net\/index.php\/wp-json\/wp\/v2\/posts\/16879\/revisions\/16884"}],"wp:featuredmedia":[{"embeddable":true,"href":"https:\/\/tintafresca.net\/index.php\/wp-json\/wp\/v2\/media\/16883"}],"wp:attachment":[{"href":"https:\/\/tintafresca.net\/index.php\/wp-json\/wp\/v2\/media?parent=16879"}],"wp:term":[{"taxonomy":"category","embeddable":true,"href":"https:\/\/tintafresca.net\/index.php\/wp-json\/wp\/v2\/categories?post=16879"},{"taxonomy":"post_tag","embeddable":true,"href":"https:\/\/tintafresca.net\/index.php\/wp-json\/wp\/v2\/tags?post=16879"}],"curies":[{"name":"wp","href":"https:\/\/api.w.org\/{rel}","templated":true}]}}