{"id":16888,"date":"2022-05-26T10:54:22","date_gmt":"2022-05-26T10:54:22","guid":{"rendered":"https:\/\/tintafresca.net\/?p=16888"},"modified":"2022-05-27T10:13:44","modified_gmt":"2022-05-27T10:13:44","slug":"aumento-dos-custos-da-energia-obriga-empresas-da-regiao-a-adotar-planos-de-contingencia","status":"publish","type":"post","link":"https:\/\/tintafresca.net\/index.php\/2022\/05\/26\/aumento-dos-custos-da-energia-obriga-empresas-da-regiao-a-adotar-planos-de-contingencia\/","title":{"rendered":"Aumento dos custos da energia obriga empresas da regi\u00e3o a adotar planos de conting\u00eancia"},"content":{"rendered":"<div id=\"attachment_16890\" style=\"width: 510px\" class=\"wp-caption alignleft\"><img loading=\"lazy\" decoding=\"async\" aria-describedby=\"caption-attachment-16890\" class=\"wp-image-16890 size-full\" src=\"https:\/\/tintafresca.net\/wp-content\/uploads\/2022\/05\/Alcobaca_Crisal_2009_10.jpg\" alt=\"\" width=\"500\" height=\"375\" srcset=\"https:\/\/tintafresca.net\/wp-content\/uploads\/2022\/05\/Alcobaca_Crisal_2009_10.jpg 500w, https:\/\/tintafresca.net\/wp-content\/uploads\/2022\/05\/Alcobaca_Crisal_2009_10-300x225.jpg 300w\" sizes=\"auto, (max-width: 500px) 100vw, 500px\" \/><p id=\"caption-attachment-16890\" class=\"wp-caption-text\">Atlantis<\/p><\/div>\n<p>O aumento do pre\u00e7o da eletricidade, g\u00e1s e gas\u00f3leo verificado no final de 2021 e sobretudo nos primeiros meses de 2022, est\u00e1 a causar problemas nas empresas da regi\u00e3o, que se queixam de dificuldades para continuar a laborar e manter os objetivos empresariais. As empresas Balbino &amp; Faustino, Arfai Ceramics e Vista Alegre, contactadas pelo Tinta Fresca, apontaram como medidas a necessidade de readapta\u00e7\u00e3o das suas rotas de distribui\u00e7\u00e3o, o investimento em solu\u00e7\u00f5es ecologicamente mais sustent\u00e1veis, o aumento do produto final ou mesmo a suspens\u00e3o dos seus planos para aumentar a produ\u00e7\u00e3o e as instala\u00e7\u00f5es da empresa.<\/p>\n<p>Marco Faustino, gestor da Balbino &amp; Faustino, empresa de derivados de madeira, com sede na freguesia da Cela, referiu que ao n\u00edvel dos custos, foram \u201cafetados com o aumento significativo do custo dos combust\u00edveis s\u00f3lidos, nomeadamente o gas\u00f3leo rodovi\u00e1rio, que tem a varia\u00e7\u00e3o que \u00e9 p\u00fablica\u201d, provocando sobretudo impacto \u201cna nossa log\u00edstica, o que nos obrigou a rever os custos log\u00edsticos e refletir esse aumento de custos no produto final\u201d.<\/p>\n<p>Segundo o gestor, a redu\u00e7\u00e3o dos custos energ\u00e9ticos pode passar \u201ccom o continuo investimento em solu\u00e7\u00f5es ecologicamente mais sustent\u00e1veis, dando seguimento aos investimentos em curso, nomeadamente com a instala\u00e7\u00e3o de ilumina\u00e7\u00e3o LED, cogera\u00e7\u00e3o de energia, rentabilizando o uso de equipamentos nomeadamente ar condicionado, aspira\u00e7\u00f5es e ar comprimido, rentabilizando rotas de distribui\u00e7\u00e3o e em muitos casos, sempre que poss\u00edvel mantendo o teletrabalho, contribuindo desta forma para uma poupan\u00e7a tamb\u00e9m para o trabalhador\u201d.<\/p>\n<p>Verificando-se o aumento destas mat\u00e9rias, Marco Faustino refere que \u201cos aumentos sobre os produtos comercializados foram uma constante em 2021 e a tend\u00eancia manteve-se este ano. Muito desse aumento deve-se aos aumentos sucessivos da energia e fatores associados, como o transporte. Neste momento, mais que nunca, teremos de estar atentos \u00e0s evolu\u00e7\u00f5es dos custos e dos mercados e realizar os ajustes que forem necess\u00e1rios de modo a assegurar o bom desempenho da organiza\u00e7\u00e3o\u201d.<\/p>\n<p>Por sua vez, Sofia Reis, respons\u00e1vel de Marketing e Comunica\u00e7\u00f5es da Arfai Ceramics, empresa da freguesia de Aljubarrota, dedicada \u00e0 produ\u00e7\u00e3o de cer\u00e2mica, que exporta grande parte da sua produ\u00e7\u00e3o, referiu ao Tinta Fresca que em rela\u00e7\u00e3o \u00e0 percentagem do aumento dos custos com a energia, \u201ctivemos um aumento de 544% em abril, comparando com per\u00edodo hom\u00f3logo. J\u00e1 em janeiro de 2022 este aumento era de 994%\u201d.<\/p>\n<p>Sofia Reis referiu que no caso da Arfai \u201cn\u00e3o \u00e9 de nenhuma forma poss\u00edvel colmatar o preju\u00edzo que a nossa ind\u00fastria est\u00e1 a sofrer. Foram solicitados aumentos aos nossos clientes, que n\u00e3o visam colmatar os preju\u00edzos, mas apenas minimiz\u00e1-los dentro do que \u00e9 poss\u00edvel neste per\u00edodo dif\u00edcil\u201d.<\/p>\n<p>Por forma a reduzir os custos energ\u00e9ticos, \u201ca Arfai j\u00e1 tinha desenhado um plano de investimentos na \u00e1rea da efici\u00eancia energ\u00e9tica, com parte dele j\u00e1 implementado, e continuaremos a investir nesta \u00e1rea por forma a diminuir consumos e custos. No entanto, o impacto destas medidas face ao aumento do g\u00e1s natural e \u00e0 nossa depend\u00eancia deste \u00e9 muito reduzido\u201d.<\/p>\n<p>Relativamente \u00e0s consequ\u00eancias que pode acarretar para a empresa a continua\u00e7\u00e3o do aumento dos custos energ\u00e9ticos, Sofia Reis informou que \u201ca Arfai j\u00e1 suspendeu por tempo indeterminado o seu plano de investimentos, que visava o aumento de espa\u00e7o de f\u00e1brica e da capacidade produtiva \u2013 plano no valor de cerca de 1 milh\u00e3o de euros \u2013 e ser\u00e1 for\u00e7ada a continuar a subir os seus pre\u00e7os, com o impacto que tais medidas v\u00e3o ter junto dos clientes habituais do nosso produto. Atualmente n\u00e3o existem muitas alternativas cred\u00edveis no mercado, a China com o seu controlo demasiado apertado e pre\u00e7os muito elevados de transportes, tem levado os clientes a procurar alternativas, o que tem aumentado exponencialmente a procura por Portugal. Contudo, esta realidade mudar\u00e1 no futuro e haver\u00e1 uma invers\u00e3o dos clientes para outros mercados do mundo, caso esta escalada continue como temos assistido\u201d, alertou.<\/p>\n<p>Por sua vez, Teodorico Pais, administrador da Vista Alegre, empresa que trabalha o cristal e o vidro, com sede na Uni\u00e3o de Freguesias de C\u00f3s, Alpedriz e Montes, referiu ao Tinta Fresca que \u201ca Vista Alegre Atlantis, como consumidor intensivo de energia para produ\u00e7\u00e3o de Vidro e Cristal, teve um impacto brutal nos custos de energia atingindo no primeiro trimestre do ano, um aumento superior a 150%\u201d.<\/p>\n<p>No que se refere ao impacto na produ\u00e7\u00e3o, o administrador da Vista Alegre, informou que \u201cna produ\u00e7\u00e3o de Cristal e Vidro, os fornos s\u00e3o de regime cont\u00ednuo, n\u00e3o sendo poss\u00edvel interromper a labora\u00e7\u00e3o. No caso desta unidade de produ\u00e7\u00e3o, o forno de Cristal \u00e9 de fus\u00e3o el\u00e9trica, e o de vidro de fus\u00e3o a g\u00e1s natural. Em fun\u00e7\u00e3o desta reparti\u00e7\u00e3o de fontes de energia, o incremento de custo \u00e9 menos acentuado nesta unidade, comparando com os \u00a0registados em unidades da ind\u00fastria cer\u00e2mica que recorrem ao g\u00e1s como fonte primordial de energia. Mesmo tendo em conta esta circunst\u00e2ncia o impacto \u00e9 muito elevado no custo final da produ\u00e7\u00e3o\u201d.<\/p>\n<p>Apesar dos esfor\u00e7os da empresa em colmatar os custos de produ\u00e7\u00e3o, melhorando por exemplo a sua efici\u00eancia energ\u00e9tica, \u201ceste aumento de custos tem um impacto direto na rentabilidade da empresa\u201d, salientou Teodorico Pais, acrescentando que a redu\u00e7\u00e3o dos custos energ\u00e9ticos pode ser poss\u00edvel continuando \u201ca diversificar e a implementar medidas de efici\u00eancia energ\u00e9tica, baseadas em fontes renov\u00e1veis e na introdu\u00e7\u00e3o de novas fontes energ\u00e9ticas (hidrog\u00e9nio verde) em alternativa \u00a0ao g\u00e1s natural\u201d.<\/p>\n<p>Segundo Teodorico Pais \u201cesta crise energ\u00e9tica resulta de um efeito cumulativo das medidas impostas pela Comunidade Europeia para antecipar as metas de descarboniza\u00e7\u00e3o e as altera\u00e7\u00f5es clim\u00e1ticas, e da dram\u00e1tica crise causada pelo conflito na Ucr\u00e2nia, onde a Europa tem uma larga depend\u00eancia de abastecimento do g\u00e1s natural e do petr\u00f3leo da R\u00fassia. Portanto, \u00e9 de todo previs\u00edvel que com o aliviar do conflito e da implementa\u00e7\u00e3o das medidas alternativas,\u00a0haja uma estabiliza\u00e7\u00e3o dos custos do g\u00e1s natural, ainda que em patamares superiores aos verificados antes da guerra\u201d.<\/p>\n<p>Para o administrador da Vista Alegre, \u201ca \u00fanica forma de lidar com esta crise energ\u00e9tica ser\u00e1 acelerar as medidas para redu\u00e7\u00e3o da depend\u00eancia das energias fosseis e suportar nesta fase de transi\u00e7\u00e3o, uma perda de margem associada aos efeitos descritos. Tamb\u00e9m \u00e9 importante referir que o Grupo Vista Alegre sente-se muito mais apoiado em pertencer a um grupo multinacional forte e competente como \u00e9 o Grupo Visabeira\u201d.<\/p>\n<p><strong>\u00a0 \u00a0M\u00f3nica Alexandre<\/strong><\/p>\n","protected":false},"excerpt":{"rendered":"<p>O aumento do pre\u00e7o da eletricidade, g\u00e1s e gas\u00f3leo verificado no final de 2021 e sobretudo nos primeiros meses de 2022, est\u00e1 a causar problemas nas empresas da regi\u00e3o, que se queixam de dificuldades para continuar a laborar e manter os objetivos empresariais. As empresas Balbino &amp; Faustino, Arfai Ceramics e Vista Alegre, contactadas pelo [&hellip;]<\/p>\n","protected":false},"author":2,"featured_media":16891,"comment_status":"open","ping_status":"open","sticky":false,"template":"","format":"standard","meta":{"footnotes":""},"categories":[7],"tags":[],"class_list":["post-16888","post","type-post","status-publish","format-standard","has-post-thumbnail","hentry","category-economia"],"_links":{"self":[{"href":"https:\/\/tintafresca.net\/index.php\/wp-json\/wp\/v2\/posts\/16888","targetHints":{"allow":["GET"]}}],"collection":[{"href":"https:\/\/tintafresca.net\/index.php\/wp-json\/wp\/v2\/posts"}],"about":[{"href":"https:\/\/tintafresca.net\/index.php\/wp-json\/wp\/v2\/types\/post"}],"author":[{"embeddable":true,"href":"https:\/\/tintafresca.net\/index.php\/wp-json\/wp\/v2\/users\/2"}],"replies":[{"embeddable":true,"href":"https:\/\/tintafresca.net\/index.php\/wp-json\/wp\/v2\/comments?post=16888"}],"version-history":[{"count":2,"href":"https:\/\/tintafresca.net\/index.php\/wp-json\/wp\/v2\/posts\/16888\/revisions"}],"predecessor-version":[{"id":16892,"href":"https:\/\/tintafresca.net\/index.php\/wp-json\/wp\/v2\/posts\/16888\/revisions\/16892"}],"wp:featuredmedia":[{"embeddable":true,"href":"https:\/\/tintafresca.net\/index.php\/wp-json\/wp\/v2\/media\/16891"}],"wp:attachment":[{"href":"https:\/\/tintafresca.net\/index.php\/wp-json\/wp\/v2\/media?parent=16888"}],"wp:term":[{"taxonomy":"category","embeddable":true,"href":"https:\/\/tintafresca.net\/index.php\/wp-json\/wp\/v2\/categories?post=16888"},{"taxonomy":"post_tag","embeddable":true,"href":"https:\/\/tintafresca.net\/index.php\/wp-json\/wp\/v2\/tags?post=16888"}],"curies":[{"name":"wp","href":"https:\/\/api.w.org\/{rel}","templated":true}]}}