{"id":16913,"date":"2022-05-27T10:06:37","date_gmt":"2022-05-27T10:06:37","guid":{"rendered":"https:\/\/tintafresca.net\/?p=16913"},"modified":"2022-05-27T10:06:37","modified_gmt":"2022-05-27T10:06:37","slug":"municipio-de-porto-de-mos-inaugura-obras-da-extensao-de-saude-das-pedreiras","status":"publish","type":"post","link":"https:\/\/tintafresca.net\/index.php\/2022\/05\/27\/municipio-de-porto-de-mos-inaugura-obras-da-extensao-de-saude-das-pedreiras\/","title":{"rendered":"Munic\u00edpio de Porto de M\u00f3s inaugura obras da Extens\u00e3o de Sa\u00fade das Pedreiras"},"content":{"rendered":"<div id=\"attachment_16915\" style=\"width: 510px\" class=\"wp-caption alignleft\"><img loading=\"lazy\" decoding=\"async\" aria-describedby=\"caption-attachment-16915\" class=\"wp-image-16915 size-full\" src=\"https:\/\/tintafresca.net\/wp-content\/uploads\/2022\/05\/PM_US_Pedreiras10.jpg\" alt=\"\" width=\"500\" height=\"375\" srcset=\"https:\/\/tintafresca.net\/wp-content\/uploads\/2022\/05\/PM_US_Pedreiras10.jpg 500w, https:\/\/tintafresca.net\/wp-content\/uploads\/2022\/05\/PM_US_Pedreiras10-300x225.jpg 300w\" sizes=\"auto, (max-width: 500px) 100vw, 500px\" \/><p id=\"caption-attachment-16915\" class=\"wp-caption-text\">Unidade de Sa\u00fade das Pedreiras<\/p><\/div>\n<p>As obras de requalifica\u00e7\u00e3o da Extens\u00e3o de Sa\u00fade das Pedreiras foram inauguradas no dia 24 de maio. Esta obra representa um investimento total de 230.947,50\u20ac, do Munic\u00edpio de Porto de M\u00f3s, com uma comparticipa\u00e7\u00e3o do Apoio financeiro da Uni\u00e3o Europeia de 196.072,65\u20ac, no \u00e2mbito do Programa Operacional Regional do Centro. As obras visaram melhorar a qualidade do edif\u00edcio, que estaria em vias de encerrar, valorizando assim a val\u00eancia de cuidados de sa\u00fade desta freguesia portomosense.<\/p>\n<p>Estiveram presentes na cerim\u00f3nia de inaugura\u00e7\u00e3o, Pedro Pragosa, presidente da Junta de Freguesia das Pedreiras; Jorge Vala, presidente da C\u00e2mara Municipal de Porto de M\u00f3s; M\u00e1rio Ruivo, representante do Conselho Diretivo da Administra\u00e7\u00e3o Regional de Sa\u00fade do Centro e Isabel Damasceno, presidente da Comiss\u00e3o de Coordena\u00e7\u00e3o e Desenvolvimento Regional do Centro.<\/p>\n<p>Numa altura em que o concelho de Porto de M\u00f3s se debate para angariar mais pessoal m\u00e9dico e para implementar mais Unidades de Sa\u00fade Familiar no seu territ\u00f3rio, a Extens\u00e3o de Sa\u00fade das Pedreiras, integrante da Unidade de Sa\u00fade Familiar Novos Horizontes, surge como concretiza\u00e7\u00e3o do esfor\u00e7o feito pela junta, autarquia, ARSC e CCDRC.<\/p>\n<p>Segundo Jorge Vala, a requalifica\u00e7\u00e3o desta unidade ir\u00e1 garantir melhores condi\u00e7\u00f5es f\u00edsicas resultando numa melhor presta\u00e7\u00e3o de cuidados sa\u00fade aos utentes, mas tamb\u00e9m contribuir para a motiva\u00e7\u00e3o do corpo m\u00e9dico que v\u00ea assim colmatadas as suas necessidades.<\/p>\n<p>No seguimento da luta do munic\u00edpio de Porto de M\u00f3s pela contrata\u00e7\u00e3o de mais m\u00e9dicos, na cria\u00e7\u00e3o de melhores instala\u00e7\u00f5es, Jorge Vala referiu que esta requalifica\u00e7\u00e3o por feita por \u201cforma a garantir a continuidade da USF. O munic\u00edpio de Porto de M\u00f3s assumiu de imediato esta requalifica\u00e7\u00e3o, que foi aprovado pelo ACS Pinhal Litoral, mas teve que ser alterado a pedido da ARS Centro\u201d, pelo que agora \u201ctemos hoje um polo dos melhores do concelho, com dois m\u00e9dicos de fam\u00edlia\u201d, rematou.<\/p>\n<p>M\u00e1rio Ruivo destacou Porto de M\u00f3s como um exemplo de persist\u00eancia a seguir, assim como Isabel Damasceno, que mencionou que se muitos concelhos entendem a sa\u00fade como uma prioridade, outros h\u00e1 que se restringem \u00e0s suas compet\u00eancias, n\u00e3o relevando necessidades t\u00e3o b\u00e1sicas para a popula\u00e7\u00e3o como \u00e9 a sa\u00fade.<\/p>\n<p>Em declara\u00e7\u00f5es ao Tinta Fresca, Jorge Vala adiantou que tendo em conta a falta de m\u00e9dicos no concelho, foi aprovado em abril, pela Assembleia Municipal, um Plano de Sa\u00fade Municipal, cujo concurso p\u00fablico est\u00e1 lan\u00e7ado at\u00e9 final do m\u00eas\u201d.<\/p>\n<p>Segundo o edil, este Plano de Sa\u00fade Municipal \u201cn\u00e3o vai substituir o m\u00e9dico de fam\u00edlia, mas vai aliviar os encargos com a sa\u00fade\u201d, permitindo aos portomosenses aceder \u00e0s unidades de sa\u00fade privadas, que ganharem o concurso, e usufruir de descontos que podem atingir os 50%, em consultas, exames e outros meios de diagn\u00f3stico.<\/p>\n<p>A requalifica\u00e7\u00e3o da extens\u00e3o de Sa\u00fade de Pedreiras envolveu-se os dois pisos do edif\u00edcio j\u00e1 existente, com uma pequena amplia\u00e7\u00e3o no piso inferior. O edif\u00edcio passa agora a ser composto por 4 gabinetes m\u00e9dicos, sala de tratamentos, 3 gabinetes de enfermagem, balc\u00e3o de atendimento, secretaria, instala\u00e7\u00f5es sanit\u00e1rias para utentes e para o pessoal de servi\u00e7o, 2 salas de espera para utentes, arquivo, arrumos, 2 balne\u00e1rios, cozinha para o pessoal de servi\u00e7o, vesti\u00e1rio, espa\u00e7os individuais destinados a material de limpeza, material terap\u00eautico, material clinico, material para lavar e esterilizar e no exterior do edif\u00edcio est\u00e1 previsto um espa\u00e7o destinados a garrafas de gases medicinais e um espa\u00e7o destinado a lixos.<\/p>\n<p>Tamb\u00e9m a zona envolvente do edif\u00edcio foi requalificada.<\/p>\n<p><strong> \u00a0 \u00a0 \u00a0M\u00f3nica Alexandre<\/strong><br \/>\n(Com GC|CMPM)<\/p>\n","protected":false},"excerpt":{"rendered":"<p>As obras de requalifica\u00e7\u00e3o da Extens\u00e3o de Sa\u00fade das Pedreiras foram inauguradas no dia 24 de maio. Esta obra representa um investimento total de 230.947,50\u20ac, do Munic\u00edpio de Porto de M\u00f3s, com uma comparticipa\u00e7\u00e3o do Apoio financeiro da Uni\u00e3o Europeia de 196.072,65\u20ac, no \u00e2mbito do Programa Operacional Regional do Centro. As obras visaram melhorar a [&hellip;]<\/p>\n","protected":false},"author":2,"featured_media":16917,"comment_status":"open","ping_status":"open","sticky":false,"template":"","format":"standard","meta":{"footnotes":""},"categories":[6],"tags":[],"class_list":["post-16913","post","type-post","status-publish","format-standard","has-post-thumbnail","hentry","category-saude"],"_links":{"self":[{"href":"https:\/\/tintafresca.net\/index.php\/wp-json\/wp\/v2\/posts\/16913","targetHints":{"allow":["GET"]}}],"collection":[{"href":"https:\/\/tintafresca.net\/index.php\/wp-json\/wp\/v2\/posts"}],"about":[{"href":"https:\/\/tintafresca.net\/index.php\/wp-json\/wp\/v2\/types\/post"}],"author":[{"embeddable":true,"href":"https:\/\/tintafresca.net\/index.php\/wp-json\/wp\/v2\/users\/2"}],"replies":[{"embeddable":true,"href":"https:\/\/tintafresca.net\/index.php\/wp-json\/wp\/v2\/comments?post=16913"}],"version-history":[{"count":2,"href":"https:\/\/tintafresca.net\/index.php\/wp-json\/wp\/v2\/posts\/16913\/revisions"}],"predecessor-version":[{"id":16916,"href":"https:\/\/tintafresca.net\/index.php\/wp-json\/wp\/v2\/posts\/16913\/revisions\/16916"}],"wp:featuredmedia":[{"embeddable":true,"href":"https:\/\/tintafresca.net\/index.php\/wp-json\/wp\/v2\/media\/16917"}],"wp:attachment":[{"href":"https:\/\/tintafresca.net\/index.php\/wp-json\/wp\/v2\/media?parent=16913"}],"wp:term":[{"taxonomy":"category","embeddable":true,"href":"https:\/\/tintafresca.net\/index.php\/wp-json\/wp\/v2\/categories?post=16913"},{"taxonomy":"post_tag","embeddable":true,"href":"https:\/\/tintafresca.net\/index.php\/wp-json\/wp\/v2\/tags?post=16913"}],"curies":[{"name":"wp","href":"https:\/\/api.w.org\/{rel}","templated":true}]}}