{"id":16944,"date":"2022-05-27T22:33:10","date_gmt":"2022-05-27T22:33:10","guid":{"rendered":"https:\/\/tintafresca.net\/?p=16944"},"modified":"2022-05-27T22:37:51","modified_gmt":"2022-05-27T22:37:51","slug":"gnr-recolhe-coruja-do-mato-juvenil-em-colmeias","status":"publish","type":"post","link":"https:\/\/tintafresca.net\/index.php\/2022\/05\/27\/gnr-recolhe-coruja-do-mato-juvenil-em-colmeias\/","title":{"rendered":"GNR recolhe coruja-do-mato juvenil em Colmeias"},"content":{"rendered":"<div id=\"attachment_16946\" style=\"width: 510px\" class=\"wp-caption alignleft\"><img loading=\"lazy\" decoding=\"async\" aria-describedby=\"caption-attachment-16946\" class=\"wp-image-16946 size-full\" src=\"https:\/\/tintafresca.net\/wp-content\/uploads\/2022\/05\/GNR-Leiria-Recuperacao_Coruja10.jpg\" alt=\"\" width=\"500\" height=\"428\" srcset=\"https:\/\/tintafresca.net\/wp-content\/uploads\/2022\/05\/GNR-Leiria-Recuperacao_Coruja10.jpg 500w, https:\/\/tintafresca.net\/wp-content\/uploads\/2022\/05\/GNR-Leiria-Recuperacao_Coruja10-300x257.jpg 300w\" sizes=\"auto, (max-width: 500px) 100vw, 500px\" \/><p id=\"caption-attachment-16946\" class=\"wp-caption-text\">Coruja-do-mato recuperada pela GNR<\/p><\/div>\n<p class=\"wordsection1\" style=\"text-align: justify; line-height: 18.0pt; font-variant-ligatures: normal; font-variant-caps: normal; orphans: 2; widows: 2; -webkit-text-stroke-width: 0px; text-decoration-thickness: initial; text-decoration-style: initial; text-decoration-color: initial; word-spacing: 0px; margin: 0cm 11.85pt 6.0pt 0cm;\"><span style=\"color: black;\">O Comando Territorial de Leiria da GNR, atrav\u00e9s do N\u00facleo de Prote\u00e7\u00e3o do Ambiente (NPA) de Leiria, recolheu, dia 26 de maio, uma coruja-do-mato juvenil,\u00a0<i>Strix aluco<\/i>,\u00a0na localidade de Colmeias,\u00a0concelho de Leiria.<\/span><\/p>\n<p class=\"wordsection1\" style=\"text-align: justify; line-height: 18.0pt; font-variant-ligatures: normal; font-variant-caps: normal; orphans: 2; widows: 2; -webkit-text-stroke-width: 0px; text-decoration-thickness: initial; text-decoration-style: initial; text-decoration-color: initial; word-spacing: 0px; margin: 0cm 0cm 6.0pt 0cm;\"><span style=\"color: black;\">Ap\u00f3s o alerta de um popular, os elementos do NPA recolheram o exemplar da esp\u00e9cie coruja-do-mato juvenil que se encontrava no ch\u00e3o, n\u00e3o tendo sido poss\u00edvel localizar o seu ninho.<\/span><\/p>\n<p class=\"wordsection1\" style=\"text-align: justify; line-height: 18.0pt; font-variant-ligatures: normal; font-variant-caps: normal; orphans: 2; widows: 2; -webkit-text-stroke-width: 0px; text-decoration-thickness: initial; text-decoration-style: initial; text-decoration-color: initial; word-spacing: 0px; margin: 0cm 0cm 6.0pt 0cm;\"><span style=\"color: black;\">A ave foi entregue na Ecoteca do Parque Natural das Serras de Aire e Candeeiros (PNSAC), em Porto de M\u00f3s, para posterior encaminhamento para Centro de Recupera\u00e7\u00e3o de Animais Selvagens, em Montejunto.\u00a0<\/span><\/p>\n<p class=\"wordsection1\" style=\"line-height: 18.0pt; background: white; font-variant-ligatures: normal; font-variant-caps: normal; orphans: 2; text-align: start; widows: 2; -webkit-text-stroke-width: 0px; text-decoration-thickness: initial; text-decoration-style: initial; text-decoration-color: initial; word-spacing: 0px; margin: 0cm 0cm 6.0pt 0cm;\"><span style=\"color: black;\">A Guarda Nacional Republicana, atrav\u00e9s do Servi\u00e7o da Prote\u00e7\u00e3o da Natureza e do Ambiente (SEPNA), tem como preocupa\u00e7\u00e3o di\u00e1ria a prote\u00e7\u00e3o dos animais, apelando \u00e0 den\u00fancia de eventuais situa\u00e7\u00f5es de maus-tratos ou abandono. Para o efeito, poder\u00e1 ser utilizada a Linha SOS Ambiente e Territ\u00f3rio (808 200 520) funcionando em perman\u00eancia para a den\u00fancia de infra\u00e7\u00f5es ou esclarecimento de d\u00favidas.<\/span><\/p>\n<p><strong>\u00a0 \u00a0 Fonte: CTL|GNR<\/strong><\/p>\n","protected":false},"excerpt":{"rendered":"<p>O Comando Territorial de Leiria da GNR, atrav\u00e9s do N\u00facleo de Prote\u00e7\u00e3o do Ambiente (NPA) de Leiria, recolheu, dia 26 de maio, uma coruja-do-mato juvenil,\u00a0Strix aluco,\u00a0na localidade de Colmeias,\u00a0concelho de Leiria. Ap\u00f3s o alerta de um popular, os elementos do NPA recolheram o exemplar da esp\u00e9cie coruja-do-mato juvenil que se encontrava no ch\u00e3o, n\u00e3o tendo [&hellip;]<\/p>\n","protected":false},"author":2,"featured_media":16947,"comment_status":"open","ping_status":"open","sticky":false,"template":"","format":"standard","meta":{"footnotes":""},"categories":[9],"tags":[],"class_list":["post-16944","post","type-post","status-publish","format-standard","has-post-thumbnail","hentry","category-ambiente"],"_links":{"self":[{"href":"https:\/\/tintafresca.net\/index.php\/wp-json\/wp\/v2\/posts\/16944","targetHints":{"allow":["GET"]}}],"collection":[{"href":"https:\/\/tintafresca.net\/index.php\/wp-json\/wp\/v2\/posts"}],"about":[{"href":"https:\/\/tintafresca.net\/index.php\/wp-json\/wp\/v2\/types\/post"}],"author":[{"embeddable":true,"href":"https:\/\/tintafresca.net\/index.php\/wp-json\/wp\/v2\/users\/2"}],"replies":[{"embeddable":true,"href":"https:\/\/tintafresca.net\/index.php\/wp-json\/wp\/v2\/comments?post=16944"}],"version-history":[{"count":2,"href":"https:\/\/tintafresca.net\/index.php\/wp-json\/wp\/v2\/posts\/16944\/revisions"}],"predecessor-version":[{"id":16948,"href":"https:\/\/tintafresca.net\/index.php\/wp-json\/wp\/v2\/posts\/16944\/revisions\/16948"}],"wp:featuredmedia":[{"embeddable":true,"href":"https:\/\/tintafresca.net\/index.php\/wp-json\/wp\/v2\/media\/16947"}],"wp:attachment":[{"href":"https:\/\/tintafresca.net\/index.php\/wp-json\/wp\/v2\/media?parent=16944"}],"wp:term":[{"taxonomy":"category","embeddable":true,"href":"https:\/\/tintafresca.net\/index.php\/wp-json\/wp\/v2\/categories?post=16944"},{"taxonomy":"post_tag","embeddable":true,"href":"https:\/\/tintafresca.net\/index.php\/wp-json\/wp\/v2\/tags?post=16944"}],"curies":[{"name":"wp","href":"https:\/\/api.w.org\/{rel}","templated":true}]}}