{"id":16957,"date":"2022-05-28T15:03:30","date_gmt":"2022-05-28T15:03:30","guid":{"rendered":"https:\/\/tintafresca.net\/?p=16957"},"modified":"2022-05-28T15:03:30","modified_gmt":"2022-05-28T15:03:30","slug":"17-entidades-da-regiao-assinam-o-compromisso-de-mitigacao-das-alteracoes-climaticas-nos-servicos-de-aguas","status":"publish","type":"post","link":"https:\/\/tintafresca.net\/index.php\/2022\/05\/28\/17-entidades-da-regiao-assinam-o-compromisso-de-mitigacao-das-alteracoes-climaticas-nos-servicos-de-aguas\/","title":{"rendered":"17 entidades da regi\u00e3o assinam o compromisso de Mitiga\u00e7\u00e3o das Altera\u00e7\u00f5es Clim\u00e1ticas nos Servi\u00e7os de \u00c1guas"},"content":{"rendered":"<p><img loading=\"lazy\" decoding=\"async\" class=\"alignleft wp-image-16959\" src=\"https:\/\/tintafresca.net\/wp-content\/uploads\/2022\/05\/APDA.png\" alt=\"\" width=\"500\" height=\"190\" srcset=\"https:\/\/tintafresca.net\/wp-content\/uploads\/2022\/05\/APDA.png 616w, https:\/\/tintafresca.net\/wp-content\/uploads\/2022\/05\/APDA-300x114.png 300w\" sizes=\"auto, (max-width: 500px) 100vw, 500px\" \/>A terceira sess\u00e3o p\u00fablica de assinatura da \u201cDeclara\u00e7\u00e3o de Compromisso para Adapta\u00e7\u00e3o e Mitiga\u00e7\u00e3o das Altera\u00e7\u00f5es Clim\u00e1ticas nos Servi\u00e7os de \u00c1guas\u201d decorreu, no dia 24 de maio, no Centro de Interpreta\u00e7\u00e3o do Cais da Vala, em Salvaterra de Magos, juntando 17 entidades que assinaram o compromisso de boas pr\u00e1ticas ambientais.<\/p>\n<p>Assinaram o compromisso de Mitiga\u00e7\u00e3o das Altera\u00e7\u00f5es Clim\u00e1ticas nos Servi\u00e7os de \u00c1guas as C\u00e2maras Municipais do Bombarral, Leiria, Nazar\u00e9, no Distrito de Leiria, e de Abrantes, Goleg\u00e3, Our\u00e9m e Torres Novas, no Distrito de Santar\u00e9m, al\u00e9m da Comunidade Intermunicipal da Lez\u00edria do Tejo.<\/p>\n<p>Assinaram tamb\u00e9m o compromisso a A.S. &#8211; Empresa das \u00c1guas de Santar\u00e9m, Abrantaqua &#8211; Servi\u00e7o de \u00c1guas Residuais Urbanas do Munic\u00edpio de Abrantes, AdA &#8211; \u00c1guas de Alenquer, \u00c1guas da Azambuja, \u00c1guas do Lena, \u00c1guas do Ribatejo, Cart\u00e1gua &#8211; \u00c1guas do Cartaxo, APIN &#8211; Empresa Intermunicipal de Ambiente do Pinhal Interior, Aquanena &#8211; Empresa Municipal de \u00c1guas e Saneamento de Alcanena, Servi\u00e7os Municipalizados de Abrantes, Servi\u00e7os Municipalizados de \u00c1gua e Saneamento de Leiria, Servi\u00e7os Municipalizados de \u00c1gua e Saneamento de Torres Vedras, Servi\u00e7os Municipalizados da Nazar\u00e9, Tejo Ambiente &#8211; Empresa Intermunicipal de Ambiente do M\u00e9dio Tejo<\/p>\n<p><strong>Vereador Orlando Rodrigues representou a C\u00e2mara da Nazar\u00e9<\/strong><\/p>\n<p>Orlando Rodrigues, Vereador da C\u00e2mara Nazar\u00e9, esteve presente no ato oficial em representa\u00e7\u00e3o do Munic\u00edpio, e sublinhou a import\u00e2ncia do envolvimento de todos nesta miss\u00e3o ambiental.<\/p>\n<p>\u201cA assinatura desta declara\u00e7\u00e3o apenas refor\u00e7a as in\u00fameras a\u00e7\u00f5es que v\u00eam a ser desenvolvidas pelo Munic\u00edpio. Contudo, este \u00e9 um esfor\u00e7o premente de todos os cidad\u00e3os do mundo. Sem o esfor\u00e7o de todos, o planeta como o conhecemos deixar\u00e1 de existir, com consequ\u00eancias tremendas para quem nele habita.\u201d<\/p>\n<p>Com a assinatura do documento, as entidades declararam o seu empenho em impulsionar os esfor\u00e7os necess\u00e1rios para a Adapta\u00e7\u00e3o e a Mitiga\u00e7\u00e3o \u00e0s Altera\u00e7\u00f5es Clim\u00e1ticas, em particular no que se refere aos servi\u00e7os de \u00e1guas, para garantia das gera\u00e7\u00f5es futuras.<\/p>\n<p>Para a Associa\u00e7\u00e3o Portuguesa de Distribui\u00e7\u00e3o e Drenagem de \u00c1guas \u00e9 necess\u00e1rio aplicar o melhor conhecimento e experi\u00eancia em diagnosticar e prever os impactos que se geram na disponibilidade de \u00e1gua, tanto em qualidade como em quantidade, e em fen\u00f3menos extremos como as secas e inunda\u00e7\u00f5es, que est\u00e3o a aumentar em frequ\u00eancia e intensidade e que afetam e afetar\u00e3o de forma direta os servi\u00e7os de abastecimento e saneamento.<\/p>\n<p>\u201cNo setor das \u00e1guas deve promover-se igualmente a implementa\u00e7\u00e3o de medidas de mitiga\u00e7\u00e3o, entre as quais se destacam as relacionadas com a economia circular e com a melhoria da efici\u00eancia energ\u00e9tica, h\u00eddrica e do aproveitamento dos recursos naturais, com o objetivo de diminuir a pegada de carbono\u201d, refere a APDA, para quem o servi\u00e7o de abastecimento e saneamento de \u00e1gua urbana \u201cpode ir mais longe no seu dever de apoiar, propor e operacionalizar estrat\u00e9gias e medidas para o combate \u00e0 emerg\u00eancia clim\u00e1tica\u201d.<\/p>\n<p>A APDA foi criada em 2017 e re\u00fane elementos de diversas entidades representativas de v\u00e1rias regi\u00f5es do pa\u00eds, desde Entidades Gestoras, Prote\u00e7\u00e3o Civil e Academia, debatem este tema desenvolvendo ferramentas de apoio \u00e0 adapta\u00e7\u00e3o por parte do setor.<\/p>\n<p>Elaborada pela Comiss\u00e3o Especializada de Adapta\u00e7\u00e3o \u00e0s Altera\u00e7\u00f5es Clim\u00e1ticas da APDA, a declara\u00e7\u00e3o visa firmar a inten\u00e7\u00e3o de todos os intervenientes no setor a agir de forma consciente e eficiente face a este que, atualmente, \u00e9 o maior desafio que os servi\u00e7os de \u00e1gua enfrentam. O argumento \u00e9 mais do que v\u00e1lido para o setor se unir, uma vez que, ao atuar em conjunto e em un\u00edssono, os resultados, embora pendentes da imprevisibilidade clim\u00e1tica, t\u00eam maior probabilidade de sucesso.<\/p>\n<p><strong>Fonte: SM|GCI|CMA e APDA<\/strong><\/p>\n","protected":false},"excerpt":{"rendered":"<p>A terceira sess\u00e3o p\u00fablica de assinatura da \u201cDeclara\u00e7\u00e3o de Compromisso para Adapta\u00e7\u00e3o e Mitiga\u00e7\u00e3o das Altera\u00e7\u00f5es Clim\u00e1ticas nos Servi\u00e7os de \u00c1guas\u201d decorreu, no dia 24 de maio, no Centro de Interpreta\u00e7\u00e3o do Cais da Vala, em Salvaterra de Magos, juntando 17 entidades que assinaram o compromisso de boas pr\u00e1ticas ambientais. Assinaram o compromisso de Mitiga\u00e7\u00e3o [&hellip;]<\/p>\n","protected":false},"author":2,"featured_media":16961,"comment_status":"open","ping_status":"open","sticky":false,"template":"","format":"standard","meta":{"footnotes":""},"categories":[9],"tags":[],"class_list":["post-16957","post","type-post","status-publish","format-standard","has-post-thumbnail","hentry","category-ambiente"],"_links":{"self":[{"href":"https:\/\/tintafresca.net\/index.php\/wp-json\/wp\/v2\/posts\/16957","targetHints":{"allow":["GET"]}}],"collection":[{"href":"https:\/\/tintafresca.net\/index.php\/wp-json\/wp\/v2\/posts"}],"about":[{"href":"https:\/\/tintafresca.net\/index.php\/wp-json\/wp\/v2\/types\/post"}],"author":[{"embeddable":true,"href":"https:\/\/tintafresca.net\/index.php\/wp-json\/wp\/v2\/users\/2"}],"replies":[{"embeddable":true,"href":"https:\/\/tintafresca.net\/index.php\/wp-json\/wp\/v2\/comments?post=16957"}],"version-history":[{"count":2,"href":"https:\/\/tintafresca.net\/index.php\/wp-json\/wp\/v2\/posts\/16957\/revisions"}],"predecessor-version":[{"id":16960,"href":"https:\/\/tintafresca.net\/index.php\/wp-json\/wp\/v2\/posts\/16957\/revisions\/16960"}],"wp:featuredmedia":[{"embeddable":true,"href":"https:\/\/tintafresca.net\/index.php\/wp-json\/wp\/v2\/media\/16961"}],"wp:attachment":[{"href":"https:\/\/tintafresca.net\/index.php\/wp-json\/wp\/v2\/media?parent=16957"}],"wp:term":[{"taxonomy":"category","embeddable":true,"href":"https:\/\/tintafresca.net\/index.php\/wp-json\/wp\/v2\/categories?post=16957"},{"taxonomy":"post_tag","embeddable":true,"href":"https:\/\/tintafresca.net\/index.php\/wp-json\/wp\/v2\/tags?post=16957"}],"curies":[{"name":"wp","href":"https:\/\/api.w.org\/{rel}","templated":true}]}}