{"id":16962,"date":"2022-05-28T15:15:12","date_gmt":"2022-05-28T15:15:12","guid":{"rendered":"https:\/\/tintafresca.net\/?p=16962"},"modified":"2022-05-28T15:18:57","modified_gmt":"2022-05-28T15:18:57","slug":"museu-de-leiria-ganha-premio-da-associacao-portuguesa-de-museologia-com-projeto-avenida-cultural","status":"publish","type":"post","link":"https:\/\/tintafresca.net\/index.php\/2022\/05\/28\/museu-de-leiria-ganha-premio-da-associacao-portuguesa-de-museologia-com-projeto-avenida-cultural\/","title":{"rendered":"Museu de Leiria ganha pr\u00e9mio da Associa\u00e7\u00e3o Portuguesa de Museologia com projeto Avenida Cultural"},"content":{"rendered":"<div id=\"attachment_16964\" style=\"width: 510px\" class=\"wp-caption alignleft\"><img loading=\"lazy\" decoding=\"async\" aria-describedby=\"caption-attachment-16964\" class=\"wp-image-16964\" src=\"https:\/\/tintafresca.net\/wp-content\/uploads\/2022\/05\/Leiria_Rua_Herois_Angola.jpg\" alt=\"\" width=\"500\" height=\"375\" srcset=\"https:\/\/tintafresca.net\/wp-content\/uploads\/2022\/05\/Leiria_Rua_Herois_Angola.jpg 640w, https:\/\/tintafresca.net\/wp-content\/uploads\/2022\/05\/Leiria_Rua_Herois_Angola-300x225.jpg 300w\" sizes=\"auto, (max-width: 500px) 100vw, 500px\" \/><p id=\"caption-attachment-16964\" class=\"wp-caption-text\">Rua Her\u00f3is de Angola<\/p><\/div>\n<p>A iniciativa \u201cAvenida Cultural \u2013 Cidade de Leiria: Tamanho e Desenho\u201d recebeu esta sexta-feira, dia 27 de maio, na Amadora, o pr\u00e9mio na categoria de Marketing e Merchandising Cultural, atribu\u00eddo pela Associa\u00e7\u00e3o Portuguesa de Museologia (APOM).<\/p>\n<p>Inaugurado na Avenida Her\u00f3is de Angola em novembro de 2021 e em exibi\u00e7\u00e3o at\u00e9 ao final deste ano, o projeto apresenta 14 imagens da evolu\u00e7\u00e3o urbana de Leiria ao longo dos tempos, representativas da necessidade de mais \u201cTamanho\u201d para que melhor se usufrua do \u201cDesenho\u201d, numa \u00f3tica de partilha ampliada do legado hist\u00f3rico, art\u00edstico, urban\u00edstico, cartogr\u00e1fico e cultural da regi\u00e3o.<\/p>\n<p>Diretamente relacionada com a exposi\u00e7\u00e3o \u201cCidade de Leiria: Tamanho e Desenho\u201d, patente no Museu de Leiria desde novembro de 2020, o evento consistiu na instala\u00e7\u00e3o de 26 pain\u00e9is que documentam, de forma mais desenvolvida, a evolu\u00e7\u00e3o do urbanismo da cidade, tendo por base cartografia, estudos, planos e outra documenta\u00e7\u00e3o hist\u00f3rica e arqueol\u00f3gica.<\/p>\n<p>A par da cria\u00e7\u00e3o de um site, foi ainda editada uma brochura de 30 p\u00e1ginas, dispon\u00edvel gratuitamente no Museu, bem como um conjunto de postais correspondentes \u00e0s imagens da exposi\u00e7\u00e3o, distribu\u00eddos pelos 14 estabelecimentos comerciais que, atrav\u00e9s da ACILIS \u2013 Associa\u00e7\u00e3o de Com\u00e9rcio, Ind\u00fastria e Servi\u00e7os da Regi\u00e3o de Leiria, aderiram ao projeto: O Saltit\u00e3o, Av\u00f3 I, S\u00e3o \u00d3pticas, Pel\u2019Arte, Ferragens Huambo, Ergovis\u00e3o, Cavalinho, Giovanni Galli, Modas Tenda, Mois\u00e9s Joalheiros, Docelar, Pluricosm\u00e9tica, Ponto negro e United Colors of Benetton.<\/p>\n<p>Em exposi\u00e7\u00e3o junto ao Teatro Jos\u00e9 L\u00facio da Silva, a iniciativa contou com a colabora\u00e7\u00e3o da R\u00e1dio T\u00e1xis Ideal de Leira, a T\u00e1xiDigital Leiria e a T\u00e1xis Anabela &amp; Ramiro, que disponibilizaram as suas viaturas para divulga\u00e7\u00e3o e para distribui\u00e7\u00e3o de informa\u00e7\u00e3o junto dos seus utentes.<\/p>\n<p>O \u201cAvenida Cultural \u2013 Cidade de Leiria: Tamanho e Desenho\u201d, que visa contribuir para a dinamiza\u00e7\u00e3o cultural e a revitaliza\u00e7\u00e3o do com\u00e9rcio local, tem como comiss\u00e1rio cient\u00edfico o arquiteto Ant\u00f3nio Moreira Figueiredo e resulta do trabalho conjunto da Divis\u00e3o de Museus e Patrim\u00f3nio Cultural, da Divis\u00e3o de Comunica\u00e7\u00e3o e Rela\u00e7\u00f5es P\u00fablicas e da Divis\u00e3o de Planeamento e Ordenamento do Territ\u00f3rio da C\u00e2mara Municipal.<\/p>\n<p>Para al\u00e9m deste pr\u00e9mio, o Museu de Leiria recebeu ainda uma men\u00e7\u00e3o honrosa na categoria Projeto de Educa\u00e7\u00e3o e Media\u00e7\u00e3o Cultural, com a iniciativa \u201cPl\u00e1stico com Ritmo\u201d, um evento integrado inserido na exposi\u00e7\u00e3o \u201cPlasticidade \u2013 Uma Hist\u00f3ria dos Pl\u00e1sticos em Portugal\u201d, que, em parceira com o Agrupamento de Escolas de Marrazes e orquestrado pelo professor Joaquim Alves, pretendeu capitalizar energias, criar rela\u00e7\u00f5es salutares de vizinhan\u00e7a e valorizar a \u00e9tica do cuidado e o respeito pelo outro e pelo territ\u00f3rio, usando atividades l\u00fadico-musicais como denominador comum.<\/p>\n<p><strong> \u00a0 \u00a0Fonte: DCRP|CML<\/strong><\/p>\n","protected":false},"excerpt":{"rendered":"<p>A iniciativa \u201cAvenida Cultural \u2013 Cidade de Leiria: Tamanho e Desenho\u201d recebeu esta sexta-feira, dia 27 de maio, na Amadora, o pr\u00e9mio na categoria de Marketing e Merchandising Cultural, atribu\u00eddo pela Associa\u00e7\u00e3o Portuguesa de Museologia (APOM). Inaugurado na Avenida Her\u00f3is de Angola em novembro de 2021 e em exibi\u00e7\u00e3o at\u00e9 ao final deste ano, o [&hellip;]<\/p>\n","protected":false},"author":2,"featured_media":16965,"comment_status":"open","ping_status":"open","sticky":false,"template":"","format":"standard","meta":{"footnotes":""},"categories":[10],"tags":[],"class_list":["post-16962","post","type-post","status-publish","format-standard","has-post-thumbnail","hentry","category-patrimonio"],"_links":{"self":[{"href":"https:\/\/tintafresca.net\/index.php\/wp-json\/wp\/v2\/posts\/16962","targetHints":{"allow":["GET"]}}],"collection":[{"href":"https:\/\/tintafresca.net\/index.php\/wp-json\/wp\/v2\/posts"}],"about":[{"href":"https:\/\/tintafresca.net\/index.php\/wp-json\/wp\/v2\/types\/post"}],"author":[{"embeddable":true,"href":"https:\/\/tintafresca.net\/index.php\/wp-json\/wp\/v2\/users\/2"}],"replies":[{"embeddable":true,"href":"https:\/\/tintafresca.net\/index.php\/wp-json\/wp\/v2\/comments?post=16962"}],"version-history":[{"count":2,"href":"https:\/\/tintafresca.net\/index.php\/wp-json\/wp\/v2\/posts\/16962\/revisions"}],"predecessor-version":[{"id":16966,"href":"https:\/\/tintafresca.net\/index.php\/wp-json\/wp\/v2\/posts\/16962\/revisions\/16966"}],"wp:featuredmedia":[{"embeddable":true,"href":"https:\/\/tintafresca.net\/index.php\/wp-json\/wp\/v2\/media\/16965"}],"wp:attachment":[{"href":"https:\/\/tintafresca.net\/index.php\/wp-json\/wp\/v2\/media?parent=16962"}],"wp:term":[{"taxonomy":"category","embeddable":true,"href":"https:\/\/tintafresca.net\/index.php\/wp-json\/wp\/v2\/categories?post=16962"},{"taxonomy":"post_tag","embeddable":true,"href":"https:\/\/tintafresca.net\/index.php\/wp-json\/wp\/v2\/tags?post=16962"}],"curies":[{"name":"wp","href":"https:\/\/api.w.org\/{rel}","templated":true}]}}