{"id":16979,"date":"2022-05-29T11:11:38","date_gmt":"2022-05-29T11:11:38","guid":{"rendered":"https:\/\/tintafresca.net\/?p=16979"},"modified":"2022-05-29T11:42:47","modified_gmt":"2022-05-29T11:42:47","slug":"dispositivo-especial-de-combate-incendio-rural-apresentado-ao-municipio-da-nazare","status":"publish","type":"post","link":"https:\/\/tintafresca.net\/index.php\/2022\/05\/29\/dispositivo-especial-de-combate-incendio-rural-apresentado-ao-municipio-da-nazare\/","title":{"rendered":"Dispositivo especial de combate inc\u00eandio rural apresentado ao Munic\u00edpio da Nazar\u00e9"},"content":{"rendered":"<div id=\"attachment_16981\" style=\"width: 510px\" class=\"wp-caption alignleft\"><img loading=\"lazy\" decoding=\"async\" aria-describedby=\"caption-attachment-16981\" class=\"wp-image-16981 size-full\" src=\"https:\/\/tintafresca.net\/wp-content\/uploads\/2022\/05\/Nazare_EIP_bombeiros10.jpg\" alt=\"\" width=\"500\" height=\"210\" srcset=\"https:\/\/tintafresca.net\/wp-content\/uploads\/2022\/05\/Nazare_EIP_bombeiros10.jpg 500w, https:\/\/tintafresca.net\/wp-content\/uploads\/2022\/05\/Nazare_EIP_bombeiros10-300x126.jpg 300w\" sizes=\"auto, (max-width: 500px) 100vw, 500px\" \/><p id=\"caption-attachment-16981\" class=\"wp-caption-text\">Equipa de Interven\u00e7\u00e3o Permanente da Nazar\u00e9<\/p><\/div>\n<p>O Centro de Coordena\u00e7\u00e3o Operacional Distrital esteve na Nazar\u00e9 para apresentar o Dispositivo Especial de Combate Inc\u00eandios Rurais, no \u00e2mbito do Plano de Opera\u00e7\u00f5es Distrital para Leiria.<\/p>\n<p>Os briefings descentralizados servem para a apresenta\u00e7\u00e3o dos meios dispon\u00edveis e ausculta\u00e7\u00e3o das v\u00e1rias entidades (GNR, PSP, Pol\u00edcia Mar\u00edtima, Turismo de Portugal, INEM, For\u00e7as Armadas, ICNF, Seguran\u00e7a Social, Federa\u00e7\u00e3o dos Bombeiros, Infraestruturas de Portugal) para a prepara\u00e7\u00e3o dos pr\u00f3ximos meses.<\/p>\n<p>Walter Chicharro, presidente da C\u00e2mara Municipal, presidiu \u00e0 abertura dos trabalhos, tendo manifestado a disponibilidade do Munic\u00edpio para a colabora\u00e7\u00e3o com a Autoridade Nacional de Emerg\u00eancia e Prote\u00e7\u00e3o Civil caso seja solicitada.<\/p>\n<p>O autarca recordou o trabalho do Munic\u00edpio na capacita\u00e7\u00e3o do servi\u00e7o municipal de prote\u00e7\u00e3o civil para estas mat\u00e9rias e a colabora\u00e7\u00e3o com a Associa\u00e7\u00e3o Humanit\u00e1ria dos Bombeiros Volunt\u00e1rios da Nazar\u00e9, para o equipamento da corpora\u00e7\u00e3o e amplia\u00e7\u00e3o de resposta \u00e0s necessidades da popula\u00e7\u00e3o, designadamente, com a aprova\u00e7\u00e3o recente, em reuni\u00e3o de C\u00e2mara, da segunda EIP \u2013 Equipa de interven\u00e7\u00e3o permanente, constitu\u00edda por mais 5 homens, que ter\u00e3o como fun\u00e7\u00e3o manter a rea\u00e7\u00e3o de socorro no per\u00edodo em que o voluntariado n\u00e3o \u00e9 poss\u00edvel, j\u00e1 homologada pelo Minist\u00e9rio da tutela.<\/p>\n<p>Por sua vez, o vereador da C\u00e2mara com o Pelouro da Prote\u00e7\u00e3o Civil, Orlando Rodrigues, falou dos recursos existentes para um ver\u00e3o que re\u00fane condi\u00e7\u00f5es para ser complexo, devido \u00e0s condi\u00e7\u00f5es climat\u00e9ricas, e sublinhou \u201ca import\u00e2ncia de estarmos preparados para a resposta.\u201d<\/p>\n<p>O plano continuar\u00e1 a ser apresentado e a recolher contributos pelo distrito de Leiria, estando a divulga\u00e7\u00e3o oficial agendada para o pr\u00f3ximo dia 6 de junho, em Leiria, no Quartel dos Bombeiros Sapadores da cidade.<\/p>\n","protected":false},"excerpt":{"rendered":"<p>O Centro de Coordena\u00e7\u00e3o Operacional Distrital esteve na Nazar\u00e9 para apresentar o Dispositivo Especial de Combate Inc\u00eandios Rurais, no \u00e2mbito do Plano de Opera\u00e7\u00f5es Distrital para Leiria. Os briefings descentralizados servem para a apresenta\u00e7\u00e3o dos meios dispon\u00edveis e ausculta\u00e7\u00e3o das v\u00e1rias entidades (GNR, PSP, Pol\u00edcia Mar\u00edtima, Turismo de Portugal, INEM, For\u00e7as Armadas, ICNF, Seguran\u00e7a Social, [&hellip;]<\/p>\n","protected":false},"author":2,"featured_media":16983,"comment_status":"open","ping_status":"open","sticky":false,"template":"","format":"standard","meta":{"footnotes":""},"categories":[9],"tags":[],"class_list":["post-16979","post","type-post","status-publish","format-standard","has-post-thumbnail","hentry","category-ambiente"],"_links":{"self":[{"href":"https:\/\/tintafresca.net\/index.php\/wp-json\/wp\/v2\/posts\/16979","targetHints":{"allow":["GET"]}}],"collection":[{"href":"https:\/\/tintafresca.net\/index.php\/wp-json\/wp\/v2\/posts"}],"about":[{"href":"https:\/\/tintafresca.net\/index.php\/wp-json\/wp\/v2\/types\/post"}],"author":[{"embeddable":true,"href":"https:\/\/tintafresca.net\/index.php\/wp-json\/wp\/v2\/users\/2"}],"replies":[{"embeddable":true,"href":"https:\/\/tintafresca.net\/index.php\/wp-json\/wp\/v2\/comments?post=16979"}],"version-history":[{"count":3,"href":"https:\/\/tintafresca.net\/index.php\/wp-json\/wp\/v2\/posts\/16979\/revisions"}],"predecessor-version":[{"id":16984,"href":"https:\/\/tintafresca.net\/index.php\/wp-json\/wp\/v2\/posts\/16979\/revisions\/16984"}],"wp:featuredmedia":[{"embeddable":true,"href":"https:\/\/tintafresca.net\/index.php\/wp-json\/wp\/v2\/media\/16983"}],"wp:attachment":[{"href":"https:\/\/tintafresca.net\/index.php\/wp-json\/wp\/v2\/media?parent=16979"}],"wp:term":[{"taxonomy":"category","embeddable":true,"href":"https:\/\/tintafresca.net\/index.php\/wp-json\/wp\/v2\/categories?post=16979"},{"taxonomy":"post_tag","embeddable":true,"href":"https:\/\/tintafresca.net\/index.php\/wp-json\/wp\/v2\/tags?post=16979"}],"curies":[{"name":"wp","href":"https:\/\/api.w.org\/{rel}","templated":true}]}}