{"id":17019,"date":"2022-05-30T19:12:42","date_gmt":"2022-05-30T19:12:42","guid":{"rendered":"https:\/\/tintafresca.net\/?p=17019"},"modified":"2022-05-30T19:12:42","modified_gmt":"2022-05-30T19:12:42","slug":"gnr-resgata-cao-preso-em-ravina-de-salir-do-porto","status":"publish","type":"post","link":"https:\/\/tintafresca.net\/index.php\/2022\/05\/30\/gnr-resgata-cao-preso-em-ravina-de-salir-do-porto\/","title":{"rendered":"GNR resgata c\u00e3o preso em ravina de Salir do Porto"},"content":{"rendered":"<div id=\"attachment_17021\" style=\"width: 510px\" class=\"wp-caption alignleft\"><img loading=\"lazy\" decoding=\"async\" aria-describedby=\"caption-attachment-17021\" class=\"wp-image-17021 size-full\" src=\"https:\/\/tintafresca.net\/wp-content\/uploads\/2022\/05\/GNR_Caldas_Resgate_cao20.jpg\" alt=\"\" width=\"500\" height=\"797\" srcset=\"https:\/\/tintafresca.net\/wp-content\/uploads\/2022\/05\/GNR_Caldas_Resgate_cao20.jpg 500w, https:\/\/tintafresca.net\/wp-content\/uploads\/2022\/05\/GNR_Caldas_Resgate_cao20-188x300.jpg 188w\" sizes=\"auto, (max-width: 500px) 100vw, 500px\" \/><p id=\"caption-attachment-17021\" class=\"wp-caption-text\">Militares da GNR resgataram o animal<\/p><\/div>\n<p>O Comando Territorial de Leiria da GNR, atrav\u00e9s do Posto Territorial de Caldas da Rainha, no dia 26 de maio, resgatou um can\u00eddeo, na localidade de Salir do Porto, no concelho de Caldas da Rainha.<\/p>\n<p>No seguimento de um alerta por parte de populares a dar conta que um can\u00eddeo se encontrava nas arribas junto ao mar, aparentemente abandonado, os militares da Guarda deslocaram-se de imediato ao local, onde detetaram que o animal que estava num local de dif\u00edcil acesso. No decorrer da a\u00e7\u00e3o foram encetadas dilig\u00eancias, com o apoio dos Bombeiros Volunt\u00e1rios de Caldas da Rainha, que permitiram aceder ao local e resgatar o can\u00eddeo que se encontrava num estado debilitado e desidratado.<\/p>\n<p>Ap\u00f3s o seu resgate foi poss\u00edvel verificar-se que o animal era portador de microchip, encontrando-se registado na base de dados do Sistema de Informa\u00e7\u00e3o de Animais de Companhia (SIAC), o que permitiu apurar que se tratava de um can\u00eddeo desaparecido desde o dia 2 de maio e contactar a sua propriet\u00e1ria.<\/p>\n<div id=\"attachment_17022\" style=\"width: 510px\" class=\"wp-caption alignleft\"><img loading=\"lazy\" decoding=\"async\" aria-describedby=\"caption-attachment-17022\" class=\"wp-image-17022 size-full\" src=\"https:\/\/tintafresca.net\/wp-content\/uploads\/2022\/05\/GNR_Caldas_Resgate_cao10.jpg\" alt=\"\" width=\"500\" height=\"666\" srcset=\"https:\/\/tintafresca.net\/wp-content\/uploads\/2022\/05\/GNR_Caldas_Resgate_cao10.jpg 500w, https:\/\/tintafresca.net\/wp-content\/uploads\/2022\/05\/GNR_Caldas_Resgate_cao10-225x300.jpg 225w\" sizes=\"auto, (max-width: 500px) 100vw, 500px\" \/><p id=\"caption-attachment-17022\" class=\"wp-caption-text\">C\u00e3o j\u00e1 est\u00e1 no canil<\/p><\/div>\n<p>O animal foi entregue no Canil Municipal de Caldas da Rainha para monitoriza\u00e7\u00e3o do seu estado de sa\u00fade e para posterior entrega \u00e0 sua propriet\u00e1ria.<\/p>\n<p>A Guarda Nacional Republicana, atrav\u00e9s do Servi\u00e7o da Prote\u00e7\u00e3o da Natureza e do Ambiente (SEPNA), tem como preocupa\u00e7\u00e3o di\u00e1ria a prote\u00e7\u00e3o dos animais, apelando \u00e0 den\u00fancia de eventuais situa\u00e7\u00f5es de maus-tratos ou abandono. Para o efeito, poder\u00e1 ser utilizada a Linha SOS Ambiente e Territ\u00f3rio (808 200 520) funcionando em perman\u00eancia para a den\u00fancia de infra\u00e7\u00f5es ou esclarecimento de d\u00favidas.<\/p>\n<p><strong>\u00a0 \u00a0 \u00a0Fonte: CTL|GNR<\/strong><\/p>\n","protected":false},"excerpt":{"rendered":"<p>O Comando Territorial de Leiria da GNR, atrav\u00e9s do Posto Territorial de Caldas da Rainha, no dia 26 de maio, resgatou um can\u00eddeo, na localidade de Salir do Porto, no concelho de Caldas da Rainha. No seguimento de um alerta por parte de populares a dar conta que um can\u00eddeo se encontrava nas arribas junto [&hellip;]<\/p>\n","protected":false},"author":2,"featured_media":17023,"comment_status":"open","ping_status":"open","sticky":false,"template":"","format":"standard","meta":{"footnotes":""},"categories":[9],"tags":[],"class_list":["post-17019","post","type-post","status-publish","format-standard","has-post-thumbnail","hentry","category-ambiente"],"_links":{"self":[{"href":"https:\/\/tintafresca.net\/index.php\/wp-json\/wp\/v2\/posts\/17019","targetHints":{"allow":["GET"]}}],"collection":[{"href":"https:\/\/tintafresca.net\/index.php\/wp-json\/wp\/v2\/posts"}],"about":[{"href":"https:\/\/tintafresca.net\/index.php\/wp-json\/wp\/v2\/types\/post"}],"author":[{"embeddable":true,"href":"https:\/\/tintafresca.net\/index.php\/wp-json\/wp\/v2\/users\/2"}],"replies":[{"embeddable":true,"href":"https:\/\/tintafresca.net\/index.php\/wp-json\/wp\/v2\/comments?post=17019"}],"version-history":[{"count":2,"href":"https:\/\/tintafresca.net\/index.php\/wp-json\/wp\/v2\/posts\/17019\/revisions"}],"predecessor-version":[{"id":17024,"href":"https:\/\/tintafresca.net\/index.php\/wp-json\/wp\/v2\/posts\/17019\/revisions\/17024"}],"wp:featuredmedia":[{"embeddable":true,"href":"https:\/\/tintafresca.net\/index.php\/wp-json\/wp\/v2\/media\/17023"}],"wp:attachment":[{"href":"https:\/\/tintafresca.net\/index.php\/wp-json\/wp\/v2\/media?parent=17019"}],"wp:term":[{"taxonomy":"category","embeddable":true,"href":"https:\/\/tintafresca.net\/index.php\/wp-json\/wp\/v2\/categories?post=17019"},{"taxonomy":"post_tag","embeddable":true,"href":"https:\/\/tintafresca.net\/index.php\/wp-json\/wp\/v2\/tags?post=17019"}],"curies":[{"name":"wp","href":"https:\/\/api.w.org\/{rel}","templated":true}]}}