{"id":17185,"date":"2022-06-04T22:05:36","date_gmt":"2022-06-04T22:05:36","guid":{"rendered":"https:\/\/tintafresca.net\/?p=17185"},"modified":"2022-06-04T23:34:59","modified_gmt":"2022-06-04T23:34:59","slug":"presidente-da-camara-do-cartaxo-da-aula-de-karate-no-dia-mundial-da-crianca-para-promover-a-pratica-desportiva","status":"publish","type":"post","link":"https:\/\/tintafresca.net\/index.php\/2022\/06\/04\/presidente-da-camara-do-cartaxo-da-aula-de-karate-no-dia-mundial-da-crianca-para-promover-a-pratica-desportiva\/","title":{"rendered":"Presidente da C\u00e2mara do Cartaxo d\u00e1 aula de karat\u00e9 no Dia Mundial da Crian\u00e7a para promover a pr\u00e1tica desportiva"},"content":{"rendered":"<div id=\"attachment_17187\" style=\"width: 510px\" class=\"wp-caption alignleft\"><img loading=\"lazy\" decoding=\"async\" aria-describedby=\"caption-attachment-17187\" class=\"wp-image-17187 size-full\" src=\"https:\/\/tintafresca.net\/wp-content\/uploads\/2022\/06\/Cartaxo_aula_karate_presidente10.jpg\" alt=\"\" width=\"500\" height=\"374\" srcset=\"https:\/\/tintafresca.net\/wp-content\/uploads\/2022\/06\/Cartaxo_aula_karate_presidente10.jpg 500w, https:\/\/tintafresca.net\/wp-content\/uploads\/2022\/06\/Cartaxo_aula_karate_presidente10-300x224.jpg 300w\" sizes=\"auto, (max-width: 500px) 100vw, 500px\" \/><p id=\"caption-attachment-17187\" class=\"wp-caption-text\">Jo\u00e3o Ferreira Heitor aceitou o convite e as crian\u00e7as da Escola B\u00e1sica Jos\u00e9 Tagarro aderiram com entusiasmo a uma aula muito diferente do habitual<\/p><\/div>\n<p>O Agrupamento de Escolas Marcelino Mesquita do Cartaxo (AEMMC) convidou o presidente da C\u00e2mara Municipal a vestir o Kimono no Dia Mundial da Crian\u00e7a. Jo\u00e3o Ferreira Heitor aceitou o convite e as crian\u00e7as da Escola B\u00e1sica Jos\u00e9 Tagarro aderiram com entusiasmo a uma aula muito diferente do habitual.<\/p>\n<p>O autarca, tamb\u00e9m presidente da dire\u00e7\u00e3o e diretor t\u00e9cnico da Associa\u00e7\u00e3o Nacional de Karat\u00e9 &#8211; Portugal (ANK-P), vestiu o Kimono para \u201coferecer \u00e0s crian\u00e7as uma tarde diferente e para lhes dar a conhecer uma modalidade que alia a pr\u00e1tica desportiva \u00e0 promo\u00e7\u00e3o de valores como o car\u00e1ter, a sinceridade, o esfor\u00e7o, a etiqueta e o autocontrolo, que o presidente da C\u00e2mara Municipal considera \u201cessenciais ao desenvolvimento harmonioso das crian\u00e7as e \u00e0 constru\u00e7\u00e3o de uma comunidade com mais sa\u00fade f\u00edsica e mental, mas tamb\u00e9m mais tolerante e resiliente\u201d.<\/p>\n<p>Jo\u00e3o Ferreira Heitor defende que \u201co desporto enquanto ferramenta de prepara\u00e7\u00e3o das crian\u00e7as e jovens para a vida, assume, no contexto escolar, um papel muito importante na modela\u00e7\u00e3o da personalidade, permitindo-lhes experimentar diferentes modalidades, sejam coletivas ou individuais e, em simult\u00e2neo, promover h\u00e1bitos de vida mais saud\u00e1veis\u201d.<\/p>\n<p>A experi\u00eancia \u201cfoi muito gratificante pelo bom acolhimento por parte de todos os docentes e n\u00e3o docentes, bem como pelo interesse e entusiasmo manifestado pelas crian\u00e7as, que \u00e9 sempre a melhor das recompensas\u201d, afirmou o autarca.<\/p>\n<p>Para Jorge Tavares, diretor do AEMMC, \u201ca presen\u00e7a do presidente da C\u00e2mara Municipal, numa aula de Karat\u00e9, foi importante para as crian\u00e7as e adultos da Escola B\u00e1sica Jos\u00e9 Tagarro, tamb\u00e9m porque se trata de uma escola em que este \u00e9 encarregado de educa\u00e7\u00e3o. Foi uma hora de conv\u00edvio, de camaradagem e de transmiss\u00e3o de valores ancestrais que enriquecem a alma humana.\u201d<\/p>\n<p>A aula de Karat\u00e9 contou com a presen\u00e7a do diretor do AEMMC, Jorge Tavares, da professora coordenadora Maria de S\u00e3o Jos\u00e9, assim como, dos docentes e n\u00e3o docentes da Escola Jos\u00e9 Tagarro.<\/p>\n<p>Fonte: MS|GIC|CMC<\/p>\n","protected":false},"excerpt":{"rendered":"<p>O Agrupamento de Escolas Marcelino Mesquita do Cartaxo (AEMMC) convidou o presidente da C\u00e2mara Municipal a vestir o Kimono no Dia Mundial da Crian\u00e7a. Jo\u00e3o Ferreira Heitor aceitou o convite e as crian\u00e7as da Escola B\u00e1sica Jos\u00e9 Tagarro aderiram com entusiasmo a uma aula muito diferente do habitual. O autarca, tamb\u00e9m presidente da dire\u00e7\u00e3o e [&hellip;]<\/p>\n","protected":false},"author":2,"featured_media":17190,"comment_status":"open","ping_status":"open","sticky":false,"template":"","format":"standard","meta":{"footnotes":""},"categories":[7],"tags":[],"class_list":["post-17185","post","type-post","status-publish","format-standard","has-post-thumbnail","hentry","category-economia"],"_links":{"self":[{"href":"https:\/\/tintafresca.net\/index.php\/wp-json\/wp\/v2\/posts\/17185","targetHints":{"allow":["GET"]}}],"collection":[{"href":"https:\/\/tintafresca.net\/index.php\/wp-json\/wp\/v2\/posts"}],"about":[{"href":"https:\/\/tintafresca.net\/index.php\/wp-json\/wp\/v2\/types\/post"}],"author":[{"embeddable":true,"href":"https:\/\/tintafresca.net\/index.php\/wp-json\/wp\/v2\/users\/2"}],"replies":[{"embeddable":true,"href":"https:\/\/tintafresca.net\/index.php\/wp-json\/wp\/v2\/comments?post=17185"}],"version-history":[{"count":2,"href":"https:\/\/tintafresca.net\/index.php\/wp-json\/wp\/v2\/posts\/17185\/revisions"}],"predecessor-version":[{"id":17188,"href":"https:\/\/tintafresca.net\/index.php\/wp-json\/wp\/v2\/posts\/17185\/revisions\/17188"}],"wp:featuredmedia":[{"embeddable":true,"href":"https:\/\/tintafresca.net\/index.php\/wp-json\/wp\/v2\/media\/17190"}],"wp:attachment":[{"href":"https:\/\/tintafresca.net\/index.php\/wp-json\/wp\/v2\/media?parent=17185"}],"wp:term":[{"taxonomy":"category","embeddable":true,"href":"https:\/\/tintafresca.net\/index.php\/wp-json\/wp\/v2\/categories?post=17185"},{"taxonomy":"post_tag","embeddable":true,"href":"https:\/\/tintafresca.net\/index.php\/wp-json\/wp\/v2\/tags?post=17185"}],"curies":[{"name":"wp","href":"https:\/\/api.w.org\/{rel}","templated":true}]}}