{"id":17201,"date":"2022-06-05T12:46:26","date_gmt":"2022-06-05T12:46:26","guid":{"rendered":"https:\/\/tintafresca.net\/?p=17201"},"modified":"2022-06-06T08:34:39","modified_gmt":"2022-06-06T08:34:39","slug":"presidente-da-republica-inaugura-fna-22-destacando-o-avanco-tecnologico-da-agricultura","status":"publish","type":"post","link":"https:\/\/tintafresca.net\/index.php\/2022\/06\/05\/presidente-da-republica-inaugura-fna-22-destacando-o-avanco-tecnologico-da-agricultura\/","title":{"rendered":"Presidente da Rep\u00fablica inaugura FNA 22 destacando o avan\u00e7o tecnol\u00f3gico da agricultura"},"content":{"rendered":"<div id=\"attachment_17203\" style=\"width: 510px\" class=\"wp-caption alignleft\"><img loading=\"lazy\" decoding=\"async\" aria-describedby=\"caption-attachment-17203\" class=\"wp-image-17203 size-full\" src=\"https:\/\/tintafresca.net\/wp-content\/uploads\/2022\/06\/Santarem_FNA22_Presidente_da_Republica10.jpg\" alt=\"\" width=\"500\" height=\"333\" srcset=\"https:\/\/tintafresca.net\/wp-content\/uploads\/2022\/06\/Santarem_FNA22_Presidente_da_Republica10.jpg 500w, https:\/\/tintafresca.net\/wp-content\/uploads\/2022\/06\/Santarem_FNA22_Presidente_da_Republica10-300x200.jpg 300w\" sizes=\"auto, (max-width: 500px) 100vw, 500px\" \/><p id=\"caption-attachment-17203\" class=\"wp-caption-text\">Marcelo Rebelo de Sousa foi recebido pelos tradicionais campinos do Ribatejo<\/p><\/div>\n<p>O Presidente da Rep\u00fablica, Marcelo Rebelo de Sousa, inaugurou no dia 4 de junho a 58\u00aa Feira Nacional de Agricultura \/ 68\u00aa Feira do Ribatejo, evento que decorre no Centro Nacional de Exposi\u00e7\u00f5es, em Santar\u00e9m, at\u00e9 ao pr\u00f3ximo dia 12,\u00a0 que tem como tema a \u201cInova\u00e7\u00e3o e Tecnologia\u201d e real\u00e7ou \u201cuma feira mais forte, mais virada para o futuro, mais din\u00e2mica e tecnologicamente mais evolu\u00edda\u201d.<\/p>\n<p>O Chefe de Estado portugu\u00eas visitou muitas dos expositores presentes e salientou o salto tecnol\u00f3gico das empresas e dos meios dispon\u00edveis e \u201ca evolu\u00e7\u00e3o que a agricultura teve nos \u00faltimos anos, com muito m\u00e9rito dos agricultores e de todos aqueles que os representam\u201d.<\/p>\n<p>\u201cPor isso \u00e9 muito motivador aqui estar e verificar que existem mudan\u00e7as na qualidade, no conhecimento, na forma\u00e7\u00e3o, no avan\u00e7o da tecnologia e o que isso significa para a evolu\u00e7\u00e3o da agricultura portuguesa.\u201d<\/p>\n<p>Destacando a presen\u00e7a da ministra da Agricultura, Maria do C\u00e9u Antunes, que o acompanhou durante a visita \u00e0 FNA 22, afirmou que a respons\u00e1vel pela pasta agr\u00edcola \u201cest\u00e1 atenta aquilo que se pode fazer, est\u00e1 a fazer e vai fazer para tirar partido da din\u00e2mica da agricultura portuguesa\u201d.<\/p>\n<p>Relativamente \u00e0s declara\u00e7\u00f5es desta respons\u00e1vel, que anunciou a ambi\u00e7\u00e3o de duplicar a produ\u00e7\u00e3o nacional de cereais, disse que \u201c\u00e9 uma boa aposta da agricultura e dos agricultores portugueses em conjunto naquilo que foi em v\u00e1rios momentos da nossa hist\u00f3ria uma riqueza nacional.\u201d<\/p>\n<p>Durante o primeiro dia da FNA 22 , Dia do Munic\u00edpio de Alpiar\u00e7a, esteve em foco o \u201cRibatejo em Festa\u201d com realce para o Desfile de Campinos e Cavaleiros pelo centro da cidade de Santar\u00e9m, os treinos de forcados com agrupamentos de v\u00e1rias regi\u00f5es do pa\u00eds e para o Campeonato Nacional de Equita\u00e7\u00e3o do Trabalho.<\/p>\n<p>Na Nave A, a qualidade dos produtos apresentados n\u00e3o deixam ningu\u00e9m indiferente e o p\u00fablico p\u00f4de fazer provas de degusta\u00e7\u00e3o no espa\u00e7o destinado \u00e0 Cozinha ao Vivo e inscrever-se nos Laborat\u00f3rios do Gosto (Azeite, Vinho, Aguardente, Mel e Queijo), iniciativa que conta com v\u00e1rios especialistas.<\/p>\n<p>Ao final da noite a anima\u00e7\u00e3o foi a palavra de ordem com o concerto de David Carreira<\/p>\n<p>Domingo, Dia do Munic\u00edpio da Chamusca, destaque para a cerim\u00f3nia de entrega de pr\u00e9mios aos vencedores dos Concursos Nacionais de Produtos Tradicionais Portugueses. Durante o dia haver\u00e1 espa\u00e7o para Treinos de Forcados, Equita\u00e7\u00e3o do Trabalho, Provas de Dressage e Demonstra\u00e7\u00f5es de Ferra\u00e7\u00e3o. No Sal\u00e3o Prazer de Provar, \u201cProvas na Cozinha\u201d, Laborat\u00f3rios do Gosto, Portugal Sou Eu e a exposi\u00e7\u00e3o de muitos dos melhores produtos portugueses, n\u00e3o deixam de chamar a aten\u00e7\u00e3o do p\u00fablico.<\/p>\n<p>Recorde-se que a FNA 22 tem como objetivo abordar o aspeto tecnol\u00f3gico e inovador de diversas solu\u00e7\u00f5es j\u00e1 existentes. Estar no caminho do futuro \u00e9 conhecer e entender estas solu\u00e7\u00f5es e assim estarmos preparados para as p\u00f4r em pr\u00e1tica. Frequentes vezes, estas novas abordagens est\u00e3o em rela\u00e7\u00e3o direta com conceitos de sustentabilidade e respeito ambiental t\u00e3o relevantes para a manuten\u00e7\u00e3o do planeta e bem-estar de todos.<\/p>\n<p><strong>HOR\u00c1RIOS<br \/>\n<u>4 a 11 junho<\/u><\/strong><\/p>\n<p><strong>Nave A:<\/strong>\u00a010h00 \u00e0s 22h30<br \/>\n<strong>Nave B:<\/strong>\u00a010h00 \u00e0s 22h30<br \/>\n<strong>Nave C:<\/strong>\u00a010h00 \u00e0s 24h00<\/p>\n<p><strong>Zona Exterior \/ Maquinaria Agr\u00edcola:<\/strong>\u00a010h00 \u00e0s 21h00<\/p>\n<p><strong>Atividades L\u00fadicas:<\/strong>\u00a010h00 \u00e0s 03h00<\/p>\n<p><strong>Nota:<\/strong>\u00a0A entrada no recinto \u00e9 efetuada at\u00e9 \u00e0s 00h00<\/p>\n<p><strong><u>12 de junho<\/u><\/strong><\/p>\n<p><strong>Todo o recinto<\/strong>: 10h00 \u00e0s 20h00<br \/>\n<strong>Nota:<\/strong>\u00a0A entrada no recinto \u00e9 efetuada at\u00e9 \u00e0s 19h00<br \/>\nOs hor\u00e1rios poder\u00e3o ser alterados por motivos imprevistos<\/p>\n<p><strong>\u00a0<\/strong><strong>ENTRADAS<\/strong><\/p>\n<p><strong>Bilhete Feira:<\/strong>\u00a07,50 \u20ac (Permite uma \u00fanica entrada)<br \/>\n<strong>Bilhete Espet\u00e1culos Musicais:<\/strong>\u00a07,50 \u20ac\u00a0 (Permite uma \u00fanica entrada)<br \/>\nV\u00e1lido ap\u00f3s o encerramento da exposi\u00e7\u00e3o agro \u2013 pecu\u00e1ria \u2013 22h30 (4, 9, 10 e 11 junho)<br \/>\n<strong>Cadernetas de 10 Bilhetes:<\/strong>\u00a050,00 \u20ac (Cada bilhete permite uma \u00fanica entrada. \u00c0 venda at\u00e9 3 junho)<br \/>\n<strong>Livre-Tr\u00e2nsito:<\/strong>\u00a020,00 \u20ac (O Livre-Tr\u00e2nsito permite visitar a feira a qualquer hora e v\u00e1rias vezes por dia)<br \/>\n<strong>Parque de Estacionamento Ar Livre:<\/strong>\u00a0Gratuito<br \/>\n<strong>Parque de Estacionamento Coberto:<\/strong>\u00a05,00 \u20ac \/ dia<br \/>\n<strong>Dia 6 de junho:<\/strong>\u00a0Entrada Gratuita<br \/>\n<strong>Todos os Dias:<\/strong>\u00a0Entrada gratuita para crian\u00e7as at\u00e9 aos 11 anos (inclusive)<br \/>\n<strong>Nota:<\/strong>\u00a0O Bilhete Feira, o Livre \u2013 Tr\u00e2nsito e as Cadernetas de Bilhetes permitem o acesso \u00e0 Feira Nacional de Agricultura e aos espet\u00e1culos<\/p>\n","protected":false},"excerpt":{"rendered":"<p>O Presidente da Rep\u00fablica, Marcelo Rebelo de Sousa, inaugurou no dia 4 de junho a 58\u00aa Feira Nacional de Agricultura \/ 68\u00aa Feira do Ribatejo, evento que decorre no Centro Nacional de Exposi\u00e7\u00f5es, em Santar\u00e9m, at\u00e9 ao pr\u00f3ximo dia 12,\u00a0 que tem como tema a \u201cInova\u00e7\u00e3o e Tecnologia\u201d e real\u00e7ou \u201cuma feira mais forte, mais [&hellip;]<\/p>\n","protected":false},"author":2,"featured_media":17207,"comment_status":"open","ping_status":"open","sticky":false,"template":"","format":"standard","meta":{"footnotes":""},"categories":[7],"tags":[],"class_list":["post-17201","post","type-post","status-publish","format-standard","has-post-thumbnail","hentry","category-economia"],"_links":{"self":[{"href":"https:\/\/tintafresca.net\/index.php\/wp-json\/wp\/v2\/posts\/17201","targetHints":{"allow":["GET"]}}],"collection":[{"href":"https:\/\/tintafresca.net\/index.php\/wp-json\/wp\/v2\/posts"}],"about":[{"href":"https:\/\/tintafresca.net\/index.php\/wp-json\/wp\/v2\/types\/post"}],"author":[{"embeddable":true,"href":"https:\/\/tintafresca.net\/index.php\/wp-json\/wp\/v2\/users\/2"}],"replies":[{"embeddable":true,"href":"https:\/\/tintafresca.net\/index.php\/wp-json\/wp\/v2\/comments?post=17201"}],"version-history":[{"count":5,"href":"https:\/\/tintafresca.net\/index.php\/wp-json\/wp\/v2\/posts\/17201\/revisions"}],"predecessor-version":[{"id":17209,"href":"https:\/\/tintafresca.net\/index.php\/wp-json\/wp\/v2\/posts\/17201\/revisions\/17209"}],"wp:featuredmedia":[{"embeddable":true,"href":"https:\/\/tintafresca.net\/index.php\/wp-json\/wp\/v2\/media\/17207"}],"wp:attachment":[{"href":"https:\/\/tintafresca.net\/index.php\/wp-json\/wp\/v2\/media?parent=17201"}],"wp:term":[{"taxonomy":"category","embeddable":true,"href":"https:\/\/tintafresca.net\/index.php\/wp-json\/wp\/v2\/categories?post=17201"},{"taxonomy":"post_tag","embeddable":true,"href":"https:\/\/tintafresca.net\/index.php\/wp-json\/wp\/v2\/tags?post=17201"}],"curies":[{"name":"wp","href":"https:\/\/api.w.org\/{rel}","templated":true}]}}