{"id":17283,"date":"2022-06-07T17:32:07","date_gmt":"2022-06-07T17:32:07","guid":{"rendered":"https:\/\/tintafresca.net\/?p=17283"},"modified":"2022-06-07T17:35:36","modified_gmt":"2022-06-07T17:35:36","slug":"texto-de-madeira-torres-do-seculo-xix-descricao-economica-da-vila-e-termo-de-torres-vedra-foi-reeditado","status":"publish","type":"post","link":"https:\/\/tintafresca.net\/index.php\/2022\/06\/07\/texto-de-madeira-torres-do-seculo-xix-descricao-economica-da-vila-e-termo-de-torres-vedra-foi-reeditado\/","title":{"rendered":"Texto de Madeira Torres do S\u00e9culo XIX \u201cDescri\u00e7\u00e3o Econ\u00f3mica da Vila e Termo de Torres Vedra\u201d foi reeditado\ufeff"},"content":{"rendered":"<div id=\"attachment_17286\" style=\"width: 510px\" class=\"wp-caption alignleft\"><img loading=\"lazy\" decoding=\"async\" aria-describedby=\"caption-attachment-17286\" class=\"wp-image-17286\" src=\"https:\/\/tintafresca.net\/wp-content\/uploads\/2022\/06\/TV_Madeira_Torres.jpg\" alt=\"\" width=\"500\" height=\"333\" srcset=\"https:\/\/tintafresca.net\/wp-content\/uploads\/2022\/06\/TV_Madeira_Torres.jpg 720w, https:\/\/tintafresca.net\/wp-content\/uploads\/2022\/06\/TV_Madeira_Torres-300x200.jpg 300w\" sizes=\"auto, (max-width: 500px) 100vw, 500px\" \/><p id=\"caption-attachment-17286\" class=\"wp-caption-text\">Obra integra a cole\u00e7\u00e3o Linhas de Torres Vedras<\/p><\/div>\n<p>A C\u00e2mara Municipal de Torres Vedras publicou a <em>Descri\u00e7\u00e3o Econ\u00f3mica da Vila e Termo de Torres Vedras<\/em>, de Manuel Agostinho Madeira Torres. A obra, que integra a cole\u00e7\u00e3o Linhas de Torres Vedras, foi lan\u00e7ada no s\u00e1bado, 4 de junho, na Sala de S\u00e3o Gon\u00e7alo do Convento de Nossa Senhora da Gra\u00e7a.<\/p>\n<p>Esta edi\u00e7\u00e3o conta com nota introdut\u00f3ria, transcri\u00e7\u00e3o, atualiza\u00e7\u00e3o e \u00edndices de Carlos Guardado da Silva, com a colabora\u00e7\u00e3o de Andr\u00e9 Mel\u00edcias na transcri\u00e7\u00e3o. Um trabalho \u201cem benef\u00edcio da comunidade torriense\u201d que a vereadora da Cultura da C\u00e2mara Municipal de Torres Vedras, Ana Umbelino, caracterizou como um \u201cgesto c\u00edvico que muito louvamos e nos cumpre enaltecer.\u201d<\/p>\n<p>Afirmando que o livro agora lan\u00e7ado resulta de um projeto desenvolvido ao longo de v\u00e1rios anos, Carlos Guardado da Silva explicou que o texto de Madeira Torres \u201cacrescenta valor, eu diria incomum, \u00e0 historiografia torriense\u201d. Por sua vez, Andr\u00e9 Mel\u00edcias evocou o autor como \u201cum pioneiro da hist\u00f3ria local deste Concelho\u201d.<\/p>\n<p><em>Descri\u00e7\u00e3o Econ\u00f3mica da Vila e Termo de Torres Vedras<\/em>\u00a0\u00e9 a obra de refer\u00eancia de Manuel Agostinho Madeira Torres, assumindo-se como o estudo fundamental da hist\u00f3ria econ\u00f3mica do territ\u00f3rio, mas tamb\u00e9m da hist\u00f3ria da popula\u00e7\u00e3o e do ensino.<\/p>\n<p>Madeira Torres foi p\u00e1roco de Santa Maria do Castelo, tendo sido s\u00f3cio correspondente da Academia Real das Ci\u00eancias a partir de 1817. Viria a publicar a\u00a0<em>Descri\u00e7\u00e3o hist\u00f3rica de Torres Vedras<\/em>\u00a0nas Mem\u00f3rias da Academia de Ci\u00eancias, com a parte hist\u00f3rica e a parte econ\u00f3mica publicadas, respetivamente, em 1819 e 1836. \u00c9 patrono do Agrupamento de Escolas Madeira Torres.<\/p>\n<p><strong>\u00a0 \u00a0 Fonte: ACM|CMTV<\/strong><\/p>\n","protected":false},"excerpt":{"rendered":"<p>A C\u00e2mara Municipal de Torres Vedras publicou a Descri\u00e7\u00e3o Econ\u00f3mica da Vila e Termo de Torres Vedras, de Manuel Agostinho Madeira Torres. A obra, que integra a cole\u00e7\u00e3o Linhas de Torres Vedras, foi lan\u00e7ada no s\u00e1bado, 4 de junho, na Sala de S\u00e3o Gon\u00e7alo do Convento de Nossa Senhora da Gra\u00e7a. Esta edi\u00e7\u00e3o conta com [&hellip;]<\/p>\n","protected":false},"author":2,"featured_media":17287,"comment_status":"open","ping_status":"open","sticky":false,"template":"","format":"standard","meta":{"footnotes":""},"categories":[10],"tags":[],"class_list":["post-17283","post","type-post","status-publish","format-standard","has-post-thumbnail","hentry","category-patrimonio"],"_links":{"self":[{"href":"https:\/\/tintafresca.net\/index.php\/wp-json\/wp\/v2\/posts\/17283","targetHints":{"allow":["GET"]}}],"collection":[{"href":"https:\/\/tintafresca.net\/index.php\/wp-json\/wp\/v2\/posts"}],"about":[{"href":"https:\/\/tintafresca.net\/index.php\/wp-json\/wp\/v2\/types\/post"}],"author":[{"embeddable":true,"href":"https:\/\/tintafresca.net\/index.php\/wp-json\/wp\/v2\/users\/2"}],"replies":[{"embeddable":true,"href":"https:\/\/tintafresca.net\/index.php\/wp-json\/wp\/v2\/comments?post=17283"}],"version-history":[{"count":3,"href":"https:\/\/tintafresca.net\/index.php\/wp-json\/wp\/v2\/posts\/17283\/revisions"}],"predecessor-version":[{"id":17288,"href":"https:\/\/tintafresca.net\/index.php\/wp-json\/wp\/v2\/posts\/17283\/revisions\/17288"}],"wp:featuredmedia":[{"embeddable":true,"href":"https:\/\/tintafresca.net\/index.php\/wp-json\/wp\/v2\/media\/17287"}],"wp:attachment":[{"href":"https:\/\/tintafresca.net\/index.php\/wp-json\/wp\/v2\/media?parent=17283"}],"wp:term":[{"taxonomy":"category","embeddable":true,"href":"https:\/\/tintafresca.net\/index.php\/wp-json\/wp\/v2\/categories?post=17283"},{"taxonomy":"post_tag","embeddable":true,"href":"https:\/\/tintafresca.net\/index.php\/wp-json\/wp\/v2\/tags?post=17283"}],"curies":[{"name":"wp","href":"https:\/\/api.w.org\/{rel}","templated":true}]}}