{"id":17344,"date":"2022-06-09T21:31:31","date_gmt":"2022-06-09T21:31:31","guid":{"rendered":"https:\/\/tintafresca.net\/?p=17344"},"modified":"2022-06-09T21:40:59","modified_gmt":"2022-06-09T21:40:59","slug":"cutelarias-de-santa-catarina-e-benedita-marcam-presenca-no-iii-encontro-mundial-das-capitais-da-cutelaria","status":"publish","type":"post","link":"https:\/\/tintafresca.net\/index.php\/2022\/06\/09\/cutelarias-de-santa-catarina-e-benedita-marcam-presenca-no-iii-encontro-mundial-das-capitais-da-cutelaria\/","title":{"rendered":"Cutelarias de Santa Catarina e Benedita\u201d marcam presen\u00e7a no III Encontro Mundial das capitais da Cutelaria"},"content":{"rendered":"<p><img loading=\"lazy\" decoding=\"async\" class=\"alignleft wp-image-17347 size-full\" src=\"https:\/\/tintafresca.net\/wp-content\/uploads\/2022\/06\/CUTELARIAS-SANTA-CATARINA-E-BENEDITA_270.jpg\" alt=\"\" width=\"270\" height=\"270\" srcset=\"https:\/\/tintafresca.net\/wp-content\/uploads\/2022\/06\/CUTELARIAS-SANTA-CATARINA-E-BENEDITA_270.jpg 270w, https:\/\/tintafresca.net\/wp-content\/uploads\/2022\/06\/CUTELARIAS-SANTA-CATARINA-E-BENEDITA_270-150x150.jpg 150w\" sizes=\"auto, (max-width: 270px) 100vw, 270px\" \/>A associa\u00e7\u00e3o \u201cCutelarias de Santa Catarina e Benedita\u201d marcar\u00e1 presen\u00e7a no III Encontro Mundial das Capitais da Cutelaria, de 10 a 12 de junho de 2022, com o apoio das juntas de freguesia da Benedita e Santa Catarina, das C\u00e2maras Municipais de Alcoba\u00e7a e Caldas da Rainha e da AIRO.<\/p>\n<p>Ao todo ir\u00e3o participar neste evento internacional 8 membros da associa\u00e7\u00e3o \u201cCutelarias De Santa Catarina e Benedita\u201d: IVO cutelarias, Nicul, Curel Cutelarias, Socutel, Lombo do Ferreiro, Ciol, JERO, e ICEL.<\/p>\n<p>Com 600 postos de trabalho ativos, este cluster, o quinto maior do setor a n\u00edvel europeu, desenvolve e produz produtos de qualidade e design de prest\u00edgio mundial.<\/p>\n<p>O volume de neg\u00f3cios total chega aos 35 milh\u00f5es de euros anuais, dos quais 30 milh\u00f5es s\u00e3o provenientes de exporta\u00e7\u00f5es, que seguem para todas as latitudes, principalmente para a Europa, Canad\u00e1, EUA, Am\u00e9rica do Sul e tamb\u00e9m pa\u00edses \u00e1rabes e \u00c1frica.<\/p>\n<p>Nas empresas de \u201cCutelarias de Santa Catarina e Benedita\u201d trabalha-se uma arte ancestral, passada de pais para filhos, que soube adaptar-se e fazer uso das mais modernas t\u00e9cnicas e tecnologias transformando o a\u00e7o em aut\u00eanticas obras de arte.<\/p>\n<p>A regi\u00e3o estar\u00e1 assim bem representada nesta feira internacional em Espanha, mostrando o potencial deste setor em termos econ\u00f3micos e sociais.<\/p>\n<p><strong>Feira Internacional de Cutelaria de Albacete, Espanha<\/strong><\/p>\n<p>10 a 12 de junho de 2022<br \/>\nXII edi\u00e7\u00e3o<br \/>\nhttps:\/\/www.ibercut.es\/<\/p>\n","protected":false},"excerpt":{"rendered":"<p>A associa\u00e7\u00e3o \u201cCutelarias de Santa Catarina e Benedita\u201d marcar\u00e1 presen\u00e7a no III Encontro Mundial das Capitais da Cutelaria, de 10 a 12 de junho de 2022, com o apoio das juntas de freguesia da Benedita e Santa Catarina, das C\u00e2maras Municipais de Alcoba\u00e7a e Caldas da Rainha e da AIRO. Ao todo ir\u00e3o participar neste [&hellip;]<\/p>\n","protected":false},"author":2,"featured_media":17348,"comment_status":"open","ping_status":"open","sticky":false,"template":"","format":"standard","meta":{"footnotes":""},"categories":[7],"tags":[],"class_list":["post-17344","post","type-post","status-publish","format-standard","has-post-thumbnail","hentry","category-economia"],"_links":{"self":[{"href":"https:\/\/tintafresca.net\/index.php\/wp-json\/wp\/v2\/posts\/17344","targetHints":{"allow":["GET"]}}],"collection":[{"href":"https:\/\/tintafresca.net\/index.php\/wp-json\/wp\/v2\/posts"}],"about":[{"href":"https:\/\/tintafresca.net\/index.php\/wp-json\/wp\/v2\/types\/post"}],"author":[{"embeddable":true,"href":"https:\/\/tintafresca.net\/index.php\/wp-json\/wp\/v2\/users\/2"}],"replies":[{"embeddable":true,"href":"https:\/\/tintafresca.net\/index.php\/wp-json\/wp\/v2\/comments?post=17344"}],"version-history":[{"count":6,"href":"https:\/\/tintafresca.net\/index.php\/wp-json\/wp\/v2\/posts\/17344\/revisions"}],"predecessor-version":[{"id":17352,"href":"https:\/\/tintafresca.net\/index.php\/wp-json\/wp\/v2\/posts\/17344\/revisions\/17352"}],"wp:featuredmedia":[{"embeddable":true,"href":"https:\/\/tintafresca.net\/index.php\/wp-json\/wp\/v2\/media\/17348"}],"wp:attachment":[{"href":"https:\/\/tintafresca.net\/index.php\/wp-json\/wp\/v2\/media?parent=17344"}],"wp:term":[{"taxonomy":"category","embeddable":true,"href":"https:\/\/tintafresca.net\/index.php\/wp-json\/wp\/v2\/categories?post=17344"},{"taxonomy":"post_tag","embeddable":true,"href":"https:\/\/tintafresca.net\/index.php\/wp-json\/wp\/v2\/tags?post=17344"}],"curies":[{"name":"wp","href":"https:\/\/api.w.org\/{rel}","templated":true}]}}