{"id":17369,"date":"2022-06-10T12:44:07","date_gmt":"2022-06-10T12:44:07","guid":{"rendered":"https:\/\/tintafresca.net\/?p=17369"},"modified":"2022-06-10T13:21:06","modified_gmt":"2022-06-10T13:21:06","slug":"bebe-morre-no-hospital-das-caldas-da-rainha-apos-cesariana-de-emergencia","status":"publish","type":"post","link":"https:\/\/tintafresca.net\/index.php\/2022\/06\/10\/bebe-morre-no-hospital-das-caldas-da-rainha-apos-cesariana-de-emergencia\/","title":{"rendered":"Beb\u00e9 morre no Hospital das Caldas da Rainha ap\u00f3s cesariana de emerg\u00eancia"},"content":{"rendered":"<div id=\"attachment_7399\" style=\"width: 510px\" class=\"wp-caption alignleft\"><img loading=\"lazy\" decoding=\"async\" aria-describedby=\"caption-attachment-7399\" class=\"wp-image-7399 size-full\" src=\"https:\/\/tintafresca.net\/wp-content\/uploads\/2021\/08\/Hospital_Caldas_da_Rainha10.jpg\" alt=\"\" width=\"500\" height=\"333\" \/><p id=\"caption-attachment-7399\" class=\"wp-caption-text\">Unidade de Caldas da Rainha do Centro Hospitalar do Oeste<\/p><\/div>\n<p>O Conselho de Administra\u00e7\u00e3o do Centro Hospitalar do Oeste esclareceu esta sexta-feira, dia 10 de junho, que, na sequ\u00eancia da ocorr\u00eancia grave com uma gr\u00e1vida no dia 8 de junho, que deu entrada de urg\u00eancia na Unidade de Caldas da Rainha, resultando na morte do beb\u00e9 ap\u00f3s uma cesariana, foi aberto um processo de inqu\u00e9rito pela Inspe\u00e7\u00e3o-Geral das Atividades em Sa\u00fade (IGAS).<\/p>\n<p>Por isso, considera prematuro estabelecer qualquer rela\u00e7\u00e3o de causa-efeito entre o encerramento da urg\u00eancia obst\u00e9trica e o referido epis\u00f3dio.<\/p>\n<p>O Conselho de Administra\u00e7\u00e3o do Centro Hospitalar do Oeste lamenta profundamente a morte registada e endere\u00e7a sentidas condol\u00eancias a todos os familiares.<\/p>\n<p>O Centro Hospitalar do Oeste integra os hospitais de Caldas da Rainha, Torres Vedras e Peniche, tendo uma \u00e1rea de influ\u00eancia constitu\u00edda pelas popula\u00e7\u00f5es dos concelhos de Caldas da Rainha, \u00d3bidos, Peniche, Bombarral, Torres Vedras, Cadaval e Lourinh\u00e3 e de parte dos concelhos de Alcoba\u00e7a e de Mafra.<\/p>\n","protected":false},"excerpt":{"rendered":"<p>O Conselho de Administra\u00e7\u00e3o do Centro Hospitalar do Oeste esclareceu esta sexta-feira, dia 10 de junho, que, na sequ\u00eancia da ocorr\u00eancia grave com uma gr\u00e1vida no dia 8 de junho, que deu entrada de urg\u00eancia na Unidade de Caldas da Rainha, resultando na morte do beb\u00e9 ap\u00f3s uma cesariana, foi aberto um processo de inqu\u00e9rito [&hellip;]<\/p>\n","protected":false},"author":2,"featured_media":7400,"comment_status":"open","ping_status":"open","sticky":false,"template":"","format":"standard","meta":{"footnotes":""},"categories":[6],"tags":[],"class_list":["post-17369","post","type-post","status-publish","format-standard","has-post-thumbnail","hentry","category-saude"],"_links":{"self":[{"href":"https:\/\/tintafresca.net\/index.php\/wp-json\/wp\/v2\/posts\/17369","targetHints":{"allow":["GET"]}}],"collection":[{"href":"https:\/\/tintafresca.net\/index.php\/wp-json\/wp\/v2\/posts"}],"about":[{"href":"https:\/\/tintafresca.net\/index.php\/wp-json\/wp\/v2\/types\/post"}],"author":[{"embeddable":true,"href":"https:\/\/tintafresca.net\/index.php\/wp-json\/wp\/v2\/users\/2"}],"replies":[{"embeddable":true,"href":"https:\/\/tintafresca.net\/index.php\/wp-json\/wp\/v2\/comments?post=17369"}],"version-history":[{"count":4,"href":"https:\/\/tintafresca.net\/index.php\/wp-json\/wp\/v2\/posts\/17369\/revisions"}],"predecessor-version":[{"id":17373,"href":"https:\/\/tintafresca.net\/index.php\/wp-json\/wp\/v2\/posts\/17369\/revisions\/17373"}],"wp:featuredmedia":[{"embeddable":true,"href":"https:\/\/tintafresca.net\/index.php\/wp-json\/wp\/v2\/media\/7400"}],"wp:attachment":[{"href":"https:\/\/tintafresca.net\/index.php\/wp-json\/wp\/v2\/media?parent=17369"}],"wp:term":[{"taxonomy":"category","embeddable":true,"href":"https:\/\/tintafresca.net\/index.php\/wp-json\/wp\/v2\/categories?post=17369"},{"taxonomy":"post_tag","embeddable":true,"href":"https:\/\/tintafresca.net\/index.php\/wp-json\/wp\/v2\/tags?post=17369"}],"curies":[{"name":"wp","href":"https:\/\/api.w.org\/{rel}","templated":true}]}}