{"id":17384,"date":"2022-06-11T10:38:38","date_gmt":"2022-06-11T10:38:38","guid":{"rendered":"https:\/\/tintafresca.net\/?p=17384"},"modified":"2022-06-12T15:08:04","modified_gmt":"2022-06-12T15:08:04","slug":"centro-interpretativo-da-lagoa-de-obidos-e-posto-de-turismo-da-foz-do-arelho-inaugurado-domingo","status":"publish","type":"post","link":"https:\/\/tintafresca.net\/index.php\/2022\/06\/11\/centro-interpretativo-da-lagoa-de-obidos-e-posto-de-turismo-da-foz-do-arelho-inaugurado-domingo\/","title":{"rendered":"Centro Interpretativo da Lagoa de \u00d3bidos e Posto de Turismo da Foz do Arelho inaugurado este domingo"},"content":{"rendered":"<div id=\"attachment_17386\" style=\"width: 510px\" class=\"wp-caption alignleft\"><img loading=\"lazy\" decoding=\"async\" aria-describedby=\"caption-attachment-17386\" class=\"wp-image-17386 size-full\" src=\"https:\/\/tintafresca.net\/wp-content\/uploads\/2022\/06\/Caldas_Lagoa_Obidos10.jpg\" alt=\"\" width=\"500\" height=\"281\" srcset=\"https:\/\/tintafresca.net\/wp-content\/uploads\/2022\/06\/Caldas_Lagoa_Obidos10.jpg 500w, https:\/\/tintafresca.net\/wp-content\/uploads\/2022\/06\/Caldas_Lagoa_Obidos10-300x169.jpg 300w\" sizes=\"auto, (max-width: 500px) 100vw, 500px\" \/><p id=\"caption-attachment-17386\" class=\"wp-caption-text\">Lagoa de \u00d3bidos<\/p><\/div>\n<p>Este domingo, dia 12 de Junho, pelas 12h, ser\u00e1 inaugurado o Centro Interpretativo da Lagoa de \u00d3bidos (CILO) e o Posto de Turismo da Foz do Arelho, na Avenida do Mar da Foz do Arelho, em instala\u00e7\u00f5es da Capitania, cedidas pela Direc\u00e7\u00e3o-Geral da Autoridade Mar\u00edtima, fruto de um protocolo assinado com o munic\u00edpio das Caldas da Rainha.<\/p>\n<p>Com coordena\u00e7\u00e3o da Liga para a Prote\u00e7\u00e3o da Natureza, o Centro Interpretativo nasce de uma proposta apresentada em 2017 pela associa\u00e7\u00e3o caldense \u201cConselho da Cidade\u201d ao Or\u00e7amento Participativo de Portugal, na \u00e1rea da Ci\u00eancia, e conta como parceiros os munic\u00edpios das Caldas da Rainha e \u00d3bidos, visando ao longo de dezoito meses divulgar e estudar \u00e1reas como a ecologia, biologia, hist\u00f3ria e etnologia da Lagoa de \u00d3bidos.<\/p>\n<p>O projeto do CILO tem tamb\u00e9m como objetivo a cria\u00e7\u00e3o e disponibiliza\u00e7\u00e3o ao visitante da Lagoa de \u00d3bidos de um conjunto de ferramentas informativas de apoio \u00e0 interpreta\u00e7\u00e3o do lugar e da sua hist\u00f3ria de rela\u00e7\u00e3o com as comunidades locais, ao mesmo tempo que contribuir\u00e1 para a prote\u00e7\u00e3o, valoriza\u00e7\u00e3o e transmiss\u00e3o do patrim\u00f3nio natural e cultural \u00e0s gera\u00e7\u00f5es futuras.<\/p>\n<p>Para atingir esse objetivo, haver\u00e3o v\u00e1rias atividades gratuitas dirigidas a diferentes p\u00fablicos, nomeadamente, a\u00e7\u00f5es de informa\u00e7\u00e3o para as comunidades locais \u2013 sob a forma de debates, visitas guiadas e oficinas culturais. Ser\u00e1 ainda constru\u00eddo um programa de incentivo \u00e0 cria\u00e7\u00e3o de oferta tur\u00edstica ordenada com liga\u00e7\u00e3o ao CILO &#8211; pacotes de experi\u00eancias de contacto com o patrim\u00f3nio natural e hist\u00f3rico-cultural da Lagoa de \u00d3bidos, incluindo a\u00e7\u00f5es de capacita\u00e7\u00e3o e experi\u00eancia piloto.<\/p>\n<p>Naturalmente que a \u00e1rea de estudo requer a exist\u00eancia de polos din\u00e2micos distribu\u00eddos em redor da Lagoa de \u00d3bidos (concelhos das Caldas da Rainha e de \u00d3bidos) onde, para al\u00e9m da disponibiliza\u00e7\u00e3o de informa\u00e7\u00e3o, ser\u00e3o dinamizadas v\u00e1rias iniciativas dirigidas a diferentes p\u00fablicos. As instala\u00e7\u00f5es ter\u00e3o ainda o Posto de Turismo da Foz do Arelho, que visa dar apoio informativo a turistas e mun\u00edcipes.<\/p>\n<p>Estas inaugura\u00e7\u00f5es est\u00e3o integradas no programa comemorativo da Foz do Arelho, onde se assinala o 13\u00ba anivers\u00e1rio de eleva\u00e7\u00e3o a Vila.<\/p>\n","protected":false},"excerpt":{"rendered":"<p>Este domingo, dia 12 de Junho, pelas 12h, ser\u00e1 inaugurado o Centro Interpretativo da Lagoa de \u00d3bidos (CILO) e o Posto de Turismo da Foz do Arelho, na Avenida do Mar da Foz do Arelho, em instala\u00e7\u00f5es da Capitania, cedidas pela Direc\u00e7\u00e3o-Geral da Autoridade Mar\u00edtima, fruto de um protocolo assinado com o munic\u00edpio das Caldas [&hellip;]<\/p>\n","protected":false},"author":2,"featured_media":17387,"comment_status":"open","ping_status":"open","sticky":false,"template":"","format":"standard","meta":{"footnotes":""},"categories":[9],"tags":[],"class_list":["post-17384","post","type-post","status-publish","format-standard","has-post-thumbnail","hentry","category-ambiente"],"_links":{"self":[{"href":"https:\/\/tintafresca.net\/index.php\/wp-json\/wp\/v2\/posts\/17384","targetHints":{"allow":["GET"]}}],"collection":[{"href":"https:\/\/tintafresca.net\/index.php\/wp-json\/wp\/v2\/posts"}],"about":[{"href":"https:\/\/tintafresca.net\/index.php\/wp-json\/wp\/v2\/types\/post"}],"author":[{"embeddable":true,"href":"https:\/\/tintafresca.net\/index.php\/wp-json\/wp\/v2\/users\/2"}],"replies":[{"embeddable":true,"href":"https:\/\/tintafresca.net\/index.php\/wp-json\/wp\/v2\/comments?post=17384"}],"version-history":[{"count":6,"href":"https:\/\/tintafresca.net\/index.php\/wp-json\/wp\/v2\/posts\/17384\/revisions"}],"predecessor-version":[{"id":17426,"href":"https:\/\/tintafresca.net\/index.php\/wp-json\/wp\/v2\/posts\/17384\/revisions\/17426"}],"wp:featuredmedia":[{"embeddable":true,"href":"https:\/\/tintafresca.net\/index.php\/wp-json\/wp\/v2\/media\/17387"}],"wp:attachment":[{"href":"https:\/\/tintafresca.net\/index.php\/wp-json\/wp\/v2\/media?parent=17384"}],"wp:term":[{"taxonomy":"category","embeddable":true,"href":"https:\/\/tintafresca.net\/index.php\/wp-json\/wp\/v2\/categories?post=17384"},{"taxonomy":"post_tag","embeddable":true,"href":"https:\/\/tintafresca.net\/index.php\/wp-json\/wp\/v2\/tags?post=17384"}],"curies":[{"name":"wp","href":"https:\/\/api.w.org\/{rel}","templated":true}]}}