{"id":17430,"date":"2022-06-12T20:53:18","date_gmt":"2022-06-12T20:53:18","guid":{"rendered":"https:\/\/tintafresca.net\/?p=17430"},"modified":"2022-06-12T21:11:20","modified_gmt":"2022-06-12T21:11:20","slug":"municipios-de-santarem-e-associacao-de-agricultores-do-ribatejo-integram-projeto-para-melhorar-gestao-de-recursos-hidricos-do-vale-do-rio-tejo","status":"publish","type":"post","link":"https:\/\/tintafresca.net\/index.php\/2022\/06\/12\/municipios-de-santarem-e-associacao-de-agricultores-do-ribatejo-integram-projeto-para-melhorar-gestao-de-recursos-hidricos-do-vale-do-rio-tejo\/","title":{"rendered":"Munic\u00edpios e Associa\u00e7\u00e3o de Agricultores do Ribatejo integram projeto para melhorar gest\u00e3o h\u00eddrica do vale do Rio Tejo"},"content":{"rendered":"<div id=\"attachment_17432\" style=\"width: 510px\" class=\"wp-caption alignleft\"><img loading=\"lazy\" decoding=\"async\" aria-describedby=\"caption-attachment-17432\" class=\"wp-image-17432 size-full\" src=\"https:\/\/tintafresca.net\/wp-content\/uploads\/2022\/06\/Santarem_protocolo_recursos_tejo10.jpg\" alt=\"\" width=\"500\" height=\"507\" srcset=\"https:\/\/tintafresca.net\/wp-content\/uploads\/2022\/06\/Santarem_protocolo_recursos_tejo10.jpg 500w, https:\/\/tintafresca.net\/wp-content\/uploads\/2022\/06\/Santarem_protocolo_recursos_tejo10-296x300.jpg 296w\" sizes=\"auto, (max-width: 500px) 100vw, 500px\" \/><p id=\"caption-attachment-17432\" class=\"wp-caption-text\">Lu\u00eds Seabra, Silvino L\u00facio, Jo\u00e3o Heitor e Ricardo Gon\u00e7alves<\/p><\/div>\n<p>O presidente da C\u00e2mara Municipal de Azambuja participou, no dia 9 de junho, na assinatura do protocolo de parceria destinado \u00e0 realiza\u00e7\u00e3o do estudo designado por \u201cLevantamento, caracteriza\u00e7\u00e3o e an\u00e1lise dos Recursos H\u00eddricos da Lez\u00edria do Tejo\u201d. Subscreveram este acordo, os presidentes das quatro entidades parceiras no projeto, Silvino L\u00facio \u2013 em representa\u00e7\u00e3o do Munic\u00edpio de Azambuja, bem como Jo\u00e3o Heitor (Cartaxo), Ricardo Gon\u00e7alves (Santar\u00e9m), e Lu\u00eds Seabra, presidente da Associa\u00e7\u00e3o de Agricultores do Ribatejo.<\/p>\n<p>A formaliza\u00e7\u00e3o desta parceria realizou-se no CNEMA, em Santar\u00e9m, integrada num semin\u00e1rio subordinado ao tema \u201c\u00c1gua como fator de ordenamento e desenvolvimento do territ\u00f3rio\u201d. O protocolo agora assinado \u00e9 o culminar de diversos contactos estabelecidos entre as institui\u00e7\u00f5es envolvidas e vem dar corpo ao interesse comum na elabora\u00e7\u00e3o de um projeto de gest\u00e3o dos recursos h\u00eddricos e ordenamento do territ\u00f3rio do vale do Rio Tejo.<\/p>\n<p>No \u00e2mbito daqueles contactos, o Munic\u00edpio de Azambuja e os seus parceiros consideram necess\u00e1ria a realiza\u00e7\u00e3o de um estudo pr\u00e9vio com vista ao levantamento, caracteriza\u00e7\u00e3o e an\u00e1lise dos recursos h\u00eddricos da Lez\u00edria do Tejo, numa \u00e1rea de cerca de 10\u00a0000ha, \u00a0que liga o Vale de Santar\u00e9m a Azambuja. Considera-se, igualmente, essencial identificar o estado de conserva\u00e7\u00e3o da rede de valas de drenagem direcionadas para o canal da Azambuja, bem como o estado de conserva\u00e7\u00e3o das infraestruturas hidr\u00e1ulicas existentes.<\/p>\n<p>O estudo a desenvolver, em concretiza\u00e7\u00e3o deste protocolo, tem como objetivos fazer o levantamento de dados digitais detalhados e georreferenciados das estruturas em an\u00e1lise, bem como dos recursos h\u00eddricos superficiais e subterr\u00e2neos, e visa, ainda, a elabora\u00e7\u00e3o de uma planta com per\u00edmetros de responsabilidade dos diversos organismos oficiais nesta \u00e1rea territorial.<\/p>\n<p>Em \u00faltima an\u00e1lise, a meta deste protocolo e dos estudos e trabalhos a desenvolver \u00e9 criar condi\u00e7\u00f5es para que se possa aumentar a efici\u00eancia, a competitividade e a sustentabilidade da atividade agr\u00edcola e de outros setores socioecon\u00f3micos associados ao mundo rural, valorizando esta bacia espec\u00edfica do Rio Tejo.<\/p>\n<p><strong>\u00a0 \u00a0 \u00a0Fonte: JB|DCI|CMA<\/strong><\/p>\n<p>&nbsp;<\/p>\n","protected":false},"excerpt":{"rendered":"<p>O presidente da C\u00e2mara Municipal de Azambuja participou, no dia 9 de junho, na assinatura do protocolo de parceria destinado \u00e0 realiza\u00e7\u00e3o do estudo designado por \u201cLevantamento, caracteriza\u00e7\u00e3o e an\u00e1lise dos Recursos H\u00eddricos da Lez\u00edria do Tejo\u201d. Subscreveram este acordo, os presidentes das quatro entidades parceiras no projeto, Silvino L\u00facio \u2013 em representa\u00e7\u00e3o do Munic\u00edpio [&hellip;]<\/p>\n","protected":false},"author":2,"featured_media":17433,"comment_status":"open","ping_status":"open","sticky":false,"template":"","format":"standard","meta":{"footnotes":""},"categories":[9,7],"tags":[],"class_list":["post-17430","post","type-post","status-publish","format-standard","has-post-thumbnail","hentry","category-ambiente","category-economia"],"_links":{"self":[{"href":"https:\/\/tintafresca.net\/index.php\/wp-json\/wp\/v2\/posts\/17430","targetHints":{"allow":["GET"]}}],"collection":[{"href":"https:\/\/tintafresca.net\/index.php\/wp-json\/wp\/v2\/posts"}],"about":[{"href":"https:\/\/tintafresca.net\/index.php\/wp-json\/wp\/v2\/types\/post"}],"author":[{"embeddable":true,"href":"https:\/\/tintafresca.net\/index.php\/wp-json\/wp\/v2\/users\/2"}],"replies":[{"embeddable":true,"href":"https:\/\/tintafresca.net\/index.php\/wp-json\/wp\/v2\/comments?post=17430"}],"version-history":[{"count":4,"href":"https:\/\/tintafresca.net\/index.php\/wp-json\/wp\/v2\/posts\/17430\/revisions"}],"predecessor-version":[{"id":17436,"href":"https:\/\/tintafresca.net\/index.php\/wp-json\/wp\/v2\/posts\/17430\/revisions\/17436"}],"wp:featuredmedia":[{"embeddable":true,"href":"https:\/\/tintafresca.net\/index.php\/wp-json\/wp\/v2\/media\/17433"}],"wp:attachment":[{"href":"https:\/\/tintafresca.net\/index.php\/wp-json\/wp\/v2\/media?parent=17430"}],"wp:term":[{"taxonomy":"category","embeddable":true,"href":"https:\/\/tintafresca.net\/index.php\/wp-json\/wp\/v2\/categories?post=17430"},{"taxonomy":"post_tag","embeddable":true,"href":"https:\/\/tintafresca.net\/index.php\/wp-json\/wp\/v2\/tags?post=17430"}],"curies":[{"name":"wp","href":"https:\/\/api.w.org\/{rel}","templated":true}]}}