{"id":17445,"date":"2022-06-13T11:38:17","date_gmt":"2022-06-13T11:38:17","guid":{"rendered":"https:\/\/tintafresca.net\/?p=17445"},"modified":"2022-06-13T11:40:09","modified_gmt":"2022-06-13T11:40:09","slug":"ministro-da-economia-e-do-mar-em-jantar-conferencia-do-37o-aniversario-da-nerlei","status":"publish","type":"post","link":"https:\/\/tintafresca.net\/index.php\/2022\/06\/13\/ministro-da-economia-e-do-mar-em-jantar-conferencia-do-37o-aniversario-da-nerlei\/","title":{"rendered":"Ministro da Economia e do Mar participa em jantar-confer\u00eancia do 37\u00ba anivers\u00e1rio da Nerlei"},"content":{"rendered":"<div id=\"attachment_17447\" style=\"width: 560px\" class=\"wp-caption alignleft\"><img loading=\"lazy\" decoding=\"async\" aria-describedby=\"caption-attachment-17447\" class=\"wp-image-17447 size-full\" src=\"https:\/\/tintafresca.net\/wp-content\/uploads\/2022\/06\/Antonio_Costa_e_Silva.jpg\" alt=\"\" width=\"550\" height=\"367\" srcset=\"https:\/\/tintafresca.net\/wp-content\/uploads\/2022\/06\/Antonio_Costa_e_Silva.jpg 550w, https:\/\/tintafresca.net\/wp-content\/uploads\/2022\/06\/Antonio_Costa_e_Silva-300x200.jpg 300w\" sizes=\"auto, (max-width: 550px) 100vw, 550px\" \/><p id=\"caption-attachment-17447\" class=\"wp-caption-text\">Ant\u00f3nio Costa Silva<\/p><\/div>\n<p>No dia 23 de junho a Nerlei &#8211; Associa\u00e7\u00e3o Empresarial da Regi\u00e3o de Leiria comemora 37 anos de atividade ao servi\u00e7o do tecido empresarial da Regi\u00e3o de Leiria.<\/p>\n<p>Para assinalar a data, a Associa\u00e7\u00e3o vai promover um jantar-confer\u00eancia, no Edif\u00edcio Nerlei, a partir das 19h30, que contar\u00e1 com o ministro da Economia e do Mar, Ant\u00f3nio Costa Silva, como orador convidado.<\/p>\n<p>A ocasi\u00e3o ser\u00e1 ainda o momento para homenagear algumas empresas associadas da Nerlei<strong>,<\/strong> nomeadamente as que t\u00eam 50 ou mais anos de atividade e que ainda n\u00e3o receberam essa distin\u00e7\u00e3o em anos anteriores.<\/p>\n<p>Ap\u00f3s dois anos de comemora\u00e7\u00e3o desta data com eventos mais restritos e simb\u00f3licos, devidos \u00e0s restri\u00e7\u00f5es impostas pela pandemia de Covid-19, a Dire\u00e7\u00e3o da Nerlei est\u00e1 convicta que este vai ser um momento importante de encontro das empresas da regi\u00e3o e dos representantes das principais entidades com quem o tecido empresarial se relaciona na regi\u00e3o e no Pa\u00eds.<\/p>\n","protected":false},"excerpt":{"rendered":"<p>No dia 23 de junho a Nerlei &#8211; Associa\u00e7\u00e3o Empresarial da Regi\u00e3o de Leiria comemora 37 anos de atividade ao servi\u00e7o do tecido empresarial da Regi\u00e3o de Leiria. Para assinalar a data, a Associa\u00e7\u00e3o vai promover um jantar-confer\u00eancia, no Edif\u00edcio Nerlei, a partir das 19h30, que contar\u00e1 com o ministro da Economia e do Mar, [&hellip;]<\/p>\n","protected":false},"author":2,"featured_media":17448,"comment_status":"open","ping_status":"open","sticky":false,"template":"","format":"standard","meta":{"footnotes":""},"categories":[7],"tags":[],"class_list":["post-17445","post","type-post","status-publish","format-standard","has-post-thumbnail","hentry","category-economia"],"_links":{"self":[{"href":"https:\/\/tintafresca.net\/index.php\/wp-json\/wp\/v2\/posts\/17445","targetHints":{"allow":["GET"]}}],"collection":[{"href":"https:\/\/tintafresca.net\/index.php\/wp-json\/wp\/v2\/posts"}],"about":[{"href":"https:\/\/tintafresca.net\/index.php\/wp-json\/wp\/v2\/types\/post"}],"author":[{"embeddable":true,"href":"https:\/\/tintafresca.net\/index.php\/wp-json\/wp\/v2\/users\/2"}],"replies":[{"embeddable":true,"href":"https:\/\/tintafresca.net\/index.php\/wp-json\/wp\/v2\/comments?post=17445"}],"version-history":[{"count":3,"href":"https:\/\/tintafresca.net\/index.php\/wp-json\/wp\/v2\/posts\/17445\/revisions"}],"predecessor-version":[{"id":17450,"href":"https:\/\/tintafresca.net\/index.php\/wp-json\/wp\/v2\/posts\/17445\/revisions\/17450"}],"wp:featuredmedia":[{"embeddable":true,"href":"https:\/\/tintafresca.net\/index.php\/wp-json\/wp\/v2\/media\/17448"}],"wp:attachment":[{"href":"https:\/\/tintafresca.net\/index.php\/wp-json\/wp\/v2\/media?parent=17445"}],"wp:term":[{"taxonomy":"category","embeddable":true,"href":"https:\/\/tintafresca.net\/index.php\/wp-json\/wp\/v2\/categories?post=17445"},{"taxonomy":"post_tag","embeddable":true,"href":"https:\/\/tintafresca.net\/index.php\/wp-json\/wp\/v2\/tags?post=17445"}],"curies":[{"name":"wp","href":"https:\/\/api.w.org\/{rel}","templated":true}]}}