{"id":1756,"date":"2021-02-24T19:32:12","date_gmt":"2021-02-24T19:32:12","guid":{"rendered":"https:\/\/tintafresca.net\/?p=1756"},"modified":"2021-02-25T13:24:32","modified_gmt":"2021-02-25T13:24:32","slug":"numero-de-casos-diarios-de-covid-19-no-medio-tejo-e-inferior-a-1-por-concelho","status":"publish","type":"post","link":"https:\/\/tintafresca.net\/index.php\/2021\/02\/24\/numero-de-casos-diarios-de-covid-19-no-medio-tejo-e-inferior-a-1-por-concelho\/","title":{"rendered":"N\u00famero de casos di\u00e1rios de COVID-19 no M\u00e9dio Tejo \u00e9 inferior a 1 por concelho"},"content":{"rendered":"<div id=\"attachment_1759\" style=\"width: 510px\" class=\"wp-caption alignleft\"><img loading=\"lazy\" decoding=\"async\" aria-describedby=\"caption-attachment-1759\" class=\"wp-image-1759 size-full\" src=\"https:\/\/tintafresca.net\/wp-content\/uploads\/2021\/02\/Tomar.jpg\" alt=\"\" width=\"500\" height=\"666\" \/><p id=\"caption-attachment-1759\" class=\"wp-caption-text\">Igreja de S\u00e3o Jo\u00e3o Baptista, em Tomar<\/p><\/div>\n<p>O n\u00famero m\u00e9dio de casos di\u00e1rios de COVID-19 no M\u00e9dio Tejo j\u00e1 \u00e9 inferior a 1 por concelho, tendo registado esta quarta-feira, dia 23 de fevereiro, apenas 12 casos novos nos 13 concelhos abrangidos. No dia anterior, segundo dados da Comunidade Intermunicipal do M\u00e9dio Tejo, registou ainda um n\u00famero menor, apenas 9 casos.<\/p>\n<p>Our\u00e9m e Torres Novas registaram 4 casos, Alcanena e a Sert\u00e3 2, Entroncamento, Tomar, Vila de Rei e Vila Nova da Barquinha apenas 1 caso cada, enquanto Abrantes, Const\u00e2ncia, Ferreira do Z\u00eazere, Ma\u00e7\u00e3o e Sardoal n\u00e3o tiveram qualquer novo caso de infe\u00e7\u00e3o pelo coronav\u00edrus.<\/p>\n<p>No total, o n\u00famero de infetados desde o in\u00edcio da pandemia ascende a 13.370 e o de recuperados a 11.835.<\/p>\n","protected":false},"excerpt":{"rendered":"<p>O n\u00famero m\u00e9dio de casos di\u00e1rios de COVID-19 no M\u00e9dio Tejo j\u00e1 \u00e9 inferior a 1 por concelho, tendo registado esta quarta-feira, dia 23 de fevereiro, apenas 12 casos novos nos 13 concelhos abrangidos. No dia anterior, segundo dados da Comunidade Intermunicipal do M\u00e9dio Tejo, registou ainda um n\u00famero menor, apenas 9 casos. Our\u00e9m e [&hellip;]<\/p>\n","protected":false},"author":2,"featured_media":1760,"comment_status":"open","ping_status":"open","sticky":false,"template":"","format":"standard","meta":{"footnotes":""},"categories":[6],"tags":[],"class_list":["post-1756","post","type-post","status-publish","format-standard","has-post-thumbnail","hentry","category-saude"],"_links":{"self":[{"href":"https:\/\/tintafresca.net\/index.php\/wp-json\/wp\/v2\/posts\/1756","targetHints":{"allow":["GET"]}}],"collection":[{"href":"https:\/\/tintafresca.net\/index.php\/wp-json\/wp\/v2\/posts"}],"about":[{"href":"https:\/\/tintafresca.net\/index.php\/wp-json\/wp\/v2\/types\/post"}],"author":[{"embeddable":true,"href":"https:\/\/tintafresca.net\/index.php\/wp-json\/wp\/v2\/users\/2"}],"replies":[{"embeddable":true,"href":"https:\/\/tintafresca.net\/index.php\/wp-json\/wp\/v2\/comments?post=1756"}],"version-history":[{"count":4,"href":"https:\/\/tintafresca.net\/index.php\/wp-json\/wp\/v2\/posts\/1756\/revisions"}],"predecessor-version":[{"id":1786,"href":"https:\/\/tintafresca.net\/index.php\/wp-json\/wp\/v2\/posts\/1756\/revisions\/1786"}],"wp:featuredmedia":[{"embeddable":true,"href":"https:\/\/tintafresca.net\/index.php\/wp-json\/wp\/v2\/media\/1760"}],"wp:attachment":[{"href":"https:\/\/tintafresca.net\/index.php\/wp-json\/wp\/v2\/media?parent=1756"}],"wp:term":[{"taxonomy":"category","embeddable":true,"href":"https:\/\/tintafresca.net\/index.php\/wp-json\/wp\/v2\/categories?post=1756"},{"taxonomy":"post_tag","embeddable":true,"href":"https:\/\/tintafresca.net\/index.php\/wp-json\/wp\/v2\/tags?post=1756"}],"curies":[{"name":"wp","href":"https:\/\/api.w.org\/{rel}","templated":true}]}}