{"id":1763,"date":"2021-02-24T19:58:57","date_gmt":"2021-02-24T19:58:57","guid":{"rendered":"https:\/\/tintafresca.net\/?p=1763"},"modified":"2021-02-24T20:59:29","modified_gmt":"2021-02-24T20:59:29","slug":"batalha-reabilita-parque-tematico-e-sensorial-da-aldeia-da-pia-do-urso-e-cria-novos-percursos-pedestres","status":"publish","type":"post","link":"https:\/\/tintafresca.net\/index.php\/2021\/02\/24\/batalha-reabilita-parque-tematico-e-sensorial-da-aldeia-da-pia-do-urso-e-cria-novos-percursos-pedestres\/","title":{"rendered":"Batalha reabilita Parque tem\u00e1tico e sensorial da Aldeia da Pia do Urso e cria novos percursos pedestres"},"content":{"rendered":"<div id=\"attachment_1767\" style=\"width: 510px\" class=\"wp-caption alignleft\"><img loading=\"lazy\" decoding=\"async\" aria-describedby=\"caption-attachment-1767\" class=\"wp-image-1767\" src=\"https:\/\/tintafresca.net\/wp-content\/uploads\/2021\/02\/Batalha_Pedestres_2.jpg\" alt=\"\" width=\"500\" height=\"332\" \/><p id=\"caption-attachment-1767\" class=\"wp-caption-text\">Percurso pedestre<\/p><\/div>\n<p>As interven\u00e7\u00f5es a realizar respeitam diversos \u00e2mbitos de interven\u00e7\u00f5es centradas no Patrim\u00f3nio Natural e na dinamiza\u00e7\u00e3o dos recursos naturais, a concretizar nos equipamentos disponibilizados ao p\u00fablico, designadamente nos percursos pedonais, zona escalada de Reguengo do Fetal e no Ecoparque sensorial da Pia do Urso. As interven\u00e7\u00f5es compreendem desde a sinal\u00e9tica de percursos pedestres, e respetiva homologa\u00e7\u00e3o junto da Federa\u00e7\u00e3o Portuguesa de Montanhismo e Campismo, \u00e0 requalifica\u00e7\u00e3o das esta\u00e7\u00f5es sensoriais do Ecoparque sensorial da Pia do Urso e instala\u00e7\u00e3o de sinal\u00e9tica na Parede de Escalada de Reguengo do Fetal.<\/p>\n<p>A candidatura aprovada foi submetida em co-promo\u00e7\u00e3o com 9 munic\u00edpios da Regi\u00e3o (Alvai\u00e1zere, Ansi\u00e3o, Batalha, Castanheira de Pera, Figueir\u00f3 dos Vinhos, Leiria, Marinha Grande, Pombal e Porto de M\u00f3s), enquadrada no eixo estrat\u00e9gico da valoriza\u00e7\u00e3o e promo\u00e7\u00e3o do patrim\u00f3nio natural da regi\u00e3o de Leiria.<\/p>\n<p>Aldeia da Pia do Urso, inserida na Freguesia de S\u00e3o Mamede, constitui hoje um ponto de interesse tur\u00edstico nacional decorrente da recupera\u00e7\u00e3o de uma aldeia antiga e da implementa\u00e7\u00e3o de um Parque tem\u00e1tico e sensorial, adaptado a invisuais, acompanhado de um circuito pedestre.<\/p>\n<p>Este parque sensorial, distinguido por diversas entidades, com destaque para o Turismo de Portugal e Universidade do Minho (Pr\u00e9mio Munic\u00edpio do Ano \u2013 2016), \u00e9 composto por esta\u00e7\u00f5es interativas e l\u00fadicas que necessitam de ser requalificadas, atendendo \u00e0 sua ampla utiliza\u00e7\u00e3o e desgaste natural.<\/p>\n<p>As esta\u00e7\u00f5es sensoriais objeto de requalifica\u00e7\u00e3o s\u00e3o as seguintes: Esta\u00e7\u00e3o Jur\u00e1ssica, Esta\u00e7\u00e3o Musical, Esta\u00e7\u00e3o Abstrata e Esta\u00e7\u00e3o L\u00fadica. Est\u00e1 ainda instalado na Aldeia da Pia do Urso o Centro de BTT da Batalha, que oferece uma rede de trilhos cicl\u00e1veis, devidamente sinalizados, com mais de 300 quil\u00f3metros de extens\u00e3o, tendo sido o primeiro Centro de BTT do pa\u00eds a ser homologado pela UVP\/Federa\u00e7\u00e3o Portuguesa de\u00a0Ciclismo.<\/p>\n<p>Quanto ao Pedestrianismo, atualmente encontram-se marcados no Concelho da Batalha, 4 percursos pedestres, todos de pequena rota (PR1 \u2013 Mata do Cerejal; PR2 \u2013 Buraco Roto; PR3 \u2013 Rota dos Moinhos; e PR4 \u2013 Caminho Ferro Mineiro do Lena).<\/p>\n<p>O projeto agora aprovado, comtempla, para al\u00e9m da renova\u00e7\u00e3o da sinal\u00e9tica dos percursos existentes, a marca\u00e7\u00e3o de dois novos percursos, a Rota das Pedreiras Hist\u00f3ricas do Mosteiro da Batalha, na freguesia do Reguengo do Fetal, e o Percurso Pedestre \u201cCollippo ao Vale do Lena\u201d, na freguesia da Golpilheira.<\/p>\n<p>A instala\u00e7\u00e3o de Parede de Escalada de Reguengo do Fetal, completa as interven\u00e7\u00f5es associadas ao turismo da natureza e que na sua totalidade representa um investimento de 116 mil euros, comparticipado em 85% pelos fundos europeus do Centro 2020.<\/p>\n<p>Para o presidente da C\u00e2mara Municipal da Batalha, Paulo Batista Santos, \u201ca recupera\u00e7\u00e3o do setor do turismo e a aposta no turismo da natureza, s\u00e3o objetivos priorit\u00e1rios para o relan\u00e7amento da economia local no per\u00edodo p\u00f3s pandemia e ao n\u00edvel do refor\u00e7o das alternativas de lazer para os cidad\u00e3os\u201d.<\/p>\n<p>\u201cEstamos a viver momentos exigentes, de confinamento, mas tamb\u00e9m de despertar para a valoriza\u00e7\u00e3o do desporto e da frui\u00e7\u00e3o da natureza, \u00e1reas que oferecem uma melhor qualidade de vida \u00e0 popula\u00e7\u00e3o\u201d, acrescente o autarca da Batalha.<\/p>\n<p>Os v\u00e1rios projetos aprovados no \u00e2mbito da candidatura, encontram-se em fase de concurso para realiza\u00e7\u00e3o das respetivas interven\u00e7\u00f5es, estimando-se a sua conclus\u00e3o nos pr\u00f3ximos 60 a 90 dias.<\/p>\n<p><strong>\u00a0 \u00a0 Fonte: MB<\/strong><\/p>\n","protected":false},"excerpt":{"rendered":"<p>As interven\u00e7\u00f5es a realizar respeitam diversos \u00e2mbitos de interven\u00e7\u00f5es centradas no Patrim\u00f3nio Natural e na dinamiza\u00e7\u00e3o dos recursos naturais, a concretizar nos equipamentos disponibilizados ao p\u00fablico, designadamente nos percursos pedonais, zona escalada de Reguengo do Fetal e no Ecoparque sensorial da Pia do Urso. As interven\u00e7\u00f5es compreendem desde a sinal\u00e9tica de percursos pedestres, e respetiva [&hellip;]<\/p>\n","protected":false},"author":2,"featured_media":1765,"comment_status":"open","ping_status":"open","sticky":false,"template":"","format":"standard","meta":{"footnotes":""},"categories":[9],"tags":[],"class_list":["post-1763","post","type-post","status-publish","format-standard","has-post-thumbnail","hentry","category-ambiente"],"_links":{"self":[{"href":"https:\/\/tintafresca.net\/index.php\/wp-json\/wp\/v2\/posts\/1763","targetHints":{"allow":["GET"]}}],"collection":[{"href":"https:\/\/tintafresca.net\/index.php\/wp-json\/wp\/v2\/posts"}],"about":[{"href":"https:\/\/tintafresca.net\/index.php\/wp-json\/wp\/v2\/types\/post"}],"author":[{"embeddable":true,"href":"https:\/\/tintafresca.net\/index.php\/wp-json\/wp\/v2\/users\/2"}],"replies":[{"embeddable":true,"href":"https:\/\/tintafresca.net\/index.php\/wp-json\/wp\/v2\/comments?post=1763"}],"version-history":[{"count":4,"href":"https:\/\/tintafresca.net\/index.php\/wp-json\/wp\/v2\/posts\/1763\/revisions"}],"predecessor-version":[{"id":1769,"href":"https:\/\/tintafresca.net\/index.php\/wp-json\/wp\/v2\/posts\/1763\/revisions\/1769"}],"wp:featuredmedia":[{"embeddable":true,"href":"https:\/\/tintafresca.net\/index.php\/wp-json\/wp\/v2\/media\/1765"}],"wp:attachment":[{"href":"https:\/\/tintafresca.net\/index.php\/wp-json\/wp\/v2\/media?parent=1763"}],"wp:term":[{"taxonomy":"category","embeddable":true,"href":"https:\/\/tintafresca.net\/index.php\/wp-json\/wp\/v2\/categories?post=1763"},{"taxonomy":"post_tag","embeddable":true,"href":"https:\/\/tintafresca.net\/index.php\/wp-json\/wp\/v2\/tags?post=1763"}],"curies":[{"name":"wp","href":"https:\/\/api.w.org\/{rel}","templated":true}]}}