{"id":17641,"date":"2022-06-19T19:44:01","date_gmt":"2022-06-19T19:44:01","guid":{"rendered":"https:\/\/tintafresca.net\/?p=17641"},"modified":"2022-06-19T19:44:01","modified_gmt":"2022-06-19T19:44:01","slug":"seis-empresas-do-distrito-de-leiria-em-feira-vao-a-feira-na-alemanha-com-o-apoio-da-nerlei","status":"publish","type":"post","link":"https:\/\/tintafresca.net\/index.php\/2022\/06\/19\/seis-empresas-do-distrito-de-leiria-em-feira-vao-a-feira-na-alemanha-com-o-apoio-da-nerlei\/","title":{"rendered":"Seis empresas do distrito de Leiria em feira v\u00e3o a feira na Alemanha com o apoio da NERLEI"},"content":{"rendered":"<div id=\"attachment_9440\" style=\"width: 510px\" class=\"wp-caption alignleft\"><img loading=\"lazy\" decoding=\"async\" aria-describedby=\"caption-attachment-9440\" class=\"wp-image-9440 size-full\" src=\"https:\/\/tintafresca.net\/wp-content\/uploads\/2021\/10\/Nerlei_2010.jpg\" alt=\"\" width=\"500\" height=\"375\" srcset=\"https:\/\/tintafresca.net\/wp-content\/uploads\/2021\/10\/Nerlei_2010.jpg 500w, https:\/\/tintafresca.net\/wp-content\/uploads\/2021\/10\/Nerlei_2010-300x225.jpg 300w\" sizes=\"auto, (max-width: 500px) 100vw, 500px\" \/><p id=\"caption-attachment-9440\" class=\"wp-caption-text\">Sede da NERLEI<\/p><\/div>\n<p>Seis empresas do distrito de Leiria, com atividades ligadas a m\u00e1quinas, equipamentos e mat\u00e9rias-primas para a ind\u00fastria cer\u00e2mica, v\u00e3o participar na feira CERAMITEC, que decorre entre 21 e 24 de junho, em Munique, Alemanha, contando para tal com o apoio da NERLEI \u2013 Associa\u00e7\u00e3o Empresarial da Regi\u00e3o de Leiria.<\/p>\n<p>Do concelho de Leiria estar\u00e3o presentes na CERAMITEC a Corb\u00e1rio &#8211; Minerais Industriais, SA, empresa que se dedica \u00e0 extra\u00e7\u00e3o de argilas e caulino; a ImpactDistance, Lda, com atividade de montagem de material industrial el\u00e9trico; e a Leirimetal, SA, que trabalha na \u00e1rea da fabrica\u00e7\u00e3o de m\u00e1quinas industriais, material constru\u00e7\u00e3o, cer\u00e2mica e vidro. Do concelho de Alcoba\u00e7a estar\u00e3o a Metal\u00fargica Lopes e Capitaz, Lda e RJC &#8211; Solu\u00e7\u00f5es Industriais, SA, ambas a atuar na \u00e1rea metal\u00fargica. Do concelho da Batalha vai participar a Induzir, Lda, que se dedica \u00e0 fabrica\u00e7\u00e3o de fornos para a ind\u00fastria cer\u00e2mica<\/p>\n<p>Esta \u00e9 a terceira edi\u00e7\u00e3o consecutiva em que a NERLEI apoia a participa\u00e7\u00e3o de empresas portuguesas na CERAMITEC. Esta feira internacional, que se realiza de 3 em 3 anos, \u00e9 ponto de encontro para todos os setores, l\u00edderes de mercado, decisores e cadeias de valor que se relacionam com a ind\u00fastria cer\u00e2mica. Por isto e por ter mais de 633 expositores, de 38 pa\u00edses, e por 64 por cento dos expositores e visitantes virem de fora da Alemanha, esta \u00e9 considerada a feira internacional l\u00edder para esta ind\u00fastria (cer\u00e2mica).<\/p>\n<p>Esta \u00e9 uma a\u00e7\u00e3o integrada no projeto <em>International Business 2021-23<\/em>, promovido pela NERLEI, que tem como objetivo promover o desenvolvimento da competitividade e capacidade exportadora num conjunto de PME, atrav\u00e9s da implementa\u00e7\u00e3o de um programa estruturado de a\u00e7\u00f5es de capacita\u00e7\u00e3o das empresas para a internacionaliza\u00e7\u00e3o e de a\u00e7\u00f5es promocionais e de marketing em mercados internacionais identificados como priorit\u00e1rios para o refor\u00e7o das exporta\u00e7\u00f5es destas mesmas empresas. \u00c9 financiado pelo Portugal 2020, no \u00e2mbito do Programa Operacional Competitividade e Internacionaliza\u00e7\u00e3o, no montante de 2.451.005,38 euros, dos quais 1.388.829,95 euros s\u00e3o provenientes do Fundo Europeu de Desenvolvimento Regional.<\/p>\n<p><strong>Fonte: NERLEI<\/strong><\/p>\n","protected":false},"excerpt":{"rendered":"<p>Seis empresas do distrito de Leiria, com atividades ligadas a m\u00e1quinas, equipamentos e mat\u00e9rias-primas para a ind\u00fastria cer\u00e2mica, v\u00e3o participar na feira CERAMITEC, que decorre entre 21 e 24 de junho, em Munique, Alemanha, contando para tal com o apoio da NERLEI \u2013 Associa\u00e7\u00e3o Empresarial da Regi\u00e3o de Leiria. Do concelho de Leiria estar\u00e3o presentes [&hellip;]<\/p>\n","protected":false},"author":2,"featured_media":9441,"comment_status":"open","ping_status":"open","sticky":false,"template":"","format":"standard","meta":{"footnotes":""},"categories":[7],"tags":[],"class_list":["post-17641","post","type-post","status-publish","format-standard","has-post-thumbnail","hentry","category-economia"],"_links":{"self":[{"href":"https:\/\/tintafresca.net\/index.php\/wp-json\/wp\/v2\/posts\/17641","targetHints":{"allow":["GET"]}}],"collection":[{"href":"https:\/\/tintafresca.net\/index.php\/wp-json\/wp\/v2\/posts"}],"about":[{"href":"https:\/\/tintafresca.net\/index.php\/wp-json\/wp\/v2\/types\/post"}],"author":[{"embeddable":true,"href":"https:\/\/tintafresca.net\/index.php\/wp-json\/wp\/v2\/users\/2"}],"replies":[{"embeddable":true,"href":"https:\/\/tintafresca.net\/index.php\/wp-json\/wp\/v2\/comments?post=17641"}],"version-history":[{"count":2,"href":"https:\/\/tintafresca.net\/index.php\/wp-json\/wp\/v2\/posts\/17641\/revisions"}],"predecessor-version":[{"id":17643,"href":"https:\/\/tintafresca.net\/index.php\/wp-json\/wp\/v2\/posts\/17641\/revisions\/17643"}],"wp:featuredmedia":[{"embeddable":true,"href":"https:\/\/tintafresca.net\/index.php\/wp-json\/wp\/v2\/media\/9441"}],"wp:attachment":[{"href":"https:\/\/tintafresca.net\/index.php\/wp-json\/wp\/v2\/media?parent=17641"}],"wp:term":[{"taxonomy":"category","embeddable":true,"href":"https:\/\/tintafresca.net\/index.php\/wp-json\/wp\/v2\/categories?post=17641"},{"taxonomy":"post_tag","embeddable":true,"href":"https:\/\/tintafresca.net\/index.php\/wp-json\/wp\/v2\/tags?post=17641"}],"curies":[{"name":"wp","href":"https:\/\/api.w.org\/{rel}","templated":true}]}}