{"id":1770,"date":"2021-02-24T22:43:22","date_gmt":"2021-02-24T22:43:22","guid":{"rendered":"https:\/\/tintafresca.net\/?p=1770"},"modified":"2021-02-24T22:47:48","modified_gmt":"2021-02-24T22:47:48","slug":"distrital-do-psd-de-santarem-pede-a-abertura-da-base-aerea-de-tancos-a-aviacao-civil","status":"publish","type":"post","link":"https:\/\/tintafresca.net\/index.php\/2021\/02\/24\/distrital-do-psd-de-santarem-pede-a-abertura-da-base-aerea-de-tancos-a-aviacao-civil\/","title":{"rendered":"Distrital do PSD de Santar\u00e9m pede a abertura da base a\u00e9rea de Tancos \u00e0 Avia\u00e7\u00e3o Civil"},"content":{"rendered":"<div id=\"attachment_1772\" style=\"width: 352px\" class=\"wp-caption alignleft\"><img loading=\"lazy\" decoding=\"async\" aria-describedby=\"caption-attachment-1772\" class=\"wp-image-1772 size-full\" src=\"https:\/\/tintafresca.net\/wp-content\/uploads\/2021\/02\/RM_Isaura_Morais2.jpg\" alt=\"\" width=\"342\" height=\"384\" \/><p id=\"caption-attachment-1772\" class=\"wp-caption-text\">Isaura Morais<\/p><\/div>\n<p>Estando a decorrer o processo de consulta p\u00fablica do PRR \u2013 Plano de Recupera\u00e7\u00e3o e Resili\u00eancia, at\u00e9 ao dia 1 de mar\u00e7o, a Comiss\u00e3o Pol\u00edtica Distrital do PSD de Santar\u00e9m tomou a iniciativa de submeter, no dia 22 de fevereiro, 4 propostas de inclus\u00e3o no plano: conclus\u00e3o do IC3, constru\u00e7\u00e3o da variante ferrovi\u00e1ria Santar\u00e9m &#8211; Entroncamento da linha do Norte, abertura da base a\u00e9rea de Tancos \u00e0 Avia\u00e7\u00e3o Civil e aproveitamento hidr\u00e1ulico do Rio Tejo. Estas propostas surgem ap\u00f3s a Comiss\u00e3o Pol\u00edtica ter verificado a aus\u00eancia de investimentos para o Distrito de Santar\u00e9m, no referido plano.<\/p>\n<p>Para al\u00e9m da submiss\u00e3o das propostas, a Comiss\u00e3o Pol\u00edtica remeteu tamb\u00e9m as mesmas aos Munic\u00edpios das \u00e1reas de interesse (Almeirim, Alpiar\u00e7a, Chamusca, Entroncamento, Goleg\u00e3, Our\u00e9m, Santar\u00e9m, Torres Novas e Vila Nova da Barquinha), bem como \u00e0s Comunidades Intermunicipais.<\/p>\n<p><strong>\u00a0 \u00a0 Fonte: CPD|PSD|Santar\u00e9m<\/strong><\/p>\n<p>&nbsp;<\/p>\n<p>&nbsp;<\/p>\n","protected":false},"excerpt":{"rendered":"<p>Estando a decorrer o processo de consulta p\u00fablica do PRR \u2013 Plano de Recupera\u00e7\u00e3o e Resili\u00eancia, at\u00e9 ao dia 1 de mar\u00e7o, a Comiss\u00e3o Pol\u00edtica Distrital do PSD de Santar\u00e9m tomou a iniciativa de submeter, no dia 22 de fevereiro, 4 propostas de inclus\u00e3o no plano: conclus\u00e3o do IC3, constru\u00e7\u00e3o da variante ferrovi\u00e1ria Santar\u00e9m &#8211; [&hellip;]<\/p>\n","protected":false},"author":2,"featured_media":1772,"comment_status":"open","ping_status":"open","sticky":false,"template":"","format":"standard","meta":{"footnotes":""},"categories":[7],"tags":[],"class_list":["post-1770","post","type-post","status-publish","format-standard","has-post-thumbnail","hentry","category-economia"],"_links":{"self":[{"href":"https:\/\/tintafresca.net\/index.php\/wp-json\/wp\/v2\/posts\/1770","targetHints":{"allow":["GET"]}}],"collection":[{"href":"https:\/\/tintafresca.net\/index.php\/wp-json\/wp\/v2\/posts"}],"about":[{"href":"https:\/\/tintafresca.net\/index.php\/wp-json\/wp\/v2\/types\/post"}],"author":[{"embeddable":true,"href":"https:\/\/tintafresca.net\/index.php\/wp-json\/wp\/v2\/users\/2"}],"replies":[{"embeddable":true,"href":"https:\/\/tintafresca.net\/index.php\/wp-json\/wp\/v2\/comments?post=1770"}],"version-history":[{"count":2,"href":"https:\/\/tintafresca.net\/index.php\/wp-json\/wp\/v2\/posts\/1770\/revisions"}],"predecessor-version":[{"id":1773,"href":"https:\/\/tintafresca.net\/index.php\/wp-json\/wp\/v2\/posts\/1770\/revisions\/1773"}],"wp:featuredmedia":[{"embeddable":true,"href":"https:\/\/tintafresca.net\/index.php\/wp-json\/wp\/v2\/media\/1772"}],"wp:attachment":[{"href":"https:\/\/tintafresca.net\/index.php\/wp-json\/wp\/v2\/media?parent=1770"}],"wp:term":[{"taxonomy":"category","embeddable":true,"href":"https:\/\/tintafresca.net\/index.php\/wp-json\/wp\/v2\/categories?post=1770"},{"taxonomy":"post_tag","embeddable":true,"href":"https:\/\/tintafresca.net\/index.php\/wp-json\/wp\/v2\/tags?post=1770"}],"curies":[{"name":"wp","href":"https:\/\/api.w.org\/{rel}","templated":true}]}}