{"id":17730,"date":"2022-06-22T17:25:37","date_gmt":"2022-06-22T17:25:37","guid":{"rendered":"https:\/\/tintafresca.net\/?p=17730"},"modified":"2022-06-22T17:30:29","modified_gmt":"2022-06-22T17:30:29","slug":"deputados-do-psd-alertam-que-falta-de-anestesiologistas-e-ortopedistas-no-hospital-distrital-de-santarem-impossibilita-missao-assistencial-da-unidade","status":"publish","type":"post","link":"https:\/\/tintafresca.net\/index.php\/2022\/06\/22\/deputados-do-psd-alertam-que-falta-de-anestesiologistas-e-ortopedistas-no-hospital-distrital-de-santarem-impossibilita-missao-assistencial-da-unidade\/","title":{"rendered":"Deputados do PSD alertam que falta de m\u00e9dicos no Hospital Distrital de Santar\u00e9m impossibilita \u201cmiss\u00e3o assistencial\u201d"},"content":{"rendered":"<div id=\"attachment_17732\" style=\"width: 500px\" class=\"wp-caption alignleft\"><img loading=\"lazy\" decoding=\"async\" aria-describedby=\"caption-attachment-17732\" class=\"wp-image-17732 size-full\" src=\"https:\/\/tintafresca.net\/wp-content\/uploads\/2022\/06\/Santarem_Ines_Barroso10.jpg\" alt=\"\" width=\"490\" height=\"416\" srcset=\"https:\/\/tintafresca.net\/wp-content\/uploads\/2022\/06\/Santarem_Ines_Barroso10.jpg 490w, https:\/\/tintafresca.net\/wp-content\/uploads\/2022\/06\/Santarem_Ines_Barroso10-300x255.jpg 300w\" sizes=\"auto, (max-width: 490px) 100vw, 490px\" \/><p id=\"caption-attachment-17732\" class=\"wp-caption-text\">In\u00eas Barroso<\/p><\/div>\n<p>In\u00eas Barroso, Isaura Morais e Jo\u00e3o Moura, deputados do PSD por Santar\u00e9m, criticam a incapacidade do Governo para responder \u00e0 falta de m\u00e9dicos especialistas em anestesiologia e ortopedia no Hospital Distrital de Santar\u00e9m (HDS).<\/p>\n<p>Numa pergunta \u00e0 ministra da Sa\u00fade, esta quarta-feira, dia 22 de junho, os deputados social-democratas por Santar\u00e9m recordam que, durante a discuss\u00e3o do Or\u00e7amento do Estado para 2022, alertaram para \u201co subfinanciamento do Minist\u00e9rio da Sa\u00fade aos hospitais p\u00fablicos, identificando o modelo de governa\u00e7\u00e3o como n\u00e3o adequado as exig\u00eancias di\u00e1rias da gest\u00e3o hospitalar, por excesso da burocracia e vincada falta de autonomia administrativa e financeira para uma adequada gest\u00e3o de recursos humanos e contrata\u00e7\u00e3o de servi\u00e7os\u201d.<\/p>\n<p>Para o PSD, \u201ca grande dificuldade n\u00e3o \u00e9 s\u00f3 a contrata\u00e7\u00e3o de novos m\u00e9dicos, mas a gest\u00e3o dos que j\u00e1 trabalham no SNS\u201d.<\/p>\n<p>De acordo com os parlamentares, no \u201cHospital Distrital de Santar\u00e9m, os constrangimentos que se verificaram nos dois \u00faltimos fins de semana, estiveram relacionados com o n\u00famero reduzido de m\u00e9dicos anestesistas, o que obviamente afetou os servi\u00e7os de ginecologia\/obstetr\u00edcia. Este Hospital manteve o atendimento, mas teve condicionamentos inevit\u00e1veis, para n\u00e3o se correrem quaisquer riscos ao n\u00edvel dos cuidados m\u00e9dicos a prestar.\u201d<\/p>\n<p>\u201c Nos dias 10, 11 e 12 de junho, o HDS manteve o funcionamento dos Servi\u00e7os de Ginecologia e Obstetr\u00edcia com uma equipa diminu\u00edda, mas recusou a rece\u00e7\u00e3o de politraumatizados e\/ou a necessitar de cuidados de obstetr\u00edcia\/ginecologia que implicassem os servi\u00e7os de m\u00e9dicos anestesistas\u201d, acrescentam.<\/p>\n<p>Al\u00e9m disso, \u201cnos dias 18 e 19 de junho, o HDS continuou a registar limita\u00e7\u00f5es no bloco de partos e na cirurgia traumatol\u00f3gica, por falta de anestesistas, obrigando ao reencaminhamento de doentes urgentes para outros hospitais da rede\u201d.<\/p>\n<p>Assim, \u201cpara quando est\u00e1 prevista uma efetiva restrutura\u00e7\u00e3o do modelo de governa\u00e7\u00e3o, que d\u00ea recursos e real autonomia de gest\u00e3o \u00e0s institui\u00e7\u00f5es hospitalares?\u201d, interrogam os deputados.<\/p>\n<p>Embora o Governo tenha, de acordo com o PSD, anunciado a contrata\u00e7\u00e3o de 86 m\u00e9dicos especialistas em Anestesiologia, (\u2026) a administra\u00e7\u00e3o comunicou a necessidade de entrada de oito m\u00e9dicos. (\u2026) E a tutela indicou que poder\u00e1 ser alocado um especialista\u201d.<\/p>\n<p>\u201cEsta situa\u00e7\u00e3o impossibilita o HDS de prestar servi\u00e7os \u00e0 popula\u00e7\u00e3o, ou seja, est\u00e1 o Governo a incumprir na garantia de meios para que a unidade hospitalar cumpra a sua miss\u00e3o assistencial\u201d, concluem.<\/p>\n<p>Em suma, o PSD pergunta para quando est\u00e1 prevista uma efetiva restrutura\u00e7\u00e3o do modelo de governa\u00e7\u00e3o, que d\u00ea recursos e real autonomia de gest\u00e3o \u00e0s institui\u00e7\u00f5es hospitalares.<\/p>\n<p>Questiona ainda se a tutela tem conhecimento das limita\u00e7\u00f5es em termos de recursos humanos do Hospital Distrital de Santar\u00e9m, para quando est\u00e1 previsto o refor\u00e7o de m\u00e9dicos especialistas de anestesia e de ortopedia para o Hospital Distrital de Santar\u00e9m e quantas vagas ser\u00e3o preenchidas nesta unidade hospitalar por m\u00e9dicos anestesistas e m\u00e9dicos ortopedistas.<\/p>\n<p>Por \u00faltimo, o PSD questiona como pode o Hospital Distrital de Santar\u00e9m assegurar servi\u00e7os de anestesia e de ortopedia, sem ver atendidas as suas necessidades m\u00ednimas ao n\u00edvel de recursos humanos.<\/p>\n","protected":false},"excerpt":{"rendered":"<p>In\u00eas Barroso, Isaura Morais e Jo\u00e3o Moura, deputados do PSD por Santar\u00e9m, criticam a incapacidade do Governo para responder \u00e0 falta de m\u00e9dicos especialistas em anestesiologia e ortopedia no Hospital Distrital de Santar\u00e9m (HDS). Numa pergunta \u00e0 ministra da Sa\u00fade, esta quarta-feira, dia 22 de junho, os deputados social-democratas por Santar\u00e9m recordam que, durante a [&hellip;]<\/p>\n","protected":false},"author":2,"featured_media":17733,"comment_status":"open","ping_status":"open","sticky":false,"template":"","format":"standard","meta":{"footnotes":""},"categories":[6],"tags":[],"class_list":["post-17730","post","type-post","status-publish","format-standard","has-post-thumbnail","hentry","category-saude"],"_links":{"self":[{"href":"https:\/\/tintafresca.net\/index.php\/wp-json\/wp\/v2\/posts\/17730","targetHints":{"allow":["GET"]}}],"collection":[{"href":"https:\/\/tintafresca.net\/index.php\/wp-json\/wp\/v2\/posts"}],"about":[{"href":"https:\/\/tintafresca.net\/index.php\/wp-json\/wp\/v2\/types\/post"}],"author":[{"embeddable":true,"href":"https:\/\/tintafresca.net\/index.php\/wp-json\/wp\/v2\/users\/2"}],"replies":[{"embeddable":true,"href":"https:\/\/tintafresca.net\/index.php\/wp-json\/wp\/v2\/comments?post=17730"}],"version-history":[{"count":4,"href":"https:\/\/tintafresca.net\/index.php\/wp-json\/wp\/v2\/posts\/17730\/revisions"}],"predecessor-version":[{"id":17736,"href":"https:\/\/tintafresca.net\/index.php\/wp-json\/wp\/v2\/posts\/17730\/revisions\/17736"}],"wp:featuredmedia":[{"embeddable":true,"href":"https:\/\/tintafresca.net\/index.php\/wp-json\/wp\/v2\/media\/17733"}],"wp:attachment":[{"href":"https:\/\/tintafresca.net\/index.php\/wp-json\/wp\/v2\/media?parent=17730"}],"wp:term":[{"taxonomy":"category","embeddable":true,"href":"https:\/\/tintafresca.net\/index.php\/wp-json\/wp\/v2\/categories?post=17730"},{"taxonomy":"post_tag","embeddable":true,"href":"https:\/\/tintafresca.net\/index.php\/wp-json\/wp\/v2\/tags?post=17730"}],"curies":[{"name":"wp","href":"https:\/\/api.w.org\/{rel}","templated":true}]}}