{"id":1774,"date":"2021-02-25T11:48:12","date_gmt":"2021-02-25T11:48:12","guid":{"rendered":"https:\/\/tintafresca.net\/?p=1774"},"modified":"2021-02-25T11:53:46","modified_gmt":"2021-02-25T11:53:46","slug":"prof-carlos-borrego-profere-palestra-economia-circular-imprescindivel-para-a-resiliencia-climatica-e-globalizacao","status":"publish","type":"post","link":"https:\/\/tintafresca.net\/index.php\/2021\/02\/25\/prof-carlos-borrego-profere-palestra-economia-circular-imprescindivel-para-a-resiliencia-climatica-e-globalizacao\/","title":{"rendered":"Prof. Carlos Borrego profere palestra \u201cEconomia Circular &#8211; Imprescind\u00edvel para a resili\u00eancia clim\u00e1tica e globaliza\u00e7\u00e3o\u201d"},"content":{"rendered":"<div id=\"attachment_1778\" style=\"width: 510px\" class=\"wp-caption alignleft\"><img loading=\"lazy\" decoding=\"async\" aria-describedby=\"caption-attachment-1778\" class=\"wp-image-1778 size-full\" src=\"https:\/\/tintafresca.net\/wp-content\/uploads\/2021\/02\/Carlos_Borrego_conferencia10.png\" alt=\"\" width=\"500\" height=\"707\" \/><p id=\"caption-attachment-1778\" class=\"wp-caption-text\">Cartaz<\/p><\/div>\n<p>Numa iniciativa do Rotary Clube de Peniche, em parceria com a Arm\u00e9ria &#8211; Movimento Ambientalista de Peniche, Escola Superior de Turismo e Tecnologia do Mar de Peniche e Projeto Smart Ocean, ter\u00e1 lugar esta quinta-feira, dia 25 de Fevereiro, pelas 21h horas, em videoconfer\u00eancia via plataforma ZOOM, uma Palestra com o tema: \u201cEconomia Circular \u2013 Imprescind\u00edvel para a resili\u00eancia clim\u00e1tica e globaliza\u00e7\u00e3o\u201d conduzida por Carlos Borrego, Professor Catedr\u00e1tico da Universidade de Aveiro e ex-ministro do Ambiente.<\/p>\n<p>Evento &#8211;\u00a0<a href=\"https:\/\/www.facebook.com\/events\/471342807225518\" target=\"_blank\" rel=\"noopener\">https:\/\/www.facebook.com\/events\/471342807225518<\/a><\/p>\n","protected":false},"excerpt":{"rendered":"<p>Numa iniciativa do Rotary Clube de Peniche, em parceria com a Arm\u00e9ria &#8211; Movimento Ambientalista de Peniche, Escola Superior de Turismo e Tecnologia do Mar de Peniche e Projeto Smart Ocean, ter\u00e1 lugar esta quinta-feira, dia 25 de Fevereiro, pelas 21h horas, em videoconfer\u00eancia via plataforma ZOOM, uma Palestra com o tema: \u201cEconomia Circular \u2013 [&hellip;]<\/p>\n","protected":false},"author":2,"featured_media":1779,"comment_status":"open","ping_status":"open","sticky":false,"template":"","format":"standard","meta":{"footnotes":""},"categories":[9],"tags":[],"class_list":["post-1774","post","type-post","status-publish","format-standard","has-post-thumbnail","hentry","category-ambiente"],"_links":{"self":[{"href":"https:\/\/tintafresca.net\/index.php\/wp-json\/wp\/v2\/posts\/1774","targetHints":{"allow":["GET"]}}],"collection":[{"href":"https:\/\/tintafresca.net\/index.php\/wp-json\/wp\/v2\/posts"}],"about":[{"href":"https:\/\/tintafresca.net\/index.php\/wp-json\/wp\/v2\/types\/post"}],"author":[{"embeddable":true,"href":"https:\/\/tintafresca.net\/index.php\/wp-json\/wp\/v2\/users\/2"}],"replies":[{"embeddable":true,"href":"https:\/\/tintafresca.net\/index.php\/wp-json\/wp\/v2\/comments?post=1774"}],"version-history":[{"count":4,"href":"https:\/\/tintafresca.net\/index.php\/wp-json\/wp\/v2\/posts\/1774\/revisions"}],"predecessor-version":[{"id":1780,"href":"https:\/\/tintafresca.net\/index.php\/wp-json\/wp\/v2\/posts\/1774\/revisions\/1780"}],"wp:featuredmedia":[{"embeddable":true,"href":"https:\/\/tintafresca.net\/index.php\/wp-json\/wp\/v2\/media\/1779"}],"wp:attachment":[{"href":"https:\/\/tintafresca.net\/index.php\/wp-json\/wp\/v2\/media?parent=1774"}],"wp:term":[{"taxonomy":"category","embeddable":true,"href":"https:\/\/tintafresca.net\/index.php\/wp-json\/wp\/v2\/categories?post=1774"},{"taxonomy":"post_tag","embeddable":true,"href":"https:\/\/tintafresca.net\/index.php\/wp-json\/wp\/v2\/tags?post=1774"}],"curies":[{"name":"wp","href":"https:\/\/api.w.org\/{rel}","templated":true}]}}