{"id":17766,"date":"2022-06-23T21:26:51","date_gmt":"2022-06-23T21:26:51","guid":{"rendered":"https:\/\/tintafresca.net\/?p=17766"},"modified":"2022-06-23T21:43:09","modified_gmt":"2022-06-23T21:43:09","slug":"psd-manifesta-se-contra-aumento-do-preco-da-agua-na-batalha-e-criacao-de-empresa-municipal-para-gerir-as-aguas-no-concelho","status":"publish","type":"post","link":"https:\/\/tintafresca.net\/index.php\/2022\/06\/23\/psd-manifesta-se-contra-aumento-do-preco-da-agua-na-batalha-e-criacao-de-empresa-municipal-para-gerir-as-aguas-no-concelho\/","title":{"rendered":"PSD manifesta-se contra subida do pre\u00e7o da \u00e1gua na Batalha e cria\u00e7\u00e3o de empresa municipal para gerir \u00e1guas no concelho"},"content":{"rendered":"<div id=\"attachment_8665\" style=\"width: 510px\" class=\"wp-caption alignleft\"><img loading=\"lazy\" decoding=\"async\" aria-describedby=\"caption-attachment-8665\" class=\"wp-image-8665\" src=\"https:\/\/tintafresca.net\/wp-content\/uploads\/2021\/09\/Batalha_camara.jpg\" alt=\"\" width=\"500\" height=\"375\" srcset=\"https:\/\/tintafresca.net\/wp-content\/uploads\/2021\/09\/Batalha_camara.jpg 850w, https:\/\/tintafresca.net\/wp-content\/uploads\/2021\/09\/Batalha_camara-300x225.jpg 300w, https:\/\/tintafresca.net\/wp-content\/uploads\/2021\/09\/Batalha_camara-768x576.jpg 768w\" sizes=\"auto, (max-width: 500px) 100vw, 500px\" \/><p id=\"caption-attachment-8665\" class=\"wp-caption-text\">Sede da C\u00e2mara Municipal da Batalha<\/p><\/div>\n<p>O PSD denuncia que \u201ca maioria \u201cindependente\u201d e socialista que agora governa a C\u00e2mara Municipal da Batalha fez aprovar esta segunda-feira, dia 20 de junho, a cria\u00e7\u00e3o de mais uma empresa municipal para gerir e explorar os sistemas p\u00fablicos de capta\u00e7\u00e3o e distribui\u00e7\u00e3o de \u00e1gua na \u00e1rea do Munic\u00edpio da Batalha, com encargos acrescidos para o Munic\u00edpio e sobretudo com impactos para os consumidores particulares e empresas.\u201d<\/p>\n<p>Ainda segundo os sociais-democratas, \u201cpara compensar esta decis\u00e3o despesista e sem sentido estrat\u00e9gico para o futuro do Concelho da Batalha, a mesma maioria aprovou um novo modelo tarif\u00e1rio que significa um aumento colossal dos custos de \u00e1gua. Nas proje\u00e7\u00f5es feitas pela pr\u00f3pria maioria, registam-se aumentos em todos os escal\u00f5es, sendo particularmente penalizados os consumidores n\u00e3o dom\u00e9sticos (ind\u00fastrias e com\u00e9rcio) com aumento real no custo de \u00e1gua que variam entre os 7% (3\u00ba escal\u00e3o) e 11,2%, no primeiro escal\u00e3o. A tarifa de disponibilidade para estes consumidores aumenta 25,8%.\u201d<\/p>\n<p>Al\u00e9m disso, \u201cos consumidores dom\u00e9sticos tamb\u00e9m n\u00e3o escapam, conhecem aumentos de 6% (no 1\u00ba escal\u00e3o onde est\u00e3o mais de 80% dos consumidores), at\u00e9 3,4%, no \u00faltimo escal\u00e3o de consumo. A tarifa de disponibilidade aumenta mais de 9% para os consumidores dom\u00e9stico. Pela proposta apresentada, por exemplo, segundo dos dados fornecidos, o munic\u00edpio da Batalha passar\u00e1 a ter a \u00e1gua mais cara dos munic\u00edpios da regi\u00e3o nos consumos do 3\u00ba escal\u00e3o, apenas superado pelo Munic\u00edpio de Our\u00e9m \u2013 v\u00edtima da opera\u00e7\u00e3o da tamb\u00e9m empresa intermunicipal Tejo Ambiente\u201d, acrescentam.<\/p>\n<p>Os vereadores eleitos pelo PSD votaram contra esta proposta por considerarem que \u201cum \u00aberro n\u00e3o se emenda com outro erro ainda maior\u00bb, ou seja, n\u00e3o bastava \u00e0 atual governa\u00e7\u00e3o acabar com uma concess\u00e3o gerida de forma exemplar por empresa privada h\u00e1 25 anos, praticando as tarifas mais baixas da regi\u00e3o e fornecendo um servi\u00e7o de elevada qualidade, como agora decidem constituir mais uma empresa municipal, criar mais uns lugares de nomea\u00e7\u00e3o e fazer os mun\u00edcipes e as empresas pagar esta op\u00e7\u00e3o atrav\u00e9s do aumento sem justifica\u00e7\u00e3o do pre\u00e7o da \u00e1gua.\u201d<\/p>\n<p>Para o PSD est\u00e1 \u00e9 uma m\u00e1 decis\u00e3o para o futuro do Concelho e prejudica o equil\u00edbrio financeiro da autarquia, que deve ser obtido pela capta\u00e7\u00e3o de investimento, aumento da competitividade e redu\u00e7\u00e3o da despesa municipal e n\u00e3o pelo aumento de impostos, pre\u00e7o da presta\u00e7\u00e3o de servi\u00e7os, ou do fornecimento de um bem essencial como a \u00e1gua.<\/p>\n<p>Os sociais-democratas consideram que \u201cfica agora mais claro que a cria\u00e7\u00e3o da nova empresa municipal ter\u00e1 um acr\u00e9scimo de custos muito significativo, quando comparado com a op\u00e7\u00e3o de internaliza\u00e7\u00e3o para os servi\u00e7os municipalizados ou da manuten\u00e7\u00e3o da concess\u00e3o a empresa privada, sejam ao n\u00edvel dos custos com o pessoal, custos fiscais e ainda ao n\u00edvel da obten\u00e7\u00e3o de fundos europeus, uma vez que na proposta efetuada ser\u00e1 esta entidade a gerir as candidaturas e a realizar o investimento.\u201d<\/p>\n<p>Segundo o PSD, os pressupostos econ\u00f3micos de cria\u00e7\u00e3o de uma empresa municipal est\u00e3o enviesados e com a agravante de na vers\u00e3o apresentada \u2013 para obter os resultados esperados \u2013 procede-se \u00e0 redu\u00e7\u00e3o do investimento previsto e aumentam-se os proveitos para justificar a despesa adicional em sal\u00e1rios (13 novos funcion\u00e1rios, um conselho de administra\u00e7\u00e3o e \u2013 pasme-se \u2013 um administrador executivo para gerir a nova empresa municipal).\u201d<\/p>\n<p>O PSD vai levar este assunto \u00e0 pr\u00f3xima Assembleia Municipal e ir\u00e1 tudo fazer para que estas decis\u00f5es de aumento do custo da \u00e1gua e de cria\u00e7\u00e3o de uma nova empresa municipal sejam revertidas, na defesa dos interesses da popula\u00e7\u00e3o, empresas e com\u00e9rcio local, sobretudo numa altura em que os pre\u00e7os dos bens e materiais subiram de forma consider\u00e1vel.<\/p>\n","protected":false},"excerpt":{"rendered":"<p>O PSD denuncia que \u201ca maioria \u201cindependente\u201d e socialista que agora governa a C\u00e2mara Municipal da Batalha fez aprovar esta segunda-feira, dia 20 de junho, a cria\u00e7\u00e3o de mais uma empresa municipal para gerir e explorar os sistemas p\u00fablicos de capta\u00e7\u00e3o e distribui\u00e7\u00e3o de \u00e1gua na \u00e1rea do Munic\u00edpio da Batalha, com encargos acrescidos para [&hellip;]<\/p>\n","protected":false},"author":2,"featured_media":8666,"comment_status":"open","ping_status":"open","sticky":false,"template":"","format":"standard","meta":{"footnotes":""},"categories":[7],"tags":[],"class_list":["post-17766","post","type-post","status-publish","format-standard","has-post-thumbnail","hentry","category-economia"],"_links":{"self":[{"href":"https:\/\/tintafresca.net\/index.php\/wp-json\/wp\/v2\/posts\/17766","targetHints":{"allow":["GET"]}}],"collection":[{"href":"https:\/\/tintafresca.net\/index.php\/wp-json\/wp\/v2\/posts"}],"about":[{"href":"https:\/\/tintafresca.net\/index.php\/wp-json\/wp\/v2\/types\/post"}],"author":[{"embeddable":true,"href":"https:\/\/tintafresca.net\/index.php\/wp-json\/wp\/v2\/users\/2"}],"replies":[{"embeddable":true,"href":"https:\/\/tintafresca.net\/index.php\/wp-json\/wp\/v2\/comments?post=17766"}],"version-history":[{"count":5,"href":"https:\/\/tintafresca.net\/index.php\/wp-json\/wp\/v2\/posts\/17766\/revisions"}],"predecessor-version":[{"id":17771,"href":"https:\/\/tintafresca.net\/index.php\/wp-json\/wp\/v2\/posts\/17766\/revisions\/17771"}],"wp:featuredmedia":[{"embeddable":true,"href":"https:\/\/tintafresca.net\/index.php\/wp-json\/wp\/v2\/media\/8666"}],"wp:attachment":[{"href":"https:\/\/tintafresca.net\/index.php\/wp-json\/wp\/v2\/media?parent=17766"}],"wp:term":[{"taxonomy":"category","embeddable":true,"href":"https:\/\/tintafresca.net\/index.php\/wp-json\/wp\/v2\/categories?post=17766"},{"taxonomy":"post_tag","embeddable":true,"href":"https:\/\/tintafresca.net\/index.php\/wp-json\/wp\/v2\/tags?post=17766"}],"curies":[{"name":"wp","href":"https:\/\/api.w.org\/{rel}","templated":true}]}}