{"id":17897,"date":"2022-06-27T18:16:54","date_gmt":"2022-06-27T18:16:54","guid":{"rendered":"https:\/\/tintafresca.net\/?p=17897"},"modified":"2022-06-28T11:33:29","modified_gmt":"2022-06-28T11:33:29","slug":"ministro-das-infraestruturas-e-da-habitacao-consigna-empreitada-de-modernizacao-do-troco-torres-vedras-caldas-da-rainha","status":"publish","type":"post","link":"https:\/\/tintafresca.net\/index.php\/2022\/06\/27\/ministro-das-infraestruturas-e-da-habitacao-consigna-empreitada-de-modernizacao-do-troco-torres-vedras-caldas-da-rainha\/","title":{"rendered":"Ministro das Infraestruturas consigna empreitada de moderniza\u00e7\u00e3o do tro\u00e7o Torres Vedras \/ Caldas da Rainha"},"content":{"rendered":"<div id=\"attachment_17899\" style=\"width: 510px\" class=\"wp-caption alignleft\"><img loading=\"lazy\" decoding=\"async\" aria-describedby=\"caption-attachment-17899\" class=\"wp-image-17899 size-full\" src=\"https:\/\/tintafresca.net\/wp-content\/uploads\/2022\/06\/Leiria_PS_Pedro-Nuno-Santos_10.jpg\" alt=\"\" width=\"500\" height=\"384\" srcset=\"https:\/\/tintafresca.net\/wp-content\/uploads\/2022\/06\/Leiria_PS_Pedro-Nuno-Santos_10.jpg 500w, https:\/\/tintafresca.net\/wp-content\/uploads\/2022\/06\/Leiria_PS_Pedro-Nuno-Santos_10-300x230.jpg 300w\" sizes=\"auto, (max-width: 500px) 100vw, 500px\" \/><p id=\"caption-attachment-17899\" class=\"wp-caption-text\">Pedro Nuno Santos<\/p><\/div>\n<p>A Infraestruturas de Portugal realiza, no dia 28 de junho (ter\u00e7a-feira) \u00e0s 16 h, na Esta\u00e7\u00e3o Ferrovi\u00e1ria das Caldas da Rainha, a Cerim\u00f3nia de assinatura do auto de consigna\u00e7\u00e3o da empreitada de moderniza\u00e7\u00e3o do tro\u00e7o Torres Vedras \u2013 Caldas da Rainha, da Linha do Oeste. O evento ter\u00e1 lugar na Esta\u00e7\u00e3o Ferrovi\u00e1ria das Caldas da Rainha, com in\u00edcio \u00e0s 16h do dia 28 de junho (ter\u00e7a-feira), e contar\u00e1 com a presen\u00e7a do ministro das Infraestruturas e da Habita\u00e7\u00e3o, Pedro Nuno Santos.<\/p>\n","protected":false},"excerpt":{"rendered":"<p>A Infraestruturas de Portugal realiza, no dia 28 de junho (ter\u00e7a-feira) \u00e0s 16 h, na Esta\u00e7\u00e3o Ferrovi\u00e1ria das Caldas da Rainha, a Cerim\u00f3nia de assinatura do auto de consigna\u00e7\u00e3o da empreitada de moderniza\u00e7\u00e3o do tro\u00e7o Torres Vedras \u2013 Caldas da Rainha, da Linha do Oeste. O evento ter\u00e1 lugar na Esta\u00e7\u00e3o Ferrovi\u00e1ria das Caldas da [&hellip;]<\/p>\n","protected":false},"author":2,"featured_media":17900,"comment_status":"open","ping_status":"open","sticky":false,"template":"","format":"standard","meta":{"footnotes":""},"categories":[7,11],"tags":[],"class_list":["post-17897","post","type-post","status-publish","format-standard","has-post-thumbnail","hentry","category-economia","category-sociedade"],"_links":{"self":[{"href":"https:\/\/tintafresca.net\/index.php\/wp-json\/wp\/v2\/posts\/17897","targetHints":{"allow":["GET"]}}],"collection":[{"href":"https:\/\/tintafresca.net\/index.php\/wp-json\/wp\/v2\/posts"}],"about":[{"href":"https:\/\/tintafresca.net\/index.php\/wp-json\/wp\/v2\/types\/post"}],"author":[{"embeddable":true,"href":"https:\/\/tintafresca.net\/index.php\/wp-json\/wp\/v2\/users\/2"}],"replies":[{"embeddable":true,"href":"https:\/\/tintafresca.net\/index.php\/wp-json\/wp\/v2\/comments?post=17897"}],"version-history":[{"count":5,"href":"https:\/\/tintafresca.net\/index.php\/wp-json\/wp\/v2\/posts\/17897\/revisions"}],"predecessor-version":[{"id":17913,"href":"https:\/\/tintafresca.net\/index.php\/wp-json\/wp\/v2\/posts\/17897\/revisions\/17913"}],"wp:featuredmedia":[{"embeddable":true,"href":"https:\/\/tintafresca.net\/index.php\/wp-json\/wp\/v2\/media\/17900"}],"wp:attachment":[{"href":"https:\/\/tintafresca.net\/index.php\/wp-json\/wp\/v2\/media?parent=17897"}],"wp:term":[{"taxonomy":"category","embeddable":true,"href":"https:\/\/tintafresca.net\/index.php\/wp-json\/wp\/v2\/categories?post=17897"},{"taxonomy":"post_tag","embeddable":true,"href":"https:\/\/tintafresca.net\/index.php\/wp-json\/wp\/v2\/tags?post=17897"}],"curies":[{"name":"wp","href":"https:\/\/api.w.org\/{rel}","templated":true}]}}