{"id":17973,"date":"2022-06-29T21:15:59","date_gmt":"2022-06-29T21:15:59","guid":{"rendered":"https:\/\/tintafresca.net\/?p=17973"},"modified":"2022-06-29T21:15:59","modified_gmt":"2022-06-29T21:15:59","slug":"distrital-da-area-oeste-apresenta-mocao-estrategica-ao-congresso-nacional-do-psd","status":"publish","type":"post","link":"https:\/\/tintafresca.net\/index.php\/2022\/06\/29\/distrital-da-area-oeste-apresenta-mocao-estrategica-ao-congresso-nacional-do-psd\/","title":{"rendered":"Distrital da \u00c1rea Oeste apresenta Mo\u00e7\u00e3o Estrat\u00e9gica ao Congresso Nacional do PSD"},"content":{"rendered":"<div id=\"attachment_17975\" style=\"width: 450px\" class=\"wp-caption alignleft\"><img loading=\"lazy\" decoding=\"async\" aria-describedby=\"caption-attachment-17975\" class=\"wp-image-17975 size-full\" src=\"https:\/\/tintafresca.net\/wp-content\/uploads\/2022\/06\/PSD_Oeste.jpg\" alt=\"\" width=\"440\" height=\"236\" srcset=\"https:\/\/tintafresca.net\/wp-content\/uploads\/2022\/06\/PSD_Oeste.jpg 440w, https:\/\/tintafresca.net\/wp-content\/uploads\/2022\/06\/PSD_Oeste-300x161.jpg 300w\" sizes=\"auto, (max-width: 440px) 100vw, 440px\" \/><p id=\"caption-attachment-17975\" class=\"wp-caption-text\">Duarte Pacheco, presidente da Distrital do PSD \u00c1rea Oeste<\/p><\/div>\n<p>No dia 27 de junho, a Comiss\u00e3o Pol\u00edtica Distrital da \u00c1rea Oeste, do Partido Social Democrata, apresentou \u00e0 imprensa a Mo\u00e7\u00e3o Estrat\u00e9gica a ser exposta no Congresso Nacional do PSD, que ir\u00e1 decorrer nos dias 1, 2 e 3 de julho, no Super Bock Arena &#8211; Pavilh\u00e3o Rosa Mota, no Porto.<\/p>\n<p>Para o efeito, foi convidado o presidente da C\u00e2mara Municipal do Cadaval, Jos\u00e9 Bernardo Nunes, que divulgou a Mo\u00e7\u00e3o Estrat\u00e9gica que expressa a urg\u00eancia da falta de cuidados de sa\u00fade prim\u00e1rios, a urg\u00eancia na capta\u00e7\u00e3o de profissionais de sa\u00fade para colmatar a falta de m\u00e9dicos que existe no Oeste, e em v\u00e1rios pontos do pa\u00eds e ainda, evidencia a urg\u00eancia em iniciar o processo de constru\u00e7\u00e3o de um novo Hospital do Oeste, que sirva com toda a dignidade \u00e0 popula\u00e7\u00e3o.<\/p>\n<p><em>\u201cNo nosso entender \u00e9 urgente resolver o problema da falta de m\u00e9dicos de fam\u00edlia e restantes profissionais de sa\u00fade nos Centros de Sa\u00fade, \u00e9 urgente rever os crit\u00e9rios de progress\u00e3o nas carreiras e atualiza\u00e7\u00e3o salarial de todas as categorias profissionais, \u00e9 urgente iniciar o procedimento de constru\u00e7\u00e3o do novo hospital do Oeste\u201d, disse.<\/em><\/p>\n<p>A Comiss\u00e3o Pol\u00edtica Distrital da \u00c1rea Oeste n\u00e3o aceita a forma como o atual governo tem vindo a contribuir para o aumento e exacerba\u00e7\u00e3o desta problem\u00e1tica, que inclusive, <em>chumbou a proposta <\/em>do PSD para se abrir, no presente ano, o processo do concurso para a Constru\u00e7\u00e3o do Hospital do Oeste e que considera uma \u201cvergonha nacional\u201d porque <em>\u201cassistimos a uma progressiva e completa degrada\u00e7\u00e3o do nosso SNS e, mais especificamente, neste caso, na \u00e1rea Oeste\u201d. <\/em><\/p>\n","protected":false},"excerpt":{"rendered":"<p>No dia 27 de junho, a Comiss\u00e3o Pol\u00edtica Distrital da \u00c1rea Oeste, do Partido Social Democrata, apresentou \u00e0 imprensa a Mo\u00e7\u00e3o Estrat\u00e9gica a ser exposta no Congresso Nacional do PSD, que ir\u00e1 decorrer nos dias 1, 2 e 3 de julho, no Super Bock Arena &#8211; Pavilh\u00e3o Rosa Mota, no Porto. Para o efeito, foi [&hellip;]<\/p>\n","protected":false},"author":2,"featured_media":17976,"comment_status":"open","ping_status":"open","sticky":false,"template":"","format":"standard","meta":{"footnotes":""},"categories":[6],"tags":[],"class_list":["post-17973","post","type-post","status-publish","format-standard","has-post-thumbnail","hentry","category-saude"],"_links":{"self":[{"href":"https:\/\/tintafresca.net\/index.php\/wp-json\/wp\/v2\/posts\/17973","targetHints":{"allow":["GET"]}}],"collection":[{"href":"https:\/\/tintafresca.net\/index.php\/wp-json\/wp\/v2\/posts"}],"about":[{"href":"https:\/\/tintafresca.net\/index.php\/wp-json\/wp\/v2\/types\/post"}],"author":[{"embeddable":true,"href":"https:\/\/tintafresca.net\/index.php\/wp-json\/wp\/v2\/users\/2"}],"replies":[{"embeddable":true,"href":"https:\/\/tintafresca.net\/index.php\/wp-json\/wp\/v2\/comments?post=17973"}],"version-history":[{"count":2,"href":"https:\/\/tintafresca.net\/index.php\/wp-json\/wp\/v2\/posts\/17973\/revisions"}],"predecessor-version":[{"id":17977,"href":"https:\/\/tintafresca.net\/index.php\/wp-json\/wp\/v2\/posts\/17973\/revisions\/17977"}],"wp:featuredmedia":[{"embeddable":true,"href":"https:\/\/tintafresca.net\/index.php\/wp-json\/wp\/v2\/media\/17976"}],"wp:attachment":[{"href":"https:\/\/tintafresca.net\/index.php\/wp-json\/wp\/v2\/media?parent=17973"}],"wp:term":[{"taxonomy":"category","embeddable":true,"href":"https:\/\/tintafresca.net\/index.php\/wp-json\/wp\/v2\/categories?post=17973"},{"taxonomy":"post_tag","embeddable":true,"href":"https:\/\/tintafresca.net\/index.php\/wp-json\/wp\/v2\/tags?post=17973"}],"curies":[{"name":"wp","href":"https:\/\/api.w.org\/{rel}","templated":true}]}}