{"id":17986,"date":"2022-06-30T17:04:57","date_gmt":"2022-06-30T17:04:57","guid":{"rendered":"https:\/\/tintafresca.net\/?p=17986"},"modified":"2022-06-30T17:12:50","modified_gmt":"2022-06-30T17:12:50","slug":"hospital-distrital-de-pombal-inicia-empreitada-de-unidade-de-internamento-de-cuidados-de-convalescenca","status":"publish","type":"post","link":"https:\/\/tintafresca.net\/index.php\/2022\/06\/30\/hospital-distrital-de-pombal-inicia-empreitada-de-unidade-de-internamento-de-cuidados-de-convalescenca\/","title":{"rendered":"Hospital Distrital de Pombal inicia empreitada de Unidade de Internamento de Cuidados de Convalescen\u00e7a"},"content":{"rendered":"<div id=\"attachment_17988\" style=\"width: 510px\" class=\"wp-caption alignleft\"><img loading=\"lazy\" decoding=\"async\" aria-describedby=\"caption-attachment-17988\" class=\"wp-image-17988 size-full\" src=\"https:\/\/tintafresca.net\/wp-content\/uploads\/2022\/06\/Pombal_HDP_assinatura10.jpg\" alt=\"\" width=\"500\" height=\"333\" srcset=\"https:\/\/tintafresca.net\/wp-content\/uploads\/2022\/06\/Pombal_HDP_assinatura10.jpg 500w, https:\/\/tintafresca.net\/wp-content\/uploads\/2022\/06\/Pombal_HDP_assinatura10-300x200.jpg 300w\" sizes=\"auto, (max-width: 500px) 100vw, 500px\" \/><p id=\"caption-attachment-17988\" class=\"wp-caption-text\">Sess\u00e3o de assinatura do auto de consigna\u00e7\u00e3o<\/p><\/div>\n<p>\u00abAcab\u00e1mos de assinar o \u201cauto de consigna\u00e7\u00e3o\u201d da obra da Unidade de Convalescen\u00e7a do Centro Hospitalar de Leiria [CHL], com o empreiteiro Certificoimbra, Lda., ato que simboliza o in\u00edcio da execu\u00e7\u00e3o da obra que ter\u00e1 a dura\u00e7\u00e3o de nove meses\u00bb, afirmou Lic\u00ednio de Carvalho, presidente do Conselho de Administra\u00e7\u00e3o (CA) do CHL, durante a sess\u00e3o de comemora\u00e7\u00e3o dos 57 anos do Hospital Distrital de Pombal (HDP), dedicada \u00e0 tem\u00e1tica \u201cA Felicidade faz bem \u00e0 Sa\u00fade\u201d, no dia 27 de junho.<\/p>\n<p>\u00abEste investimento estrutural s\u00ea-lo-\u00e1 de todo o Centro Hospitalar de Leiria, ser\u00e1 um investimento estrat\u00e9gico, que vai servir toda a regi\u00e3o, viabilizando uma gest\u00e3o mais racional do internamento do CHL (superior a 500 camas), melhorando o processo de cura e de reabilita\u00e7\u00e3o dos doentes internados, preparando-os para um desej\u00e1vel regresso mais facilitado e integrador no domic\u00edlio\u00bb, continuou o presidente do CA do CHL.<\/p>\n<p>\u00abCom este novo servi\u00e7o, o Centro Hospitalar de Leiria acrescer\u00e1 16 camas ao internamento e o distrito de Leiria passar\u00e1 de 20 camas de convalescen\u00e7a para 36. Esta obra inclui ainda o novo servi\u00e7o de Medicina F\u00edsica e Reabilita\u00e7\u00e3o do Hospital Distrital de Pombal, melhorando significativamente as condi\u00e7\u00f5es de tratamento e de trabalho dos doentes e profissionais, respetivamente. Em termos formais, o investimento total ser\u00e1 de 1 milh\u00e3o de euros e \u00e9 comparticipado pelo Portugal 2020.\u00bb<\/p>\n<p>Lic\u00ednio de Carvalho destacou ainda mais alguns investimentos previstos para o tri\u00e9nio 2022\/24 no HDP: a reabilita\u00e7\u00e3o e expans\u00e3o da Consulta Externa (300 mil euros); a requalifica\u00e7\u00e3o da rede de \u00e1guas residuais (120 mil euros); e a substitui\u00e7\u00e3o do equipamento da Radiologia (320 mil euros). \u00abCumpre ainda, pelo seu futuro impacto, referir que o Centro Hospitalar de Leiria apresentou candidatura no \u00e2mbito do programa Eco@Sa\u00fade nas medidas de utiliza\u00e7\u00e3o racional de energia e efici\u00eancia h\u00eddrica, no total de 720 mil euros a executar, caso aprovado, at\u00e9 2024.\u00bb<\/p>\n<p>\u00abHoje \u00e9 dia de celebrar o trabalho desenvolvido pelos nossos profissionais desta institui\u00e7\u00e3o e destacar a import\u00e2ncia que o Hospital Distrital de Pombal tem na institui\u00e7\u00e3o Centro Hospitalar de Leiria, desempenhando um papel estrat\u00e9gico decisivo para o cumprimento da miss\u00e3o de servir a popula\u00e7\u00e3o, n\u00e3o apenas deste concelho, mas dos oito concelhos e dos 400.000 habitantes, aos quais respondemos\u00bb, salientou Lic\u00ednio de Carvalho, na sua interven\u00e7\u00e3o. \u00abSempre cont\u00e1mos com o apoio dos nossos colaboradores e com o suporte da nossa tutela e da nossa comunidade. Tudo faremos para continuar a defender o Hospital Distrital de Pombal\u00bb, rematou.<\/p>\n<p>No in\u00edcio da cerim\u00f3nia foi destacado o tema da import\u00e2ncia da promo\u00e7\u00e3o da felicidade dentro de uma institui\u00e7\u00e3o para o bem-estar dos seus colaboradores. A presidente da Comiss\u00e3o de Humaniza\u00e7\u00e3o do CHL, Andreia Correia, apresentou o tema \u201cFelicidade e Sal\u00e1rio Emocional\u201d, onde enfatizou os aspetos que os colaboradores d\u00e3o mais relevo para se sentirem valorizados, bem como as a\u00e7\u00f5es desenvolvidas internamente para promover o bem-estar f\u00edsico e emocional, n\u00e3o s\u00f3 junto dos utentes, como dos profissionais.<\/p>\n<p>Cl\u00e1udia Costa, t\u00e9cnica superior e membro da equipa multidisciplinar para a Felicidade e Bem-Estar Comunit\u00e1rio da C\u00e2mara Municipal de Pombal, falou dos objetivos do novo pelouro do munic\u00edpio, e as a\u00e7\u00f5es atuais e previstas neste \u00e2mbito, como uma abordagem do tema interna e externamente junto da comunidade, a aplica\u00e7\u00e3o de um diagn\u00f3stico participativo e a consequente defini\u00e7\u00e3o de um plano de a\u00e7\u00e3o.<\/p>\n<div id=\"attachment_17989\" style=\"width: 510px\" class=\"wp-caption alignleft\"><img loading=\"lazy\" decoding=\"async\" aria-describedby=\"caption-attachment-17989\" class=\"wp-image-17989 size-full\" src=\"https:\/\/tintafresca.net\/wp-content\/uploads\/2022\/06\/Pombal_HDP_personalidades10.jpg\" alt=\"\" width=\"500\" height=\"333\" srcset=\"https:\/\/tintafresca.net\/wp-content\/uploads\/2022\/06\/Pombal_HDP_personalidades10.jpg 500w, https:\/\/tintafresca.net\/wp-content\/uploads\/2022\/06\/Pombal_HDP_personalidades10-300x200.jpg 300w\" sizes=\"auto, (max-width: 500px) 100vw, 500px\" \/><p id=\"caption-attachment-17989\" class=\"wp-caption-text\">Convidados da sess\u00e3o de anivers\u00e1rio do Hospital Distrital de Pombal<\/p><\/div>\n<p>Cristina Nogueira da Fonseca, coordenadora pedag\u00f3gica e docente no ISCTE, e fundadora da Happytown Portugal, numa interven\u00e7\u00e3o remota via online, abordou o conceito de organiza\u00e7\u00f5es virtuosas e a import\u00e2ncia de criar as condi\u00e7\u00f5es necess\u00e1rias para que os colaboradores possam tamb\u00e9m ser virtuosos. A cerim\u00f3nia prosseguiu com a homenagem aos colaboradores do HDP j\u00e1 aposentados.<\/p>\n<p>O presidente da C\u00e2mara Municipal de Pombal, Pedro Pimp\u00e3o, encerrou a sess\u00e3o, dirigindo palavras de reconhecimento aos profissionais homenageados: \u00abpessoas que merecem todo o reconhecimento do mundo, mais do que justo, que eu tamb\u00e9m partilho enquanto representante da comunidade. O hospital \u00e9 o que \u00e9 hoje, fruto do vosso trabalho e da vossa dedica\u00e7\u00e3o\u00bb.<\/p>\n<p>\u00abHoje estamos a dar um passo de valoriza\u00e7\u00e3o deste hospital, que vai ter continuidade, e isso \u00e9 muito importante, at\u00e9 por considera\u00e7\u00e3o \u00e0s v\u00e1rias gera\u00e7\u00f5es que por aqui passaram, e que trabalharam para que esta casa tivesse hoje o grau de credibilidade e de confian\u00e7a que tem na nossa comunidade\u00bb, referiu Pedro Pimp\u00e3o.<\/p>\n<p>\u00abPosso assumir aqui convosco que o Munic\u00edpio de Pombal vai tamb\u00e9m apoiar financeiramente a aquisi\u00e7\u00e3o de mobili\u00e1rio e equipamento para esta nova Unidade. N\u00f3s temos de estar ao lado das institui\u00e7\u00f5es quando elas sentem que estes investimentos valem a pena. Estaremos ao lado do Centro Hospitalar de Leiria na valoriza\u00e7\u00e3o desta Unidade e no apoio que podermos dar e estamos a dar do ponto de vista log\u00edstico para esta interven\u00e7\u00e3o que se vai iniciar\u00bb, prosseguiu.<\/p>\n<p>Sobre a futura aprova\u00e7\u00e3o do Conselho Municipal da Sa\u00fade, o presidente da C\u00e2mara Municipal de Pombal afirmou que \u00abvamos definir uma estrat\u00e9gia municipal para a sa\u00fade, uma estrat\u00e9gia conjunta com os diversos <em>stakeholders<\/em>: planificar, organizar, definir m\u00e9tricas e par\u00e2metros, e queremos assumir a sa\u00fade como elemento principal no desenvolvimento do nosso territ\u00f3rio. A estrat\u00e9gia municipal de sa\u00fade \u00e9 o primeiro passo neste dom\u00ednio\u00bb.<\/p>\n<p>Pedro Pimp\u00e3o mostrou-se satisfeito com a escolha da tem\u00e1tica da cerim\u00f3nia, \u00abporque todos fazemos parte de um ex\u00e9rcito de boa vontade, mas \u00e9 com o contributo que cada um pode dar nas suas fun\u00e7\u00f5es onde quer que seja. Ao sermos felizes tamb\u00e9m podemos contribuir para a felicidade dos outros. A felicidade \u00e9 a forma como vivemos com aquilo que temos, aquilo que somos\u00bb. No seu discurso, o presidente da C\u00e2mara Municipal de Pombal falou ainda numa vertente mais pessoal, partilhando que nasceu no Hospital de Pombal, e tendo o pai trabalhado v\u00e1rios anos na institui\u00e7\u00e3o, acabou por conhecer muitos profissionais de sa\u00fade e colaboradores ao longo dos anos.<\/p>\n<p>\u00abA valoriza\u00e7\u00e3o deste hospital tem de ser um elemento estrat\u00e9gico para a afirma\u00e7\u00e3o dos cuidados de sa\u00fade prestados \u00e0 nossa comunidade. Hoje \u00e9 um dia especial para toda a comunidade e para o nosso concelho, e para a regi\u00e3o de Leiria como um todo, porque quando queremos fixar pessoas num territ\u00f3rio, a sa\u00fade \u00e9 um ponto fundamental. Garantirmos que as pessoas t\u00eam seguran\u00e7a, t\u00eam confian\u00e7a, aumenta a atratividade do nosso territ\u00f3rio. A sa\u00fade tem de estar na linha da frente\u00bb, salientou Pedro Pimp\u00e3o.<\/p>\n<p><strong> \u00a0 \u00a0 Fonte: Midlandcom<\/strong><\/p>\n","protected":false},"excerpt":{"rendered":"<p>\u00abAcab\u00e1mos de assinar o \u201cauto de consigna\u00e7\u00e3o\u201d da obra da Unidade de Convalescen\u00e7a do Centro Hospitalar de Leiria [CHL], com o empreiteiro Certificoimbra, Lda., ato que simboliza o in\u00edcio da execu\u00e7\u00e3o da obra que ter\u00e1 a dura\u00e7\u00e3o de nove meses\u00bb, afirmou Lic\u00ednio de Carvalho, presidente do Conselho de Administra\u00e7\u00e3o (CA) do CHL, durante a sess\u00e3o [&hellip;]<\/p>\n","protected":false},"author":2,"featured_media":17990,"comment_status":"open","ping_status":"open","sticky":false,"template":"","format":"standard","meta":{"footnotes":""},"categories":[6],"tags":[],"class_list":["post-17986","post","type-post","status-publish","format-standard","has-post-thumbnail","hentry","category-saude"],"_links":{"self":[{"href":"https:\/\/tintafresca.net\/index.php\/wp-json\/wp\/v2\/posts\/17986","targetHints":{"allow":["GET"]}}],"collection":[{"href":"https:\/\/tintafresca.net\/index.php\/wp-json\/wp\/v2\/posts"}],"about":[{"href":"https:\/\/tintafresca.net\/index.php\/wp-json\/wp\/v2\/types\/post"}],"author":[{"embeddable":true,"href":"https:\/\/tintafresca.net\/index.php\/wp-json\/wp\/v2\/users\/2"}],"replies":[{"embeddable":true,"href":"https:\/\/tintafresca.net\/index.php\/wp-json\/wp\/v2\/comments?post=17986"}],"version-history":[{"count":2,"href":"https:\/\/tintafresca.net\/index.php\/wp-json\/wp\/v2\/posts\/17986\/revisions"}],"predecessor-version":[{"id":17991,"href":"https:\/\/tintafresca.net\/index.php\/wp-json\/wp\/v2\/posts\/17986\/revisions\/17991"}],"wp:featuredmedia":[{"embeddable":true,"href":"https:\/\/tintafresca.net\/index.php\/wp-json\/wp\/v2\/media\/17990"}],"wp:attachment":[{"href":"https:\/\/tintafresca.net\/index.php\/wp-json\/wp\/v2\/media?parent=17986"}],"wp:term":[{"taxonomy":"category","embeddable":true,"href":"https:\/\/tintafresca.net\/index.php\/wp-json\/wp\/v2\/categories?post=17986"},{"taxonomy":"post_tag","embeddable":true,"href":"https:\/\/tintafresca.net\/index.php\/wp-json\/wp\/v2\/tags?post=17986"}],"curies":[{"name":"wp","href":"https:\/\/api.w.org\/{rel}","templated":true}]}}