{"id":18733,"date":"2022-07-23T21:14:13","date_gmt":"2022-07-23T21:14:13","guid":{"rendered":"https:\/\/tintafresca.net\/?p=18733"},"modified":"2022-07-23T21:19:57","modified_gmt":"2022-07-23T21:19:57","slug":"ministro-da-cultura-presente-em-torres-vedras-na-primeira-conferencia-da-rede-de-teatros-e-cineteatros-portugueses","status":"publish","type":"post","link":"https:\/\/tintafresca.net\/index.php\/2022\/07\/23\/ministro-da-cultura-presente-em-torres-vedras-na-primeira-conferencia-da-rede-de-teatros-e-cineteatros-portugueses\/","title":{"rendered":"Ministro da Cultura presente em Torres Vedras na primeira confer\u00eancia da rede de teatros e cineteatros portugueses"},"content":{"rendered":"<div id=\"attachment_18735\" style=\"width: 510px\" class=\"wp-caption alignleft\"><img loading=\"lazy\" decoding=\"async\" aria-describedby=\"caption-attachment-18735\" class=\"wp-image-18735 size-full\" src=\"https:\/\/tintafresca.net\/wp-content\/uploads\/2022\/07\/TV_Rede_Cineteatros10.jpg\" alt=\"\" width=\"500\" height=\"407\" srcset=\"https:\/\/tintafresca.net\/wp-content\/uploads\/2022\/07\/TV_Rede_Cineteatros10.jpg 500w, https:\/\/tintafresca.net\/wp-content\/uploads\/2022\/07\/TV_Rede_Cineteatros10-300x244.jpg 300w\" sizes=\"auto, (max-width: 500px) 100vw, 500px\" \/><p id=\"caption-attachment-18735\" class=\"wp-caption-text\">Primeira confer\u00eancia da Rede de Teatros e Cineteatros Portugueses decorreu no Teatro-Cine de Torres Vedras<\/p><\/div>\n<p>A primeira confer\u00eancia da Rede de Teatros e Cineteatros Portugueses decorreu no Teatro-Cine de Torres Vedras, no dia 19 de julho. A sess\u00e3o de abertura contou com a presen\u00e7a do ministro da Cultura, Pedro Ad\u00e3o e Silva, e da presidente da C\u00e2mara Municipal de Torres Vedras, Laura Rodrigues.<\/p>\n<p>A presidente da C\u00e2mara Municipal de Torres Vedras referiu que foi com orgulho que o Teatro-Cine de Torres Vedras se assumiu \u201ccomo um dos primeiros equipamentos a integrar a Rede de Teatros e Cineteatros Portugueses, o que nos possibilitou apresentar uma candidatura ao Concurso de Apoio \u00e0 Programa\u00e7\u00e3o dos Equipamentos Culturais\u201d promovido por esta rede. Este contrato de apoio ir\u00e1 traduzir-se num investimento de 400.000 euros\/ano em programa\u00e7\u00e3o no Teatro-Cine de Torres Vedras.<\/p>\n<p>O ministro da Cultura, Pedro Ad\u00e3o e Silva, afirmou que \u201capoiar a programa\u00e7\u00e3o confere estabilidade e previsibilidade\u201d aos agentes culturais, contribuindo para a sua autonomia e para combater a precariedade entre os recursos humanos do setor. Pedro Ad\u00e3o e Silva referiu, ainda, que existe um problema no acesso \u00e0 cultura em Portugal, por isso \u201cter uma programa\u00e7\u00e3o em rede permite que os espet\u00e1culos circulem pelo Pa\u00eds\u201d.<\/p>\n<p>Seguiu-se o primeiro painel da confer\u00eancia, com o tema \u201cAtuar em rede\u201d, que se dedicou ao debate sobre o papel da rede como instrumento de descentraliza\u00e7\u00e3o e coes\u00e3o territorial e social, de est\u00edmulo \u00e0 cocria\u00e7\u00e3o, coopera\u00e7\u00e3o e parceria.<\/p>\n<p>\u201cTerrit\u00f3rio p\u00fablico\u201d foi o tema abordado no segundo painel, que debateu sobre o potencial da rede no est\u00edmulo \u00e0 cria\u00e7\u00e3o local e regional, o papel das artes como servi\u00e7o p\u00fablico na dinamiza\u00e7\u00e3o das regi\u00f5es, as especificidades dos p\u00fablicos no territ\u00f3rio e o envolvimento e participa\u00e7\u00e3o comunit\u00e1ria.<\/p>\n<p>O terceiro painel, sobre \u201cPoder (en)cena\u201d, abordou as\u00a0 pol\u00edticas culturais, o poder aut\u00e1rquico e a autonomia criativa, a cria\u00e7\u00e3o e programa\u00e7\u00e3o enquanto representa\u00e7\u00e3o e produ\u00e7\u00e3o de discursos, e o teatro enquanto agente de reflex\u00e3o.<\/p>\n<p>O \u00faltimo painel dedicou-se ao tema \u201cCriar e Programar para Todos\u201d, com um debate sobre os modelos de cria\u00e7\u00e3o, programa\u00e7\u00e3o e dinamiza\u00e7\u00e3o art\u00edstica, a transversalidade da programa\u00e7\u00e3o e oferta art\u00edstica em resposta \u00e0 heterogeneidade dos p\u00fablicos, a cria\u00e7\u00e3o e programa\u00e7\u00e3o inclusivas, e a fideliza\u00e7\u00e3o e media\u00e7\u00e3o de p\u00fablicos, boas pr\u00e1ticas e aplica\u00e7\u00e3o na rede.<\/p>\n<p>A confer\u00eancia teve como principal objetivo debater o potencial da Rede para incrementar a procura e oferta culturais, refor\u00e7ar a circula\u00e7\u00e3o de obras art\u00edsticas, fomentar a articula\u00e7\u00e3o program\u00e1tica entre equipamentos da Rede, envolver agentes culturais e art\u00edsticos locais, desenvolver estrat\u00e9gias de media\u00e7\u00e3o e estimular boas pr\u00e1ticas na transi\u00e7\u00e3o digital, sustentabilidade ambiental, inclus\u00e3o e acessibilidade f\u00edsica, social e intelectual.<\/p>\n<p>A Rede de Teatros e Cineteatros Portugueses \u00e9 um instrumento estrat\u00e9gico fundamental para o combate \u00e0s assimetrias regionais e para o fomento da coes\u00e3o territorial no acesso \u00e0 cultura e \u00e0s artes em Portugal, assente na descentraliza\u00e7\u00e3o e na responsabilidade partilhada do Estado central com as autarquias e as entidades independentes. Cerca de 80 equipamentos culturais j\u00e1 aderiram \u00e0 rede, entre audit\u00f3rios municipais, casas de cultura, teatros e cineteatros, centros culturais e centros de artes. No primeiro concurso de apoio \u00e0 programa\u00e7\u00e3o dos teatros e cineteatros credenciados na rede foram abrangidos 39 projetos com um valor global de 5,1 milh\u00f5es de euros de financiamento.<\/p>\n<p><strong> \u00a0 \u00a0Fonte: ACM|CMTV<\/strong><\/p>\n","protected":false},"excerpt":{"rendered":"<p>A primeira confer\u00eancia da Rede de Teatros e Cineteatros Portugueses decorreu no Teatro-Cine de Torres Vedras, no dia 19 de julho. A sess\u00e3o de abertura contou com a presen\u00e7a do ministro da Cultura, Pedro Ad\u00e3o e Silva, e da presidente da C\u00e2mara Municipal de Torres Vedras, Laura Rodrigues. A presidente da C\u00e2mara Municipal de Torres [&hellip;]<\/p>\n","protected":false},"author":2,"featured_media":18736,"comment_status":"open","ping_status":"open","sticky":false,"template":"","format":"standard","meta":{"footnotes":""},"categories":[5,8],"tags":[],"class_list":["post-18733","post","type-post","status-publish","format-standard","has-post-thumbnail","hentry","category-artes","category-musica"],"_links":{"self":[{"href":"https:\/\/tintafresca.net\/index.php\/wp-json\/wp\/v2\/posts\/18733","targetHints":{"allow":["GET"]}}],"collection":[{"href":"https:\/\/tintafresca.net\/index.php\/wp-json\/wp\/v2\/posts"}],"about":[{"href":"https:\/\/tintafresca.net\/index.php\/wp-json\/wp\/v2\/types\/post"}],"author":[{"embeddable":true,"href":"https:\/\/tintafresca.net\/index.php\/wp-json\/wp\/v2\/users\/2"}],"replies":[{"embeddable":true,"href":"https:\/\/tintafresca.net\/index.php\/wp-json\/wp\/v2\/comments?post=18733"}],"version-history":[{"count":2,"href":"https:\/\/tintafresca.net\/index.php\/wp-json\/wp\/v2\/posts\/18733\/revisions"}],"predecessor-version":[{"id":18737,"href":"https:\/\/tintafresca.net\/index.php\/wp-json\/wp\/v2\/posts\/18733\/revisions\/18737"}],"wp:featuredmedia":[{"embeddable":true,"href":"https:\/\/tintafresca.net\/index.php\/wp-json\/wp\/v2\/media\/18736"}],"wp:attachment":[{"href":"https:\/\/tintafresca.net\/index.php\/wp-json\/wp\/v2\/media?parent=18733"}],"wp:term":[{"taxonomy":"category","embeddable":true,"href":"https:\/\/tintafresca.net\/index.php\/wp-json\/wp\/v2\/categories?post=18733"},{"taxonomy":"post_tag","embeddable":true,"href":"https:\/\/tintafresca.net\/index.php\/wp-json\/wp\/v2\/tags?post=18733"}],"curies":[{"name":"wp","href":"https:\/\/api.w.org\/{rel}","templated":true}]}}