{"id":18832,"date":"2022-07-27T14:23:03","date_gmt":"2022-07-27T14:23:03","guid":{"rendered":"https:\/\/tintafresca.net\/?p=18832"},"modified":"2022-07-27T14:26:47","modified_gmt":"2022-07-27T14:26:47","slug":"pj-detem-dois-suspeitos-da-autoria-de-crimes-de-sequestro-agravado-roubo-qualificado-furto-e-trafico-de-estupefacientes-no-entroncamento","status":"publish","type":"post","link":"https:\/\/tintafresca.net\/index.php\/2022\/07\/27\/pj-detem-dois-suspeitos-da-autoria-de-crimes-de-sequestro-agravado-roubo-qualificado-furto-e-trafico-de-estupefacientes-no-entroncamento\/","title":{"rendered":"PJ det\u00e9m dois suspeitos da autoria de crimes de sequestro agravado, roubo qualificado, furto e tr\u00e1fico de estupefacientes"},"content":{"rendered":"<p><img loading=\"lazy\" decoding=\"async\" class=\"alignleft wp-image-7848\" src=\"https:\/\/tintafresca.net\/wp-content\/uploads\/2021\/08\/PJ-1.jpg\" alt=\"\" width=\"350\" height=\"350\" \/>A Pol\u00edcia Judici\u00e1ria, atrav\u00e9s da Diretoria do Centro, em articula\u00e7\u00e3o com o Comando Distrital da PSP de Santar\u00e9m \u2013 Divis\u00e3o de Tomar, identificou dois homens pela presum\u00edvel autoria dos crimes de sequestro agravado e roubo qualificado, factos ocorridos em finais de junho de 2022, na cidade do Entroncamento.<\/p>\n<p>A partir de uma investiga\u00e7\u00e3o da PSP de Tomar, relativa a crimes de furto, viriam a ser recolhidos importantes elementos probat\u00f3rios quanto \u00e0 eventual autoria dos referidos crimes de sequestro e roubo, e detido em flagrante delito um dos suspeitos, na posse de plantas de cannabis e de uma arma de fogo.<\/p>\n<p>A opera\u00e7\u00e3o policial desencadeada no dia 06 de julho, ap\u00f3s a materializa\u00e7\u00e3o das suspeitas, com a colabora\u00e7\u00e3o do Departamento de Investiga\u00e7\u00e3o Criminal da Pol\u00edcia Judici\u00e1ria de Set\u00fabal e do Destacamento Territorial da GNR de Palmela, levou \u00e0 localiza\u00e7\u00e3o e deten\u00e7\u00e3o do segundo suspeito, em cumprimento de mandado de deten\u00e7\u00e3o emitido pelo DIAP de Santar\u00e9m, e \u00e0 apreens\u00e3o, na cidade de Set\u00fabal, de uma viatura da marca Mercedes furtada no Entroncamento em maio do corrente ano.<\/p>\n<p>Da investiga\u00e7\u00e3o em curso resultou que este grupo criminoso ter\u00e1 vindo a apropriar-se de consider\u00e1veis quantias em dinheiro, ouro, armas de fogo, viaturas e outros objetos de valor, mediante a pr\u00e1tica organizada e reiterada de crimes contra a propriedade, selecionando criteriosamente alvos na zona centro do pa\u00eds, sobretudo resid\u00eancias.<\/p>\n<p>Os detidos, com 45 e 60 anos de idade, ambos referenciados pelas autoridades como tendo liga\u00e7\u00f5es \u00e0 pr\u00e1tica de crimes de furto e tr\u00e1fico de estupefacientes, foram presentes a Tribunal para primeiro interrogat\u00f3rio judicial, ficando ambos sujeitos \u00e0 medida de coa\u00e7\u00e3o de pris\u00e3o preventiva.<\/p>\n","protected":false},"excerpt":{"rendered":"<p>A Pol\u00edcia Judici\u00e1ria, atrav\u00e9s da Diretoria do Centro, em articula\u00e7\u00e3o com o Comando Distrital da PSP de Santar\u00e9m \u2013 Divis\u00e3o de Tomar, identificou dois homens pela presum\u00edvel autoria dos crimes de sequestro agravado e roubo qualificado, factos ocorridos em finais de junho de 2022, na cidade do Entroncamento. A partir de uma investiga\u00e7\u00e3o da PSP [&hellip;]<\/p>\n","protected":false},"author":2,"featured_media":7107,"comment_status":"open","ping_status":"open","sticky":false,"template":"","format":"standard","meta":{"footnotes":""},"categories":[11],"tags":[],"class_list":["post-18832","post","type-post","status-publish","format-standard","has-post-thumbnail","hentry","category-sociedade"],"_links":{"self":[{"href":"https:\/\/tintafresca.net\/index.php\/wp-json\/wp\/v2\/posts\/18832","targetHints":{"allow":["GET"]}}],"collection":[{"href":"https:\/\/tintafresca.net\/index.php\/wp-json\/wp\/v2\/posts"}],"about":[{"href":"https:\/\/tintafresca.net\/index.php\/wp-json\/wp\/v2\/types\/post"}],"author":[{"embeddable":true,"href":"https:\/\/tintafresca.net\/index.php\/wp-json\/wp\/v2\/users\/2"}],"replies":[{"embeddable":true,"href":"https:\/\/tintafresca.net\/index.php\/wp-json\/wp\/v2\/comments?post=18832"}],"version-history":[{"count":4,"href":"https:\/\/tintafresca.net\/index.php\/wp-json\/wp\/v2\/posts\/18832\/revisions"}],"predecessor-version":[{"id":18836,"href":"https:\/\/tintafresca.net\/index.php\/wp-json\/wp\/v2\/posts\/18832\/revisions\/18836"}],"wp:featuredmedia":[{"embeddable":true,"href":"https:\/\/tintafresca.net\/index.php\/wp-json\/wp\/v2\/media\/7107"}],"wp:attachment":[{"href":"https:\/\/tintafresca.net\/index.php\/wp-json\/wp\/v2\/media?parent=18832"}],"wp:term":[{"taxonomy":"category","embeddable":true,"href":"https:\/\/tintafresca.net\/index.php\/wp-json\/wp\/v2\/categories?post=18832"},{"taxonomy":"post_tag","embeddable":true,"href":"https:\/\/tintafresca.net\/index.php\/wp-json\/wp\/v2\/tags?post=18832"}],"curies":[{"name":"wp","href":"https:\/\/api.w.org\/{rel}","templated":true}]}}