{"id":18965,"date":"2022-08-01T18:01:06","date_gmt":"2022-08-01T18:01:06","guid":{"rendered":"https:\/\/tintafresca.net\/?p=18965"},"modified":"2022-08-01T18:12:25","modified_gmt":"2022-08-01T18:12:25","slug":"protejo-denuncia-que-a-poluicao-de-bloom-de-algas-de-extrema-toxicidade-com-origem-em-espanha-ja-chegou-a-vila-velha-de-rodao","status":"publish","type":"post","link":"https:\/\/tintafresca.net\/index.php\/2022\/08\/01\/protejo-denuncia-que-a-poluicao-de-bloom-de-algas-de-extrema-toxicidade-com-origem-em-espanha-ja-chegou-a-vila-velha-de-rodao\/","title":{"rendered":"proTEJO denuncia que bloom de algas de extrema toxicidade com origem em Espanha j\u00e1 chegou a Vila Velha de R\u00f3d\u00e3o"},"content":{"rendered":"<div id=\"attachment_18967\" style=\"width: 510px\" class=\"wp-caption alignleft\"><img loading=\"lazy\" decoding=\"async\" aria-describedby=\"caption-attachment-18967\" class=\"wp-image-18967 size-full\" src=\"https:\/\/tintafresca.net\/wp-content\/uploads\/2022\/08\/ProTejo_Fratel_Bloom_algas_2021_10.jpg\" alt=\"\" width=\"500\" height=\"281\" srcset=\"https:\/\/tintafresca.net\/wp-content\/uploads\/2022\/08\/ProTejo_Fratel_Bloom_algas_2021_10.jpg 500w, https:\/\/tintafresca.net\/wp-content\/uploads\/2022\/08\/ProTejo_Fratel_Bloom_algas_2021_10-300x169.jpg 300w\" sizes=\"auto, (max-width: 500px) 100vw, 500px\" \/><p id=\"caption-attachment-18967\" class=\"wp-caption-text\">Bloom de algas (cianobact\u00e9rias) na barragem do Fratel (2021)<\/p><\/div>\n<p>A associa\u00e7\u00e3o ambientalista proTEJO denunciou , no dia 27 de julho, que a polui\u00e7\u00e3o de bloom de algas (cianobact\u00e9rias) de extrema toxicidade e com cheiro de putrefacto tendo origem em Espanha j\u00e1 chegou a Vila Velha de R\u00f3d\u00e3o refor\u00e7ando a necessidade de proceder a uma Queixa \u00e0 Comiss\u00e3o Europeia. Este bloom de algas resulta de v\u00e1rios fatores, como a concentra\u00e7\u00e3o elevada de nutrientes, nomeadamente, f\u00f3sforo, depositados no fundo das albufeiras da Extremadura espanhola, Azutan, Torrejon, Valdeca\u00f1as, Alcant\u00e2ra e Cedillo, em resultado d\u00e9cadas de descargas de \u00e1guas residuais sem adequado tratamento e das escorr\u00eancias de fertilizantes agr\u00edcolas.<\/p>\n<p>Segundo, a aus\u00eancia de precipita\u00e7\u00e3o significativa durante os 10 meses do ano hidrol\u00f3gico de 2021\/22 n\u00e3o permitiu a reposi\u00e7\u00e3o dos baixos n\u00edveis de armazenamento gerados pelo esvaziamento das barragens de Alc\u00e2ntara e Valdeca\u00f1as de cerca de 80% da sua capacidade em 15 de mar\u00e7o para cerca de 40% e 21% no m\u00eas de junho, respetivamente, com a finalidade de produzir energia hidroel\u00e9trica quando o pre\u00e7o da energia no mercado espanhol estava em n\u00edveis bastante elevados.<\/p>\n<p>Lembramos que o governo espanhol colocou um processo de investiga\u00e7\u00e3o \u00e0 empresa concession\u00e1ria destas barragens, a Iberdrola, pela dr\u00e1stica redu\u00e7\u00e3o de \u00e1gua para aproveitar o elevado pre\u00e7o para multiplicar a sua produ\u00e7\u00e3o hidroel\u00e9trica cujo resultado at\u00e9 \u00e0 data \u00e9 desconhecido.<\/p>\n<p>Terceiro, as condi\u00e7\u00f5es de temperatura e luminosidade elevadas, que se ocorreram no Ver\u00e3o de 2021, e desde a\u00ed at\u00e9 hoje, em que estas barragens armazenavam pouca \u00e1gua em resultado do seu esvaziamento artificial criaram as condi\u00e7\u00f5es prop\u00edcias \u00e0 prolifera\u00e7\u00e3o deste bloom de algas que tamb\u00e9m dispunha dos nutrientes necess\u00e1rios.<\/p>\n<p>Neste contexto, o proTEJO considera que o ministro do Ambiente e A\u00e7\u00e3o Clim\u00e1tica deve exigir explica\u00e7\u00f5es ao seu cong\u00e9nere espanhol visto que esta situa\u00e7\u00e3o constitui um agravamento adicional do estado ecol\u00f3gico das massas de \u00e1gua do rio Tejo em Portugal em incumprimento da Conven\u00e7\u00e3o de Albufeira quanto \u00e0 obrigatoriedade de garantir o bom estado ecol\u00f3gico das massas fronteiri\u00e7as e transfronteiri\u00e7as e em incumprimento da Diretiva Quadro da \u00c1gua que imp\u00f5e o objetivo de alcan\u00e7ar um bom estado ecol\u00f3gico das massas de \u00e1gua.<\/p>\n<p>Al\u00e9m disso, o proTEJO considera que se encontram refor\u00e7ados os fundamentos para apresentar uma A\u00e7\u00e3o Judicial Contra os Estados Portugu\u00eas e Espanhol e uma Queixa \u00e0 Comiss\u00e3o Europeia contra os governos de Portugal e Espanha assente no incumprimento da Diretiva Quadro da \u00c1gua por permitirem uma gest\u00e3o das barragens para a produ\u00e7\u00e3o hidroel\u00e9trica com crit\u00e9rios meramente economicistas de maximiza\u00e7\u00e3o do lucro que causa uma deteriora\u00e7\u00e3o adicional do estado ecol\u00f3gico das massas de \u00e1gua do rio Tejo e impede que se alcancem os objetivos ambientais do n\u00ba 1 do Artigo 4\u00ba da DQA ao n\u00e3o assegurar um \u201cregime hidrol\u00f3gico consistente com o alcance dos objetivos ambientais da DQA em massas de \u00e1guas superficiais naturais\u201d como decorre do documento de orienta\u00e7\u00e3o n\u00ba 31 \u201cCaudais ecol\u00f3gicos na implementa\u00e7\u00e3o da Diretiva Quadro da \u00c1gua\u201d.<\/p>\n<p><strong>\u00a0 \u00a0 \u00a0 As Cyanobacterias<\/strong><\/p>\n<p>O filo Cyanobacteria (cianobact\u00e9rias), ou divis\u00e3o Cyanophyta (cian\u00f3fitas), \u00e9 um grupo de bact\u00e9rias que obt\u00eam energia por fotoss\u00edntese. O nome &#8220;cianobact\u00e9ria&#8221; vem de sua cor (do grego: \u03ba\u03c5\u03b1\u03bd\u03cc\u03c2 (kyan\u00f3s) = azul). S\u00e3o chamadas tamb\u00e9m de algas azuis ou algas verde-azuladas, embora alguns autores considerem estes nomes inadequados, uma vez que cianobact\u00e9rias s\u00e3o procariontes, e algas deveriam ser apenas eucariontes.<\/p>\n<p>Algumas cianobact\u00e9rias produzem cianotoxinas, entre as quais anatoxina-a, anatoxina-as, aplisiatoxina, cilindrospermopsina, \u00e1cido domoico, microcistina LR, nodularina R e saxitoxina, algumas destas sendo de a\u00e7\u00e3o hepat\u00f3xica e neurot\u00f3xica, podendo ainda causar gastrointerites em mam\u00edferos, inclusive na esp\u00e9cie humana. Isso ocorre apenas quando est\u00e3o em prolifera\u00e7\u00e3o, e o ambiente se torna favor\u00e1vel a ela.<\/p>\n<p>Em altas concentra\u00e7\u00f5es de cianotoxinas, primeiramente as comunidades aqu\u00e1ticas s\u00e3o afetadas. As flora\u00e7\u00f5es de cianobact\u00e9rias t\u00f3xicas podem provocar a mortandade de peixes e outros animais, incluindo o homem, que consomem a \u00e1gua ou organismos contaminados. Tais flora\u00e7\u00f5es muitas vezes s\u00e3o causadas por a\u00e7\u00f5es dos homens (como represamento e eutrofiza\u00e7\u00e3o dos corpos d\u2019\u00e1gua).<\/p>\n<p>Diversas cianotoxinas t\u00eam import\u00e2ncia para a sa\u00fade p\u00fablica. Estas toxinas quando presentes na \u00e1gua utilizada para abastecimento dom\u00e9stico, pesca ou lazer, podem atingir as popula\u00e7\u00f5es humanas e provocar efeitos adversos como gastrenterite, hepato-enterite e outras doen\u00e7as do f\u00edgado e rim, c\u00e2ncer, irrita\u00e7\u00f5es na pele, alergias, conjuntivite, problemas com a vis\u00e3o, fraqueza muscular, problemas respirat\u00f3rios, asfixia, convuls\u00f5es e morte, dependendo do tipo da toxina, da concentra\u00e7\u00e3o e da via de contato.<\/p>\n<p><strong>\u00a0 \u00a0 Fonte: ProTEJO<\/strong><\/p>\n","protected":false},"excerpt":{"rendered":"<p>A associa\u00e7\u00e3o ambientalista proTEJO denunciou , no dia 27 de julho, que a polui\u00e7\u00e3o de bloom de algas (cianobact\u00e9rias) de extrema toxicidade e com cheiro de putrefacto tendo origem em Espanha j\u00e1 chegou a Vila Velha de R\u00f3d\u00e3o refor\u00e7ando a necessidade de proceder a uma Queixa \u00e0 Comiss\u00e3o Europeia. Este bloom de algas resulta de [&hellip;]<\/p>\n","protected":false},"author":2,"featured_media":18968,"comment_status":"open","ping_status":"open","sticky":false,"template":"","format":"standard","meta":{"footnotes":""},"categories":[9],"tags":[],"class_list":["post-18965","post","type-post","status-publish","format-standard","has-post-thumbnail","hentry","category-ambiente"],"_links":{"self":[{"href":"https:\/\/tintafresca.net\/index.php\/wp-json\/wp\/v2\/posts\/18965","targetHints":{"allow":["GET"]}}],"collection":[{"href":"https:\/\/tintafresca.net\/index.php\/wp-json\/wp\/v2\/posts"}],"about":[{"href":"https:\/\/tintafresca.net\/index.php\/wp-json\/wp\/v2\/types\/post"}],"author":[{"embeddable":true,"href":"https:\/\/tintafresca.net\/index.php\/wp-json\/wp\/v2\/users\/2"}],"replies":[{"embeddable":true,"href":"https:\/\/tintafresca.net\/index.php\/wp-json\/wp\/v2\/comments?post=18965"}],"version-history":[{"count":5,"href":"https:\/\/tintafresca.net\/index.php\/wp-json\/wp\/v2\/posts\/18965\/revisions"}],"predecessor-version":[{"id":18972,"href":"https:\/\/tintafresca.net\/index.php\/wp-json\/wp\/v2\/posts\/18965\/revisions\/18972"}],"wp:featuredmedia":[{"embeddable":true,"href":"https:\/\/tintafresca.net\/index.php\/wp-json\/wp\/v2\/media\/18968"}],"wp:attachment":[{"href":"https:\/\/tintafresca.net\/index.php\/wp-json\/wp\/v2\/media?parent=18965"}],"wp:term":[{"taxonomy":"category","embeddable":true,"href":"https:\/\/tintafresca.net\/index.php\/wp-json\/wp\/v2\/categories?post=18965"},{"taxonomy":"post_tag","embeddable":true,"href":"https:\/\/tintafresca.net\/index.php\/wp-json\/wp\/v2\/tags?post=18965"}],"curies":[{"name":"wp","href":"https:\/\/api.w.org\/{rel}","templated":true}]}}