{"id":19006,"date":"2022-08-02T18:13:29","date_gmt":"2022-08-02T18:13:29","guid":{"rendered":"https:\/\/tintafresca.net\/?p=19006"},"modified":"2022-08-02T18:20:42","modified_gmt":"2022-08-02T18:20:42","slug":"hospital-distrital-de-santarem-contrata-oito-novos-medicos-especialistas","status":"publish","type":"post","link":"https:\/\/tintafresca.net\/index.php\/2022\/08\/02\/hospital-distrital-de-santarem-contrata-oito-novos-medicos-especialistas\/","title":{"rendered":"Hospital Distrital de Santar\u00e9m contrata oito novos m\u00e9dicos especialistas"},"content":{"rendered":"<div id=\"attachment_15518\" style=\"width: 510px\" class=\"wp-caption alignleft\"><img loading=\"lazy\" decoding=\"async\" aria-describedby=\"caption-attachment-15518\" class=\"wp-image-15518 size-full\" src=\"https:\/\/tintafresca.net\/wp-content\/uploads\/2022\/04\/Santarem_Hospital30.jpg\" alt=\"\" width=\"500\" height=\"375\" \/><p id=\"caption-attachment-15518\" class=\"wp-caption-text\">Hospital Distrital de Santar\u00e9m<\/p><\/div>\n<p>O Hospital Distrital de Santar\u00e9m (HDS) contratou 8 novos m\u00e9dicos, especialistas que v\u00eam refor\u00e7ar o quadro m\u00e9dico do hospital a partir de 1 de agosto.<\/p>\n<p>O HDS d\u00e1 as boas vindas aos m\u00e9dicos, dos quais 2 especialistas de medicina interna, 1 especialista de medicina intensiva, 1 especialista de cirurgia geral, 1 otorrinolaringologista, 1 psiquiatra, 1 pediatra e um cardiologista, que se juntam \u00e0 equipa de profissionais do HDS empenhada em prestar os melhores cuidados de sa\u00fade \u00e0 comunidade, uma popula\u00e7\u00e3o residente de cerca de 200 mil habitantes, distribu\u00eddos por nove concelhos na Lez\u00edria do Tejo.<\/p>\n<p>Ana Infante, presidente do Conselho de Administra\u00e7\u00e3o do HDS, agradece aos especialistas a escolha por um hospital com uma resposta profissional qualificada e diferenciada e assume continuar a reunir todos os esfor\u00e7os para que os profissionais do HDS tenham condi\u00e7\u00f5es de trabalho para melhor servir os seus utentes. \u201cE sejam muito bem-vindos\u201d, acrescenta.<\/p>\n<p><strong>\u00a0 \u00a0 \u00a0Fonte: GCI|HDS<\/strong><\/p>\n","protected":false},"excerpt":{"rendered":"<p>O Hospital Distrital de Santar\u00e9m (HDS) contratou 8 novos m\u00e9dicos, especialistas que v\u00eam refor\u00e7ar o quadro m\u00e9dico do hospital a partir de 1 de agosto. O HDS d\u00e1 as boas vindas aos m\u00e9dicos, dos quais 2 especialistas de medicina interna, 1 especialista de medicina intensiva, 1 especialista de cirurgia geral, 1 otorrinolaringologista, 1 psiquiatra, 1 [&hellip;]<\/p>\n","protected":false},"author":2,"featured_media":15519,"comment_status":"open","ping_status":"open","sticky":false,"template":"","format":"standard","meta":{"footnotes":""},"categories":[6],"tags":[],"class_list":["post-19006","post","type-post","status-publish","format-standard","has-post-thumbnail","hentry","category-saude"],"_links":{"self":[{"href":"https:\/\/tintafresca.net\/index.php\/wp-json\/wp\/v2\/posts\/19006","targetHints":{"allow":["GET"]}}],"collection":[{"href":"https:\/\/tintafresca.net\/index.php\/wp-json\/wp\/v2\/posts"}],"about":[{"href":"https:\/\/tintafresca.net\/index.php\/wp-json\/wp\/v2\/types\/post"}],"author":[{"embeddable":true,"href":"https:\/\/tintafresca.net\/index.php\/wp-json\/wp\/v2\/users\/2"}],"replies":[{"embeddable":true,"href":"https:\/\/tintafresca.net\/index.php\/wp-json\/wp\/v2\/comments?post=19006"}],"version-history":[{"count":4,"href":"https:\/\/tintafresca.net\/index.php\/wp-json\/wp\/v2\/posts\/19006\/revisions"}],"predecessor-version":[{"id":19010,"href":"https:\/\/tintafresca.net\/index.php\/wp-json\/wp\/v2\/posts\/19006\/revisions\/19010"}],"wp:featuredmedia":[{"embeddable":true,"href":"https:\/\/tintafresca.net\/index.php\/wp-json\/wp\/v2\/media\/15519"}],"wp:attachment":[{"href":"https:\/\/tintafresca.net\/index.php\/wp-json\/wp\/v2\/media?parent=19006"}],"wp:term":[{"taxonomy":"category","embeddable":true,"href":"https:\/\/tintafresca.net\/index.php\/wp-json\/wp\/v2\/categories?post=19006"},{"taxonomy":"post_tag","embeddable":true,"href":"https:\/\/tintafresca.net\/index.php\/wp-json\/wp\/v2\/tags?post=19006"}],"curies":[{"name":"wp","href":"https:\/\/api.w.org\/{rel}","templated":true}]}}