{"id":19028,"date":"2022-08-03T12:59:40","date_gmt":"2022-08-03T12:59:40","guid":{"rendered":"https:\/\/tintafresca.net\/?p=19028"},"modified":"2022-08-03T13:06:49","modified_gmt":"2022-08-03T13:06:49","slug":"oestecim-desmente-que-municipios-de-caldas-da-rainha-alcobaca-e-nazare-nao-se-revejam-no-estudo-da-universidade-nova","status":"publish","type":"post","link":"https:\/\/tintafresca.net\/index.php\/2022\/08\/03\/oestecim-desmente-que-municipios-de-caldas-da-rainha-alcobaca-e-nazare-nao-se-revejam-no-estudo-da-universidade-nova\/","title":{"rendered":"OesteCIM desmente que Caldas da Rainha, Alcoba\u00e7a e Nazar\u00e9 n\u00e3o se revejam no estudo sobre novo hospital"},"content":{"rendered":"<div id=\"attachment_19030\" style=\"width: 510px\" class=\"wp-caption alignleft\"><img loading=\"lazy\" decoding=\"async\" aria-describedby=\"caption-attachment-19030\" class=\"wp-image-19030 size-full\" src=\"https:\/\/tintafresca.net\/wp-content\/uploads\/2022\/08\/Cadaval_Pedro-Folgado10.jpg\" alt=\"\" width=\"500\" height=\"333\" srcset=\"https:\/\/tintafresca.net\/wp-content\/uploads\/2022\/08\/Cadaval_Pedro-Folgado10.jpg 500w, https:\/\/tintafresca.net\/wp-content\/uploads\/2022\/08\/Cadaval_Pedro-Folgado10-300x200.jpg 300w\" sizes=\"auto, (max-width: 500px) 100vw, 500px\" \/><p id=\"caption-attachment-19030\" class=\"wp-caption-text\">Pedro Folgado preside \u00e0 OesteCIM<\/p><\/div>\n<p>Relativamente \u00e0 not\u00edcia publicada na sec\u00e7\u00e3o local do Jornal P\u00fablico, no dia 2 de agosto, com o t\u00edtulo \u201cOeste dividido quanto \u00e0 localiza\u00e7\u00e3o do novo hospital que ir\u00e1 servir a regi\u00e3o\u201d, a Comunidade Intermunicipal do Oeste (Oeste CIM) veio desmentir a not\u00edcia, em particular, o primeiro par\u00e1grafo, onde o jornalista Carlos Cipriano escreve que \u201cos concelhos no Norte da Regi\u00e3o Oeste n\u00e3o se reveem no estudo da Universidade Nova, que considera o Bombarral como a melhor localiza\u00e7\u00e3o para o futuro hospital, considerando que o mesmo dever\u00e1 ficar nas Caldas da Rainha. Este Munic\u00edpio lidera, naturalmente, essa contesta\u00e7\u00e3o, seguido por Alcoba\u00e7a e Nazar\u00e9, para quem um Hospital no Bombarral j\u00e1 fica demasiado a sul.\u201d<\/p>\n<p>A OesteCIM assegura n\u00e3o ser verdade o que o P\u00fablico escreve acerca da posi\u00e7\u00e3o dos Munic\u00edpios da Nazar\u00e9 e de Alcoba\u00e7a face ao estudo que a Universidade Nova est\u00e1 a realizar, nomeadamente sobre a dimens\u00e3o relativa \u00e0 localiza\u00e7\u00e3o do novo hospital da Regi\u00e3o, uma vez que \u201cdesde o in\u00edcio desta discuss\u00e3o que as posi\u00e7\u00f5es na OesteCIM sobre o tema t\u00eam sido tomadas por unanimidade, e estas visaram, para j\u00e1, a elabora\u00e7\u00e3o do estudo que a Universidade Nova est\u00e1 a realizar, assim como, o seu envio ao Governo para que tome a decis\u00e3o.\u201d<\/p>\n<p>Para a OesteCIM, \u201cseria, pois, relevante para a reposi\u00e7\u00e3o da verdade e na prossecu\u00e7\u00e3o do superior interesse p\u00fablico que a informa\u00e7\u00e3o fosse corrigida e, consequentemente, reposta a verdade dos factos, em particular sobre as posi\u00e7\u00f5es dos Munic\u00edpios de Alcoba\u00e7a e Nazar\u00e9 que nada correspondem ao editado neste \u00f3rg\u00e3o de comunica\u00e7\u00e3o social.\u201d<\/p>\n","protected":false},"excerpt":{"rendered":"<p>Relativamente \u00e0 not\u00edcia publicada na sec\u00e7\u00e3o local do Jornal P\u00fablico, no dia 2 de agosto, com o t\u00edtulo \u201cOeste dividido quanto \u00e0 localiza\u00e7\u00e3o do novo hospital que ir\u00e1 servir a regi\u00e3o\u201d, a Comunidade Intermunicipal do Oeste (Oeste CIM) veio desmentir a not\u00edcia, em particular, o primeiro par\u00e1grafo, onde o jornalista Carlos Cipriano escreve que \u201cos [&hellip;]<\/p>\n","protected":false},"author":2,"featured_media":19031,"comment_status":"open","ping_status":"open","sticky":false,"template":"","format":"standard","meta":{"footnotes":""},"categories":[6],"tags":[],"class_list":["post-19028","post","type-post","status-publish","format-standard","has-post-thumbnail","hentry","category-saude"],"_links":{"self":[{"href":"https:\/\/tintafresca.net\/index.php\/wp-json\/wp\/v2\/posts\/19028","targetHints":{"allow":["GET"]}}],"collection":[{"href":"https:\/\/tintafresca.net\/index.php\/wp-json\/wp\/v2\/posts"}],"about":[{"href":"https:\/\/tintafresca.net\/index.php\/wp-json\/wp\/v2\/types\/post"}],"author":[{"embeddable":true,"href":"https:\/\/tintafresca.net\/index.php\/wp-json\/wp\/v2\/users\/2"}],"replies":[{"embeddable":true,"href":"https:\/\/tintafresca.net\/index.php\/wp-json\/wp\/v2\/comments?post=19028"}],"version-history":[{"count":6,"href":"https:\/\/tintafresca.net\/index.php\/wp-json\/wp\/v2\/posts\/19028\/revisions"}],"predecessor-version":[{"id":19036,"href":"https:\/\/tintafresca.net\/index.php\/wp-json\/wp\/v2\/posts\/19028\/revisions\/19036"}],"wp:featuredmedia":[{"embeddable":true,"href":"https:\/\/tintafresca.net\/index.php\/wp-json\/wp\/v2\/media\/19031"}],"wp:attachment":[{"href":"https:\/\/tintafresca.net\/index.php\/wp-json\/wp\/v2\/media?parent=19028"}],"wp:term":[{"taxonomy":"category","embeddable":true,"href":"https:\/\/tintafresca.net\/index.php\/wp-json\/wp\/v2\/categories?post=19028"},{"taxonomy":"post_tag","embeddable":true,"href":"https:\/\/tintafresca.net\/index.php\/wp-json\/wp\/v2\/tags?post=19028"}],"curies":[{"name":"wp","href":"https:\/\/api.w.org\/{rel}","templated":true}]}}