{"id":19067,"date":"2022-08-04T09:47:09","date_gmt":"2022-08-04T09:47:09","guid":{"rendered":"https:\/\/tintafresca.net\/?p=19067"},"modified":"2022-08-04T09:49:50","modified_gmt":"2022-08-04T09:49:50","slug":"bombarral-recebe-37o-festival-do-vinho-portugues-e-27a-feira-nacional-da-pera-rocha","status":"publish","type":"post","link":"https:\/\/tintafresca.net\/index.php\/2022\/08\/04\/bombarral-recebe-37o-festival-do-vinho-portugues-e-27a-feira-nacional-da-pera-rocha\/","title":{"rendered":"Bombarral recebe 37\u00ba Festival do Vinho Portugu\u00eas e 27\u00aa Feira Nacional da Pera Rocha"},"content":{"rendered":"<div id=\"attachment_19069\" style=\"width: 510px\" class=\"wp-caption alignleft\"><img loading=\"lazy\" decoding=\"async\" aria-describedby=\"caption-attachment-19069\" class=\"wp-image-19069 size-full\" src=\"https:\/\/tintafresca.net\/wp-content\/uploads\/2022\/08\/Bombarral_37o-festival-do-vinho-portugues-e-27a-feira-nacional-da-pe\u0302ra-rocha20.jpg\" alt=\"\" width=\"500\" height=\"707\" srcset=\"https:\/\/tintafresca.net\/wp-content\/uploads\/2022\/08\/Bombarral_37o-festival-do-vinho-portugues-e-27a-feira-nacional-da-pe\u0302ra-rocha20.jpg 500w, https:\/\/tintafresca.net\/wp-content\/uploads\/2022\/08\/Bombarral_37o-festival-do-vinho-portugues-e-27a-feira-nacional-da-pe\u0302ra-rocha20-212x300.jpg 212w\" sizes=\"auto, (max-width: 500px) 100vw, 500px\" \/><p id=\"caption-attachment-19069\" class=\"wp-caption-text\">Cartaz<\/p><\/div>\n<p>\u00c9 j\u00e1 no dia 10 de agosto, quarta-feira, que tem in\u00edcio o 37\u00ba Festival do Vinho Portugu\u00eas e 27\u00aa Feira Nacional da Pera Rocha. O certame, que promove os dois principais setores econ\u00f3micos do concelho do Bombarral, ir\u00e1 decorrer at\u00e9 dia 15 de agosto na Mata Municipal.<\/p>\n<p>Com um enquadramento natural \u00fanico, os visitantes v\u00e3o ter novamente oportunidade de saborear alguns dos melhores vinhos que s\u00e3o produzidos nas diversas regi\u00f5es vitivin\u00edcolas do pa\u00eds e deliciar-se com as mais diversas iguarias que t\u00eam por base a rainha da fruticultura portuguesa.<\/p>\n<p>O certame apresenta ainda uma diversificada oferta gastron\u00f3mica, que nos \u00e9 disponibilizada no restaurante oficial do evento, bem como nas tasquinhas que s\u00e3o asseguradas por v\u00e1rias associa\u00e7\u00f5es do concelho e noutros espa\u00e7os dedicados a esta componente.<\/p>\n<p>Em termos gastron\u00f3micos, \u00e9 ainda de real\u00e7ar o \u201cEspa\u00e7o Gourmet\u201d, onde diariamente v\u00e1rios chefes de cozinha ir\u00e3o confecionar ao vivo diversos pratos que promovem a jun\u00e7\u00e3o entre o vinho e a pera rocha.<\/p>\n<p>Outro motivo de atra\u00e7\u00e3o ser\u00e1 igualmente o programa de anima\u00e7\u00e3o, no qual se destacam os concertos da Banda Xeques Orquestra (10), David Antunes (11), Plut\u00f3nio (12), Andr\u00e9 Sardet (13), Ana bacalhau (14) e Os Azeitonas (15), para al\u00e9m da imperd\u00edvel Wine and Pear Party (13) e da atua\u00e7\u00e3o de v\u00e1rios grupos de m\u00fasica tradicional.<\/p>\n<p>Neste \u00e2mbito, refer\u00eancia ainda para o \u201cEspa\u00e7o Pera\u201d, onde os visitantes v\u00e3o poder conhecer o setor que se dedica \u00e0 produ\u00e7\u00e3o da rainha da fruticultura portuguesa e onde ser\u00e1 instalado o \u201cPalco Melro\u201d, pelo qual ir\u00e3o igualmente passar v\u00e1rios momentos de anima\u00e7\u00e3o.<\/p>\n<p>Sendo o Festival do Vinho Portugu\u00eas e a Feira Nacional da Pera Rocha um evento para ser desfrutado em fam\u00edlia, tamb\u00e9m os mais pequenos ter\u00e3o um espa\u00e7o que lhes ser\u00e1 exclusivamente dedicado e onde poder\u00e3o desfrutar de diversas atividades l\u00fadicas, jogos, pinturas faciais, entre muitas outras.<\/p>\n<p>O Festival do Vinho Portugu\u00eas \u00e9 o certame vitivin\u00edcola mais antigo do pa\u00eds, tendo sido criado nos anos 60, com denomina\u00e7\u00e3o de 1\u00ba Festival-Exposi\u00e7\u00e3o do Vinho Portugu\u00eas. Realizando-se de forma n\u00e3o continuada durante alguns anos, foi a partir do ano de 1993, aquando da 10\u00aa edi\u00e7\u00e3o, que o certame se afirmou definitivamente passando a partir dessa data a realizar-se anualmente.<\/p>\n<p>Quanto \u00e0 Feira Nacional da Pera Rocha, esta \u00e9 organizada desde o ano de 1996, tendo sido criada com o objetivo de promover rainha da fruticultura portuguesa, mas tamb\u00e9m os produtos agr\u00edcolas frescos em geral.<\/p>\n<p><strong> \u00a0 Fonte: PC|GAPOM|CMB<\/strong><\/p>\n","protected":false},"excerpt":{"rendered":"<p>\u00c9 j\u00e1 no dia 10 de agosto, quarta-feira, que tem in\u00edcio o 37\u00ba Festival do Vinho Portugu\u00eas e 27\u00aa Feira Nacional da Pera Rocha. O certame, que promove os dois principais setores econ\u00f3micos do concelho do Bombarral, ir\u00e1 decorrer at\u00e9 dia 15 de agosto na Mata Municipal. Com um enquadramento natural \u00fanico, os visitantes v\u00e3o [&hellip;]<\/p>\n","protected":false},"author":2,"featured_media":19071,"comment_status":"open","ping_status":"open","sticky":false,"template":"","format":"standard","meta":{"footnotes":""},"categories":[7],"tags":[],"class_list":["post-19067","post","type-post","status-publish","format-standard","has-post-thumbnail","hentry","category-economia"],"_links":{"self":[{"href":"https:\/\/tintafresca.net\/index.php\/wp-json\/wp\/v2\/posts\/19067","targetHints":{"allow":["GET"]}}],"collection":[{"href":"https:\/\/tintafresca.net\/index.php\/wp-json\/wp\/v2\/posts"}],"about":[{"href":"https:\/\/tintafresca.net\/index.php\/wp-json\/wp\/v2\/types\/post"}],"author":[{"embeddable":true,"href":"https:\/\/tintafresca.net\/index.php\/wp-json\/wp\/v2\/users\/2"}],"replies":[{"embeddable":true,"href":"https:\/\/tintafresca.net\/index.php\/wp-json\/wp\/v2\/comments?post=19067"}],"version-history":[{"count":2,"href":"https:\/\/tintafresca.net\/index.php\/wp-json\/wp\/v2\/posts\/19067\/revisions"}],"predecessor-version":[{"id":19070,"href":"https:\/\/tintafresca.net\/index.php\/wp-json\/wp\/v2\/posts\/19067\/revisions\/19070"}],"wp:featuredmedia":[{"embeddable":true,"href":"https:\/\/tintafresca.net\/index.php\/wp-json\/wp\/v2\/media\/19071"}],"wp:attachment":[{"href":"https:\/\/tintafresca.net\/index.php\/wp-json\/wp\/v2\/media?parent=19067"}],"wp:term":[{"taxonomy":"category","embeddable":true,"href":"https:\/\/tintafresca.net\/index.php\/wp-json\/wp\/v2\/categories?post=19067"},{"taxonomy":"post_tag","embeddable":true,"href":"https:\/\/tintafresca.net\/index.php\/wp-json\/wp\/v2\/tags?post=19067"}],"curies":[{"name":"wp","href":"https:\/\/api.w.org\/{rel}","templated":true}]}}