{"id":19226,"date":"2022-08-10T10:32:05","date_gmt":"2022-08-10T10:32:05","guid":{"rendered":"https:\/\/tintafresca.net\/?p=19226"},"modified":"2022-08-11T16:17:10","modified_gmt":"2022-08-11T16:17:10","slug":"municipio-de-leiria-reforca-medidas-de-poupanca-de-agua-e-de-energia","status":"publish","type":"post","link":"https:\/\/tintafresca.net\/index.php\/2022\/08\/10\/municipio-de-leiria-reforca-medidas-de-poupanca-de-agua-e-de-energia\/","title":{"rendered":"Munic\u00edpio de Leiria refor\u00e7a medidas de poupan\u00e7a de \u00e1gua e de energia"},"content":{"rendered":"<p><img loading=\"lazy\" decoding=\"async\" class=\"alignleft wp-image-19228 size-full\" src=\"https:\/\/tintafresca.net\/wp-content\/uploads\/2022\/08\/Torneira.webp\" alt=\"\" width=\"300\" height=\"300\" srcset=\"https:\/\/tintafresca.net\/wp-content\/uploads\/2022\/08\/Torneira.webp 300w, https:\/\/tintafresca.net\/wp-content\/uploads\/2022\/08\/Torneira-150x150.webp 150w\" sizes=\"auto, (max-width: 300px) 100vw, 300px\" \/>O Munic\u00edpio de Leiria apresentou esta ter\u00e7a-feira, dia 9 de agosto, em reuni\u00e3o de C\u00e2mara, dois pacotes de medidas a implementar no \u00e2mbito da gest\u00e3o da \u00e1gua e da poupan\u00e7a e efici\u00eancia energ\u00e9tica, em resposta \u00e0 situa\u00e7\u00e3o cr\u00edtica de seca no pa\u00eds e aos constrangimentos europeus ao n\u00edvel da energia.<\/p>\n<p>Refor\u00e7ando as iniciativas anunciadas em fevereiro, Lu\u00eds Lopes, vereador do Ambiente, destacou a necessidade de dar continuidade a algumas das a\u00e7\u00f5es em curso e de colocar em pr\u00e1tica novas medidas, tais como a realiza\u00e7\u00e3o e\/ou atualiza\u00e7\u00e3o de um invent\u00e1rio dos recursos p\u00fablicos e privados dispon\u00edveis no concelho, que poder\u00e3o ser mobiliz\u00e1veis em caso de agravamento da situa\u00e7\u00e3o.<\/p>\n<p>Paralelamente, ser\u00e3o adotadas boas pr\u00e1ticas de rega, nomeadamente com a programa\u00e7\u00e3o dos sistemas para funcionamento em per\u00edodos noturnos, tendo j\u00e1 sido solicitada a colabora\u00e7\u00e3o dos diversos parceiros para determinados procedimentos, como por exemplo a interdi\u00e7\u00e3o tempor\u00e1ria do uso de \u00e1gua da rede para usos n\u00e3o pot\u00e1veis ou a n\u00e3o lavagem de ruas com recurso a \u00e1gua da companhia.<\/p>\n<p>Ainda no setor h\u00eddrico, o vereador falou da utiliza\u00e7\u00e3o de fontes alternativas de \u00e1gua para as miss\u00f5es de prote\u00e7\u00e3o e socorro e da implementa\u00e7\u00e3o de um programa de educa\u00e7\u00e3o designado de \u201cEscola Verde\u201d dirigido a todas as escolas, iniciativa que ir\u00e1 tamb\u00e9m abordar os comportamentos em defesa da poupan\u00e7a e da efici\u00eancia energ\u00e9tica.<\/p>\n<p>A este n\u00edvel, de acordo com Carlos Palheira, vereador com o pelouro da Ilumina\u00e7\u00e3o P\u00fablica, para quem o Munic\u00edpio n\u00e3o podia ficar alheio \u00e0s circunst\u00e2ncias atuais, as luzes de todos os monumentos e edif\u00edcios municipais, com exce\u00e7\u00e3o do Castelo, ser\u00e3o desligadas a partir da meia-noite, bem como as fontes p\u00fablicas com elevados consumos de energia (Fonte Luminosa, fonte da zona desportiva e fontes do Jardim Lu\u00eds de Cam\u00f5es), medidas a p\u00f4r em pr\u00e1tica nos pr\u00f3ximos dias.<\/p>\n<p>A intensidade da ilumina\u00e7\u00e3o em algumas zonas urbanas ser\u00e1 diminu\u00edda a partir de determinada hora e, no que ao Munic\u00edpio diz respeito, n\u00e3o s\u00f3 est\u00e1 em curso uma campanha de sensibiliza\u00e7\u00e3o a todos os funcion\u00e1rios camar\u00e1rios, como tamb\u00e9m ser\u00e3o realizadas auditorias energ\u00e9ticas e instalados pain\u00e9is fotovoltaicos em todos os edif\u00edcios municipais.<\/p>\n<p><strong>\u00a0 \u00a0 \u00a0Fonte: DCRP|CML<\/strong><\/p>\n","protected":false},"excerpt":{"rendered":"<p>O Munic\u00edpio de Leiria apresentou esta ter\u00e7a-feira, dia 9 de agosto, em reuni\u00e3o de C\u00e2mara, dois pacotes de medidas a implementar no \u00e2mbito da gest\u00e3o da \u00e1gua e da poupan\u00e7a e efici\u00eancia energ\u00e9tica, em resposta \u00e0 situa\u00e7\u00e3o cr\u00edtica de seca no pa\u00eds e aos constrangimentos europeus ao n\u00edvel da energia. Refor\u00e7ando as iniciativas anunciadas em [&hellip;]<\/p>\n","protected":false},"author":2,"featured_media":19229,"comment_status":"open","ping_status":"open","sticky":false,"template":"","format":"standard","meta":{"footnotes":""},"categories":[9],"tags":[],"class_list":["post-19226","post","type-post","status-publish","format-standard","has-post-thumbnail","hentry","category-ambiente"],"_links":{"self":[{"href":"https:\/\/tintafresca.net\/index.php\/wp-json\/wp\/v2\/posts\/19226","targetHints":{"allow":["GET"]}}],"collection":[{"href":"https:\/\/tintafresca.net\/index.php\/wp-json\/wp\/v2\/posts"}],"about":[{"href":"https:\/\/tintafresca.net\/index.php\/wp-json\/wp\/v2\/types\/post"}],"author":[{"embeddable":true,"href":"https:\/\/tintafresca.net\/index.php\/wp-json\/wp\/v2\/users\/2"}],"replies":[{"embeddable":true,"href":"https:\/\/tintafresca.net\/index.php\/wp-json\/wp\/v2\/comments?post=19226"}],"version-history":[{"count":2,"href":"https:\/\/tintafresca.net\/index.php\/wp-json\/wp\/v2\/posts\/19226\/revisions"}],"predecessor-version":[{"id":19230,"href":"https:\/\/tintafresca.net\/index.php\/wp-json\/wp\/v2\/posts\/19226\/revisions\/19230"}],"wp:featuredmedia":[{"embeddable":true,"href":"https:\/\/tintafresca.net\/index.php\/wp-json\/wp\/v2\/media\/19229"}],"wp:attachment":[{"href":"https:\/\/tintafresca.net\/index.php\/wp-json\/wp\/v2\/media?parent=19226"}],"wp:term":[{"taxonomy":"category","embeddable":true,"href":"https:\/\/tintafresca.net\/index.php\/wp-json\/wp\/v2\/categories?post=19226"},{"taxonomy":"post_tag","embeddable":true,"href":"https:\/\/tintafresca.net\/index.php\/wp-json\/wp\/v2\/tags?post=19226"}],"curies":[{"name":"wp","href":"https:\/\/api.w.org\/{rel}","templated":true}]}}