{"id":19273,"date":"2022-08-11T17:49:30","date_gmt":"2022-08-11T17:49:30","guid":{"rendered":"https:\/\/tintafresca.net\/?p=19273"},"modified":"2022-08-11T22:26:42","modified_gmt":"2022-08-11T22:26:42","slug":"in-estatua-trouxe-um-festival-de-sorrisos-ao-centro-historico-de-santarem","status":"publish","type":"post","link":"https:\/\/tintafresca.net\/index.php\/2022\/08\/11\/in-estatua-trouxe-um-festival-de-sorrisos-ao-centro-historico-de-santarem\/","title":{"rendered":"In.Est\u00e1tua trouxe um festival de sorrisos ao centro hist\u00f3rico de Santar\u00e9m"},"content":{"rendered":"<div id=\"attachment_19276\" style=\"width: 522px\" class=\"wp-caption alignleft\"><img loading=\"lazy\" decoding=\"async\" aria-describedby=\"caption-attachment-19276\" class=\"wp-image-19276 size-full\" src=\"https:\/\/tintafresca.net\/wp-content\/uploads\/2022\/08\/Santarem_estatuas_Vivas_premiados.jpg\" alt=\"\" width=\"512\" height=\"341\" srcset=\"https:\/\/tintafresca.net\/wp-content\/uploads\/2022\/08\/Santarem_estatuas_Vivas_premiados.jpg 512w, https:\/\/tintafresca.net\/wp-content\/uploads\/2022\/08\/Santarem_estatuas_Vivas_premiados-300x200.jpg 300w\" sizes=\"auto, (max-width: 512px) 100vw, 512px\" \/><p id=\"caption-attachment-19276\" class=\"wp-caption-text\">Entrega de pr\u00e9mios<\/p><\/div>\n<p>Entre 5 e 7 de agosto, o III Festival de Est\u00e1tuas Humanas de Santar\u00e9m &#8211; In.Est\u00e1tua foi respons\u00e1vel por atrair milhares de visitantes ao centro hist\u00f3rico da cidade. Ap\u00f3s a \u00faltima edi\u00e7\u00e3o, realizada em 2019, no \u00e2mbito do festival de artes e cultura Ver\u00e3o In.Santar\u00e9m, o evento de este ano foi animado por 20 est\u00e1tuas humanas que provocaram facilmente sorrisos entre um p\u00fablico rendido \u00e0s personagens propostas pela Quideia, a empresa de anima\u00e7\u00e3o respons\u00e1vel pela produ\u00e7\u00e3o do festival.<\/p>\n<p>O In.Est\u00e1tua teve este ano como tema \u2018Cultura, Hist\u00f3ria e Mitologia\u2019 e contou quatro convidados e 16 est\u00e1tuas a concurso, tendo sido atribu\u00eddos tr\u00eas pr\u00e9mios, entregues na presen\u00e7a do vereador com o Pelouro da Cultura do Munic\u00edpio de Santar\u00e9m, Nuno Domingos.<\/p>\n<p>A personagem de Benny-Venti, um duende atrevido, foi a figura eleita pelo p\u00fablico que visitou o festival e deixou o voto nas urnas espalhadas pelo recinto, enquanto na vota\u00e7\u00e3o que decorreu paralelamente online, foi escolhida a figura de Minerva, que teve assim direito a um pr\u00e9mio simb\u00f3lico entregue pela Quideia.<\/p>\n<p>Por \u00faltimo, tal como em anteriores edi\u00e7\u00f5es, umas das figuras premiadas, foi escolhida por um j\u00fari, este ano constitu\u00eddo por Eliseu Raimundo, presidente do C\u00edrculo Cultural Scalabitano, Margarida Gabriel, docente com muitos anos de liga\u00e7\u00e3o ao mundo do teatro e outras artes; e Isabel Le\u00e3o da ERA Santar\u00e9m, um dos patrocinadores do evento, tal como a empresa Caetano-Auto, tamb\u00e9m de Santar\u00e9m.<\/p>\n<div id=\"attachment_19285\" style=\"width: 522px\" class=\"wp-caption alignleft\"><img loading=\"lazy\" decoding=\"async\" aria-describedby=\"caption-attachment-19285\" class=\"wp-image-19285 size-full\" src=\"https:\/\/tintafresca.net\/wp-content\/uploads\/2022\/08\/Santare_Staticman.jpg\" alt=\"\" width=\"512\" height=\"341\" srcset=\"https:\/\/tintafresca.net\/wp-content\/uploads\/2022\/08\/Santare_Staticman.jpg 512w, https:\/\/tintafresca.net\/wp-content\/uploads\/2022\/08\/Santare_Staticman-300x200.jpg 300w\" sizes=\"auto, (max-width: 512px) 100vw, 512px\" \/><p id=\"caption-attachment-19285\" class=\"wp-caption-text\">Ant\u00f3nio &#8220;Staticman&#8221; Santos em a\u00e7\u00e3o<\/p><\/div>\n<p>Para al\u00e9m dos concorrentes, estiveram presentes quatro convidados, entre eles, Ant\u00f3nio Santos, um portugu\u00eas pioneiro a n\u00edvel mundial da arte de est\u00e1tua viva. Tamb\u00e9m conhecido como Staticman, Ant\u00f3nio \u00e9 um dos mais antigos artistas na arte da est\u00e1tua viva e um dos maiores nomes mundiais. Tem, pelo menos, seis recordes em seu nome e esteve nove anos seguidos no Guiness Book of Records at\u00e9 os seus feitos terem sido superados.<\/p>\n<p>Ao In.Est\u00e1tua trouxe duas personagens, uma delas a \u2018Figura quase imposs\u00edvel\u2019, uma est\u00e1tua viva de levita\u00e7\u00e3o que surpreendeu o p\u00fablico pela impossibilidade daquilo que testemunharam diante dos seus olhos. Outra, foi a figura do Saltimbanco, a sua mais recente cria\u00e7\u00e3o, que homenageia as v\u00e1rias artes de rua em forma de est\u00e1tua.<\/p>\n<p>Tamb\u00e9m convidados, a dupla portuguesa Anymamundy apresentou uma encena\u00e7\u00e3o a que chamou &#8216;A \u00daltima Profecia&#8217;, onde foi recriada uma macabra cena que inclu\u00eda uma ensanguentada cabe\u00e7a decapitada. Outra convidada, foi a argentina Micaela Forestier Schenkelm, que contribui com a sua boa disposi\u00e7\u00e3o para a internacionaliza\u00e7\u00e3o do In.Est\u00e1tua, com a divertida Mapamundica, uma personagem empenhada em explorar o mundo.<\/p>\n<p>Entre as restantes personagens que encantaram os milhares de visitantes, de destacar a presen\u00e7a de v\u00e1rios participantes sa\u00eddos das resid\u00eancias art\u00edsticas \u2018Valoriz\u00b4Arte\u2019, que decorreram ao longo de 2021 em 10 munic\u00edpios da Lez\u00edria do Tejo: Alpiar\u00e7a, Almeirim, Azambuja, Benavente, Cartaxo, Chamusca, Coruche, Rio Maior, Salvaterra de Magos e Santar\u00e9m.<\/p>\n<p>Durante o desenrolar de este projeto os participantes mergulharam no mundo das est\u00e1tuas vivas, aprendendo v\u00e1rias t\u00e9cnicas de constru\u00e7\u00e3o de figurinos, caracteriza\u00e7\u00e3o, imobilidade, apresenta\u00e7\u00e3o e constru\u00e7\u00e3o de personagens, que foram depois apresentadas pela primeira vez diante do p\u00fablico em pequenos eventos que decorreram em cada munic\u00edpio envolvido.<\/p>\n<p>Em cada resid\u00eancia foi constru\u00edda uma figura que foi idealizada de raiz, tendo a escolha das personagens e os temas sido sugeridos pelos munic\u00edpios que acolheram o projeto. Alguns exemplos disso, foram a recria\u00e7\u00e3o do busto de Anselmo Freire Braamcamp, elaborado em Santar\u00e9m; o retrato a s\u00e9pia da \u2018Cachopa\u2019, criado em Almeirim e a representa\u00e7\u00e3o da Tr\u00edade da Mitologia Romana (Minerva, Merc\u00fario e Baco), nascidos em Coruche, Rio Maior e Cartaxo.<\/p>\n<p>O In.Est\u00e1tua, o Festival de Est\u00e1tuas Humanas Santar\u00e9m conta com duas edi\u00e7\u00f5es anteriores, \u20184 mundos\u2019, em 2018, e \u20181 Passeio, muitas hist\u00f3rias\u2019, em 2019, a \u00faltima edi\u00e7\u00e3o antes de uma inesperada pandemia que assolou o planeta e praticamente cancelou os eventos culturais a n\u00edvel mundial.<\/p>\n","protected":false},"excerpt":{"rendered":"<p>Entre 5 e 7 de agosto, o III Festival de Est\u00e1tuas Humanas de Santar\u00e9m &#8211; In.Est\u00e1tua foi respons\u00e1vel por atrair milhares de visitantes ao centro hist\u00f3rico da cidade. Ap\u00f3s a \u00faltima edi\u00e7\u00e3o, realizada em 2019, no \u00e2mbito do festival de artes e cultura Ver\u00e3o In.Santar\u00e9m, o evento de este ano foi animado por 20 est\u00e1tuas [&hellip;]<\/p>\n","protected":false},"author":2,"featured_media":19278,"comment_status":"open","ping_status":"open","sticky":false,"template":"","format":"standard","meta":{"footnotes":""},"categories":[1],"tags":[],"class_list":["post-19273","post","type-post","status-publish","format-standard","has-post-thumbnail","hentry","category-uncategorized"],"_links":{"self":[{"href":"https:\/\/tintafresca.net\/index.php\/wp-json\/wp\/v2\/posts\/19273","targetHints":{"allow":["GET"]}}],"collection":[{"href":"https:\/\/tintafresca.net\/index.php\/wp-json\/wp\/v2\/posts"}],"about":[{"href":"https:\/\/tintafresca.net\/index.php\/wp-json\/wp\/v2\/types\/post"}],"author":[{"embeddable":true,"href":"https:\/\/tintafresca.net\/index.php\/wp-json\/wp\/v2\/users\/2"}],"replies":[{"embeddable":true,"href":"https:\/\/tintafresca.net\/index.php\/wp-json\/wp\/v2\/comments?post=19273"}],"version-history":[{"count":5,"href":"https:\/\/tintafresca.net\/index.php\/wp-json\/wp\/v2\/posts\/19273\/revisions"}],"predecessor-version":[{"id":19287,"href":"https:\/\/tintafresca.net\/index.php\/wp-json\/wp\/v2\/posts\/19273\/revisions\/19287"}],"wp:featuredmedia":[{"embeddable":true,"href":"https:\/\/tintafresca.net\/index.php\/wp-json\/wp\/v2\/media\/19278"}],"wp:attachment":[{"href":"https:\/\/tintafresca.net\/index.php\/wp-json\/wp\/v2\/media?parent=19273"}],"wp:term":[{"taxonomy":"category","embeddable":true,"href":"https:\/\/tintafresca.net\/index.php\/wp-json\/wp\/v2\/categories?post=19273"},{"taxonomy":"post_tag","embeddable":true,"href":"https:\/\/tintafresca.net\/index.php\/wp-json\/wp\/v2\/tags?post=19273"}],"curies":[{"name":"wp","href":"https:\/\/api.w.org\/{rel}","templated":true}]}}