{"id":19312,"date":"2022-08-12T15:38:01","date_gmt":"2022-08-12T15:38:01","guid":{"rendered":"https:\/\/tintafresca.net\/?p=19312"},"modified":"2022-08-12T18:07:22","modified_gmt":"2022-08-12T18:07:22","slug":"turismo-centro-de-portugal-manifesta-pesar-pelo-incendio-na-serra-da-estrela","status":"publish","type":"post","link":"https:\/\/tintafresca.net\/index.php\/2022\/08\/12\/turismo-centro-de-portugal-manifesta-pesar-pelo-incendio-na-serra-da-estrela\/","title":{"rendered":"Turismo Centro de Portugal manifesta pesar pelo inc\u00eandio na Serra da Estrela"},"content":{"rendered":"<div id=\"attachment_19314\" style=\"width: 510px\" class=\"wp-caption alignleft\"><img loading=\"lazy\" decoding=\"async\" aria-describedby=\"caption-attachment-19314\" class=\"wp-image-19314\" src=\"https:\/\/tintafresca.net\/wp-content\/uploads\/2022\/08\/Serra_da_estrela2-1024x576.jpg\" alt=\"\" width=\"500\" height=\"281\" srcset=\"https:\/\/tintafresca.net\/wp-content\/uploads\/2022\/08\/Serra_da_estrela2-1024x576.jpg 1024w, https:\/\/tintafresca.net\/wp-content\/uploads\/2022\/08\/Serra_da_estrela2-300x169.jpg 300w, https:\/\/tintafresca.net\/wp-content\/uploads\/2022\/08\/Serra_da_estrela2-768x432.jpg 768w, https:\/\/tintafresca.net\/wp-content\/uploads\/2022\/08\/Serra_da_estrela2-1536x864.jpg 1536w, https:\/\/tintafresca.net\/wp-content\/uploads\/2022\/08\/Serra_da_estrela2.jpg 1920w\" sizes=\"auto, (max-width: 500px) 100vw, 500px\" \/><p id=\"caption-attachment-19314\" class=\"wp-caption-text\">Serra da Estrela<\/p><\/div>\n<p>O Centro de Portugal est\u00e1 novamente a sofrer com o flagelo dos fogos florestais. Cinco anos depois da trag\u00e9dia que se abateu sobre grande parte da regi\u00e3o, o pesadelo dos inc\u00eandios atingiu este ver\u00e3o de novo os territ\u00f3rios do Centro de Portugal, devastando nos \u00faltimos dias a \u00e1rea protegida mais extensa de Portugal: a nossa magn\u00edfica Serra da Estrela. A Entidade Regional de Turismo do Centro de Portugal manifesta a sua solidariedade para com todos aqueles que sofreram danos pessoais e materiais nos inclementes fogos deste ver\u00e3o e lamenta profundamente que um ecossistema t\u00e3o sens\u00edvel como o da Serra da Estrela tenha sido t\u00e3o duramente atingido.<\/p>\n<p>Em comunicado, o Turismo do Centro lembra que embora haja \u201clocais da Serra que dificilmente voltar\u00e3o a ser o que eram, temos a certeza de que com o esfor\u00e7o de todos o Parque Natural vai reerguer-se e continuar a ser o destino tur\u00edstico de excel\u00eancia que sempre foi\u201d.<\/p>\n<p>Na mesma nota, a entidade de Turismo mostra-se solid\u00e1ria com todos os munic\u00edpios e empres\u00e1rios afetados, lembrando que \u201co esfor\u00e7o de recupera\u00e7\u00e3o vai exigir o empenho sobre-humano de todos. Os munic\u00edpios e empres\u00e1rios sabem que podem contar com todo o apoio da Turismo Centro de Portugal nesta tarefa t\u00e3o \u00e1rdua\u201d.<\/p>\n<p>O Turismo do Centro n\u00e3o esqueceu \u201cos nossos bravos bombeiros e servi\u00e7os de prote\u00e7\u00e3o civil, que, perante uma situa\u00e7\u00e3o t\u00e3o adversa, voltaram a mostrar a fibra de her\u00f3is que reconhecidamente s\u00e3o\u201d.<\/p>\n<p>A terminar o Turismo Centro de Portugal pede aos visitantes que \u201credobrem a aten\u00e7\u00e3o nos seus comportamentos, evitando os de risco, em especial numa altura t\u00e3o delicada. Tenha sempre em aten\u00e7\u00e3o as previs\u00f5es meteorol\u00f3gicas, que apontam para eventuais riscos de inc\u00eandios; saiba que inc\u00eandios se encontram ativos no pa\u00eds; tome nota das medidas de autosseguran\u00e7a a adotar e os comportamentos respons\u00e1veis a seguir; e confirme a realiza\u00e7\u00e3o ou n\u00e3o de eventos ligados \u00e0 natureza durante os per\u00edodos mais quentes do ano. Desta forma, estar\u00e1 a ajudar o Centro de Portugal a continuar verde e seguro\u201d.<\/p>\n<p><strong>\u00a0 \u00a0 \u00a0Fonte: TC<\/strong><\/p>\n<p>&nbsp;<\/p>\n","protected":false},"excerpt":{"rendered":"<p>O Centro de Portugal est\u00e1 novamente a sofrer com o flagelo dos fogos florestais. Cinco anos depois da trag\u00e9dia que se abateu sobre grande parte da regi\u00e3o, o pesadelo dos inc\u00eandios atingiu este ver\u00e3o de novo os territ\u00f3rios do Centro de Portugal, devastando nos \u00faltimos dias a \u00e1rea protegida mais extensa de Portugal: a nossa [&hellip;]<\/p>\n","protected":false},"author":3,"featured_media":19330,"comment_status":"open","ping_status":"open","sticky":false,"template":"","format":"standard","meta":{"footnotes":""},"categories":[9,7],"tags":[],"class_list":["post-19312","post","type-post","status-publish","format-standard","has-post-thumbnail","hentry","category-ambiente","category-economia"],"_links":{"self":[{"href":"https:\/\/tintafresca.net\/index.php\/wp-json\/wp\/v2\/posts\/19312","targetHints":{"allow":["GET"]}}],"collection":[{"href":"https:\/\/tintafresca.net\/index.php\/wp-json\/wp\/v2\/posts"}],"about":[{"href":"https:\/\/tintafresca.net\/index.php\/wp-json\/wp\/v2\/types\/post"}],"author":[{"embeddable":true,"href":"https:\/\/tintafresca.net\/index.php\/wp-json\/wp\/v2\/users\/3"}],"replies":[{"embeddable":true,"href":"https:\/\/tintafresca.net\/index.php\/wp-json\/wp\/v2\/comments?post=19312"}],"version-history":[{"count":5,"href":"https:\/\/tintafresca.net\/index.php\/wp-json\/wp\/v2\/posts\/19312\/revisions"}],"predecessor-version":[{"id":19331,"href":"https:\/\/tintafresca.net\/index.php\/wp-json\/wp\/v2\/posts\/19312\/revisions\/19331"}],"wp:featuredmedia":[{"embeddable":true,"href":"https:\/\/tintafresca.net\/index.php\/wp-json\/wp\/v2\/media\/19330"}],"wp:attachment":[{"href":"https:\/\/tintafresca.net\/index.php\/wp-json\/wp\/v2\/media?parent=19312"}],"wp:term":[{"taxonomy":"category","embeddable":true,"href":"https:\/\/tintafresca.net\/index.php\/wp-json\/wp\/v2\/categories?post=19312"},{"taxonomy":"post_tag","embeddable":true,"href":"https:\/\/tintafresca.net\/index.php\/wp-json\/wp\/v2\/tags?post=19312"}],"curies":[{"name":"wp","href":"https:\/\/api.w.org\/{rel}","templated":true}]}}