{"id":19380,"date":"2022-08-14T08:43:45","date_gmt":"2022-08-14T08:43:45","guid":{"rendered":"https:\/\/tintafresca.net\/?p=19380"},"modified":"2022-08-14T08:43:45","modified_gmt":"2022-08-14T08:43:45","slug":"abrantes-municipio-poe-em-pratica-plano-de-poupanca-de-energia-e-reforca-medidas-de-poupanca-de-agua","status":"publish","type":"post","link":"https:\/\/tintafresca.net\/index.php\/2022\/08\/14\/abrantes-municipio-poe-em-pratica-plano-de-poupanca-de-energia-e-reforca-medidas-de-poupanca-de-agua\/","title":{"rendered":"Abrantes: munic\u00edpio p\u00f5e em pr\u00e1tica Plano de Poupan\u00e7a de Energia e refor\u00e7a medidas de Poupan\u00e7a de \u00c1gua"},"content":{"rendered":"<div id=\"attachment_19382\" style=\"width: 310px\" class=\"wp-caption alignleft\"><img loading=\"lazy\" decoding=\"async\" aria-describedby=\"caption-attachment-19382\" class=\"size-medium wp-image-19382\" src=\"https:\/\/tintafresca.net\/wp-content\/uploads\/2022\/08\/CMAbrantes-300x241.jpg\" alt=\"\" width=\"300\" height=\"241\" \/><p id=\"caption-attachment-19382\" class=\"wp-caption-text\"><strong>Pa\u00e7os do Concelho de Abrantes<\/strong><br \/>(Foto: CMAbrantes)<\/p><\/div>\n<p>Tendo em conta o contexto da press\u00e3o clim\u00e1tica associada \u00e0 escalada dos pre\u00e7os energ\u00e9ticos, a C\u00e2mara Municipal de Abrantes decidiu colocar em pr\u00e1tica um conjunto de medidas de poupan\u00e7a energ\u00e9tica abrangendo equipamentos e edif\u00edcios municipais, esperando-se que sejam convertidas em poupan\u00e7as significativas. Al\u00e9m disso, o munic\u00edpio decidiu tamb\u00e9m refor\u00e7ar as medidas de poupan\u00e7a de \u00e1gua, atrav\u00e9s da redu\u00e7\u00e3o dos tempos de rega em espa\u00e7os verdes, do projeto global de capta\u00e7\u00e3o de \u00e1gua de origens alternativas, do recurso \u00e0 implementa\u00e7\u00e3o de contadores inteligentes entre outras medidas.<\/p>\n<p>Segundo o munic\u00edpio de Abrantes, durante a semana que compreende os dias 11 de 18 de agosto, e at\u00e9 tempo indeterminado, as altera\u00e7\u00f5es ao sistema de ilumina\u00e7\u00e3o decorativa de alguns locais ser\u00e3o as seguintes: \u00a0Igreja de S\u00e3o Vicente (Desligar depois da 24h00); Ponte Rodovi\u00e1ria de Abrantes (desligar totalmente); Avenida de Aljubarrota (antecipar o desligar em uma hora); ilumina\u00e7\u00e3o exterior da fachada do Pante\u00e3o dos Almeida (intramuros do Castelo) (desligar permanente); ilumina\u00e7\u00e3o decorativa da Torre de Comunica\u00e7\u00f5es (a partir 02h:00) e na ilumina\u00e7\u00e3o exterior dos centros escolares de Bemposta, Alferrarede, Rio de Moinhos e Tramagal (desligar totalmente).<\/p>\n<p>Em articula\u00e7\u00e3o com a E-Redes (EDP), antecipar o desligar da ilumina\u00e7\u00e3o p\u00fablica em todo o concelho, em pelo menos 30 minutos\/dia, antes da hora atual, at\u00e9 15 de setembro. A m\u00e9dio prazo (2022\/23), ir\u00e1 proceder-se \u00e0 substitui\u00e7\u00e3o das lumin\u00e1rias de ilumina\u00e7\u00e3o p\u00fablica por lumin\u00e1rias de Led\u2019s no Centro Hist\u00f3rico de Abrantes e em v\u00e1rias avenidas da cidade, bem como nas \u00e1reas do Parque Industrial Norte e Sul e do Parque Urbano Ribeirinho, Aquapolis Norte e Sul. Ao n\u00edvel dos equipamentos desportivos, ser\u00e3o substitu\u00eddos os projetores existentes por projetores de LED\u2019s no Campo de Futebol 1, 2 e 3 da Cidade Desportiva e no Pavilh\u00e3o Desportivo do Pego. O mesmo processo decorrer\u00e1 tamb\u00e9m nas salas de aula e nas \u00e1reas de circula\u00e7\u00e3o da Escola Ant\u00f3nio Torrado.<\/p>\n<p>Por outro lado, a C\u00e2mara tem em desenvolvimento um processo para implementa\u00e7\u00e3o de duas Comunidades de Energia Renov\u00e1vel (CER), uma para dar resposta \u00e0s empresas instaladas na Zona Industrial de Abrantes (sul e norte) e outra para fornecimento de energia renov\u00e1vel a equipamentos p\u00fablicos. J\u00e1 a CIM M\u00e9dio Tejo, no seu todo, tem em desenvolvimento um estudo de implementa\u00e7\u00e3o das CER que contribuem para um sistema energ\u00e9tico sustent\u00e1vel e t\u00eam como objetivo utilizar a energia renov\u00e1vel de fontes locais para satisfazer as necessidades das respetivas localidades.<\/p>\n<p>Ser\u00e1 ainda realizada uma campanha interna de interven\u00e7\u00e3o pedag\u00f3gica dirigida aos trabalhadores do munic\u00edpio e difundidos apelos \u00e0 comunidade sensibilizando para o uso racional das energias prim\u00e1rias, \u00e1gua, energia.<\/p>\n<p>Estas medidas de poupan\u00e7a de energia foram anunciadas pelo presidente da C\u00e2mara Municipal de Abrantes, Manuel Jorge Valamatos, durante a reuni\u00e3o do executivo realizada no dia 9 de agosto. Na ocasi\u00e3o Manuel Valamatos frisou que a preocupa\u00e7\u00e3o com a efici\u00eancia energ\u00e9tica tem j\u00e1 um trabalho consolidado no concelho, salientando a aposta na tecnologia LED, atrav\u00e9s da substitui\u00e7\u00e3o das velhas lumin\u00e1rias das redes de ilumina\u00e7\u00e3o p\u00fablica por l\u00e2mpadas de tecnologia LED, sendo que esse trabalho iniciado em 2019, j\u00e1 permitiu a substitui\u00e7\u00e3o de perto de 5 mil lumin\u00e1rias, num trabalho de colabora\u00e7\u00e3o com a E-Redes, que resultou numa poupan\u00e7a estimada na ordem dos 100 mil euros.<\/p>\n<p><strong>Seca: C\u00e2mara de Abrantes e Servi\u00e7os Municipalizados de Abrantes (SMA) refor\u00e7am medidas de poupan\u00e7a do uso da \u00e1gua<\/strong><\/p>\n<p>Atendendo \u00e0 situa\u00e7\u00e3o de seca extrema nacional, a C\u00e2mara Municipal e os Servi\u00e7os Municipalizados de Abrantes v\u00e3o refor\u00e7ar as medidas de poupan\u00e7a do uso da \u00e1gua da rede p\u00fablica e a otimiza\u00e7\u00e3o dos recursos h\u00eddricos. O an\u00fancio foi feito pelo presidente da C\u00e2mara durante a reuni\u00e3o do executivo, tendo Manuel Jorge Valamatos afirmado que a fiabilidade dos sistemas ainda garante em condi\u00e7\u00f5es normais o abastecimento a toda a popula\u00e7\u00e3o do concelho, mas perante o novo contexto nacional de seca, tendo destacado a situa\u00e7\u00e3o da albufeira de Castelo do Bode, urge a necessidade de implementar medidas extraordin\u00e1rias e preventivas.<\/p>\n<p>Do conjunto de a\u00e7\u00f5es a colocar em pr\u00e1tica, destacam-se o refor\u00e7o da redu\u00e7\u00e3o dos tempos de rega em espa\u00e7os verdes para o tempo estritamente necess\u00e1rio \u00e0 sobreviv\u00eancia das plantas, sendo que os de maior dimens\u00e3o (em parques urbanos e as 102 hortas comunit\u00e1rias) j\u00e1 s\u00e3o regados a partir de furos de capta\u00e7\u00e3o. Todos os espa\u00e7os verdes disp\u00f5em de sistemas de rega autom\u00e1tica, possuindo programadores, de modo a que os per\u00edodos de rega coincidam, maioritariamente, com as horas de menor consumo (noite) e de menor evapotranspira\u00e7\u00e3o.<\/p>\n<p>O desenvolvimento de um projeto global de capta\u00e7\u00e3o de \u00e1gua de origens alternativas para usos \u201cmenos nobres\u201d do que a \u00e1gua tratada, para rega de espa\u00e7os verdes e, em alguns casos, para lavagens e abastecimento de ve\u00edculos de combate a inc\u00eandios. Existem j\u00e1 distribu\u00eddos pelo concelho locais para abastecimento de ve\u00edculos de combate a inc\u00eandios, evitando assim o desperd\u00edcio de \u00e1gua tratada para consumo humano.<\/p>\n<p>A coloca\u00e7\u00e3o de contadores inteligentes nos maiores consumidores de \u00e1gua p\u00fablicos e privados para identificar poss\u00edveis roturas ou fugas nos seus sistemas. Presentemente est\u00e1 a ser desenvolvido um projeto piloto de contadores inteligentes, instalado na localidade de Esteveira, que permitem a leitura autom\u00e1tica dos contadores, bem como identificar fugas de \u00e1gua e controlo dos consumos nas casas.<\/p>\n<p>A continua\u00e7\u00e3o da substitui\u00e7\u00e3o de condutas de ramais mais antigos e com maior percentagem de fugas; a desativa\u00e7\u00e3o total ou parcial de lagos e chafarizes ornamentais, que n\u00e3o possuam ainda sistemas de recircula\u00e7\u00e3o e a intensifica\u00e7\u00e3o da fiscaliza\u00e7\u00e3o dos usos da \u00e1gua dos fontan\u00e1rios p\u00fablicos.<\/p>\n<p>Diligenciar junto da concession\u00e1ria Abrant\u00e1qua a implementa\u00e7\u00e3o, o mais rapidamente poss\u00edvel, do projeto LIFE PHOENIX, que pretende desenvolver solu\u00e7\u00f5es eficientes para a produ\u00e7\u00e3o sustent\u00e1vel e segura de \u00e1gua para reutiliza\u00e7\u00e3o a partir de \u00e1guas residuais provenientes de tratamento secund\u00e1rio, de acordo com os novos requisitos europeus.<\/p>\n<p>A generaliza\u00e7\u00e3o de temporizadores, sempre que poss\u00edvel tecnicamente, nos sistemas de torneiras e chuveiros de edif\u00edcios sob gest\u00e3o municipal (balne\u00e1rios, instala\u00e7\u00f5es sanit\u00e1rias p\u00fablicas, equipamentos desportivos, etc.) bem como nos fonten\u00e1rios p\u00fablicos, bem como a proibi\u00e7\u00e3o do enchimento de piscinas, entre outras.<\/p>\n<p>Segundo o munic\u00edpio de Abrantes, estas medidas juntam-se \u00e0s a\u00e7\u00f5es de pol\u00edtica estrat\u00e9gica, a longo prazo, iniciadas no princ\u00edpio do s\u00e9culo XXI quando foi decidido a capta\u00e7\u00e3o e distribui\u00e7\u00e3o\u00a0de \u00e1gua a partir da albufeira de Castelo do Bode. Um investimento cont\u00ednuo, que at\u00e9 ao momento j\u00e1 ultrapassou os 13 milh\u00f5es de euros, cuja inten\u00e7\u00e3o \u00e9 defender a efici\u00eancia h\u00eddrica e a antecipa\u00e7\u00e3o de per\u00edodos de seca e, ao mesmo tempo, aumentando a disponibilidade e qualidade de \u00e1gua em todo o concelho.<\/p>\n<p>Manuel Jorge Valamatos refor\u00e7ou ainda que a Autarquia e os SMA continuar\u00e3o a investir em campanhas de consciencializa\u00e7\u00e3o da utiliza\u00e7\u00e3o racional da \u00e1gua e de forma a evitar o desperd\u00edcio, pelo que o munic\u00edpio solicita \u00e0 popula\u00e7\u00e3o que intensifique os cuidados de poupan\u00e7a de \u00e1gua da rede p\u00fablica de abastecimento para consumo humano, eliminando o seu uso sup\u00e9rfluo e restringindo o seu consumo ao estritamente necess\u00e1rio. S\u00f3 com a ajuda consciente e respons\u00e1vel de todos conseguiremos evitar constrangimentos de maior ordem.<\/p>\n<p><strong>Fonte: DC\/Munic\u00edpio de Abrantes<\/strong><\/p>\n<p>&nbsp;<\/p>\n","protected":false},"excerpt":{"rendered":"<p>Tendo em conta o contexto da press\u00e3o clim\u00e1tica associada \u00e0 escalada dos pre\u00e7os energ\u00e9ticos, a C\u00e2mara Municipal de Abrantes decidiu colocar em pr\u00e1tica um conjunto de medidas de poupan\u00e7a energ\u00e9tica abrangendo equipamentos e edif\u00edcios municipais, esperando-se que sejam convertidas em poupan\u00e7as significativas. Al\u00e9m disso, o munic\u00edpio decidiu tamb\u00e9m refor\u00e7ar as medidas de poupan\u00e7a de \u00e1gua, [&hellip;]<\/p>\n","protected":false},"author":3,"featured_media":19382,"comment_status":"open","ping_status":"open","sticky":false,"template":"","format":"standard","meta":{"footnotes":""},"categories":[9,7,11],"tags":[],"class_list":["post-19380","post","type-post","status-publish","format-standard","has-post-thumbnail","hentry","category-ambiente","category-economia","category-sociedade"],"_links":{"self":[{"href":"https:\/\/tintafresca.net\/index.php\/wp-json\/wp\/v2\/posts\/19380","targetHints":{"allow":["GET"]}}],"collection":[{"href":"https:\/\/tintafresca.net\/index.php\/wp-json\/wp\/v2\/posts"}],"about":[{"href":"https:\/\/tintafresca.net\/index.php\/wp-json\/wp\/v2\/types\/post"}],"author":[{"embeddable":true,"href":"https:\/\/tintafresca.net\/index.php\/wp-json\/wp\/v2\/users\/3"}],"replies":[{"embeddable":true,"href":"https:\/\/tintafresca.net\/index.php\/wp-json\/wp\/v2\/comments?post=19380"}],"version-history":[{"count":2,"href":"https:\/\/tintafresca.net\/index.php\/wp-json\/wp\/v2\/posts\/19380\/revisions"}],"predecessor-version":[{"id":19383,"href":"https:\/\/tintafresca.net\/index.php\/wp-json\/wp\/v2\/posts\/19380\/revisions\/19383"}],"wp:featuredmedia":[{"embeddable":true,"href":"https:\/\/tintafresca.net\/index.php\/wp-json\/wp\/v2\/media\/19382"}],"wp:attachment":[{"href":"https:\/\/tintafresca.net\/index.php\/wp-json\/wp\/v2\/media?parent=19380"}],"wp:term":[{"taxonomy":"category","embeddable":true,"href":"https:\/\/tintafresca.net\/index.php\/wp-json\/wp\/v2\/categories?post=19380"},{"taxonomy":"post_tag","embeddable":true,"href":"https:\/\/tintafresca.net\/index.php\/wp-json\/wp\/v2\/tags?post=19380"}],"curies":[{"name":"wp","href":"https:\/\/api.w.org\/{rel}","templated":true}]}}