{"id":19563,"date":"2022-08-19T14:19:20","date_gmt":"2022-08-19T14:19:20","guid":{"rendered":"https:\/\/tintafresca.net\/?p=19563"},"modified":"2022-08-19T14:27:51","modified_gmt":"2022-08-19T14:27:51","slug":"centenaria-feira-de-sao-bernardo-regressa-com-o-29-o-circuito-de-ciclismo-de-sao-bernardo","status":"publish","type":"post","link":"https:\/\/tintafresca.net\/index.php\/2022\/08\/19\/centenaria-feira-de-sao-bernardo-regressa-com-o-29-o-circuito-de-ciclismo-de-sao-bernardo\/","title":{"rendered":"Centen\u00e1ria Feira de S\u00e3o Bernardo regressa com 29.\u00ba Circuito de Ciclismo de S\u00e3o Bernardo"},"content":{"rendered":"<div id=\"attachment_19565\" style=\"width: 510px\" class=\"wp-caption alignleft\"><img loading=\"lazy\" decoding=\"async\" aria-describedby=\"caption-attachment-19565\" class=\"wp-image-19565 size-full\" src=\"https:\/\/tintafresca.net\/wp-content\/uploads\/2022\/08\/Circuito_sao_Bernardo10.jpg\" alt=\"\" width=\"500\" height=\"375\" srcset=\"https:\/\/tintafresca.net\/wp-content\/uploads\/2022\/08\/Circuito_sao_Bernardo10.jpg 500w, https:\/\/tintafresca.net\/wp-content\/uploads\/2022\/08\/Circuito_sao_Bernardo10-300x225.jpg 300w\" sizes=\"auto, (max-width: 500px) 100vw, 500px\" \/><p id=\"caption-attachment-19565\" class=\"wp-caption-text\">Circuito de Ciclismo de S\u00e3o Bernardo regressa este ano<\/p><\/div>\n<p>A centen\u00e1ria Feira de S\u00e3o Bernardo decorre de 19 a 22 de agosto junto ao Mosteiro de Alcoba\u00e7a, entre a Cova da On\u00e7a e o Rossio, com equipamentos de divers\u00e3o, venda ambulante, mostra de atividades econ\u00f3micas, atua\u00e7\u00f5es de artistas locais e DJs, sem esquecer as tradicionais tasquinhas, que trazem os melhores sabores regionais de todas as freguesias.<\/p>\n<p>A feira conta tamb\u00e9m com as j\u00e1 tradicionais atividades equestres. No dia 20 de agosto, feriado municipal, realiza-se o 29.\u00ba Circuito de Ciclismo de S\u00e3o Bernardo. Este ano a partida e a meta ser\u00e3o instaladas na Avenida dos Combatentes pr\u00f3ximo da rotunda do Hospital.<\/p>\n<p>Um dos grandes atrativos da feira continua a ser os concertos, que este ano se realizam frente ao Mosteiro. Sobem ao palco do Rossio, sempre \u00e0s 22h, Carolina Deslandes (19 de agosto), Carl\u00e3o (20 de agosto), Gisela Jo\u00e3o (21 de agosto) e Tony Carreira (22 de agosto).<\/p>\n<p>S\u00e3o v\u00e1rios motivos para n\u00e3o faltar \u00e0 mais uma edi\u00e7\u00e3o da centen\u00e1ria Feira de S\u00e3o Bernardo, a grande festa do concelho de Alcoba\u00e7a!<\/p>\n<p><strong>COVA DA ON\u00c7A<\/strong><\/p>\n<p>\u25aa \u00a0MOSTRA DE ATIVIDADES ECON\u00d3MICAS<br \/>\n\u25aa \u00a0ARTESANATO. VENDA AMBULANTE<br \/>\n\u25aa \u00a0TASQUINHAS DAS FREGUESIAS<br \/>\n19 E 22 AGOSTO: 19H &#8211; 01H00<br \/>\n20 E 21 AGOSTO: 13H &#8211; 01H00<br \/>\n\u25aa \u00a0DIVERTIMENTOS E CARROSS\u00c9IS<br \/>\n\u25aa \u00a0XXI ALCOBA\u00c7A EQUESTRE<br \/>\n\u25aa \u00a0PALCO COVA DA ON\u00c7A: ARTISTAS LOCAIS E DJ\u2019S\u00a0 &#8211; TODOS OS DIAS: 23H30 \u00c0S 04H00<strong><br \/>\n<\/strong>\u25aa \u00a029\u00ba CIRCUITO DE CICLISMO DE S\u00c3O BERNARDO \u2013 20 AGOSTO, 17H00<br \/>\n\u25aa \u00a0\u201cO CAMINHO DO AMOR\u201d, OCUBO &#8211; TODOS OS DIAS: 20H30-01H00<\/p>\n<p>Na rua D. Pedro V, entre a Cova da On\u00e7a e o Rossio, os participantes podem percorrer \u201cO Caminho do Amor\u201d, uma instala\u00e7\u00e3o sensorial imersiva, onde atrav\u00e9s de luz, cor, movimento e poesia se recria uma atmosfera cenogr\u00e1fica, evocativa da paix\u00e3o de Pedro e In\u00eas.<\/p>\n<p>Mais informa\u00e7\u00e3o\u00a0<a href=\"https:\/\/www.cm-alcobaca.pt\/pt\/noticias\/28310\/percorra-%E2%80%9Co-caminho-do-amor%E2%80%9D-na-feira-de-sao-bernardo-2022.aspx\">aqui<\/a><\/p>\n<p><strong><u>PROGRAMA<\/u><\/strong><\/p>\n<p><strong>19 AGOSTO\u00a0 sexta-feira<\/strong><\/p>\n<p>19h00 \u2013 Inaugura\u00e7\u00e3o da Feira de S\u00e3o Bernardo 2022 \u00bb COVA DA ON\u00c7A<br \/>\n19h00 \u2013 Combo da Rockschool da Academia de Alcoba\u00e7a \u00bb PALCO COVA DA ON\u00c7A<br \/>\n20h00 \u2013 Orquestra do B\u00e1rrio \u00bb PALCO COVA DA ON\u00c7A<br \/>\n22h00 \u2013 Concerto com Carolina Deslandes \u00bb PALCO NO ROSSIO<br \/>\n23h30 \u00e0s 02h00 \u2013 DJ Guaranis \u00bb ESPA\u00c7O DJs &#8211; PALCO COVA DA ON\u00c7A<br \/>\n02h00 \u00e0s 04h00 \u2013 DJ Cromos da Noite \u00bb ESPA\u00c7O DJS &#8211; PALCO COVA DA ON\u00c7A<\/p>\n<p><strong>20 AGOSTO\u00a0 s\u00e1bado . feriado municipal<\/strong><\/p>\n<p>11h00 \u2013 Missa em honra de S\u00e3o Bernardo \u00bb MOSTEIRO DE ALCOBA\u00c7A<br \/>\n12h30 \u2013 Desfile com as juntas de freguesia, associa\u00e7\u00f5es desportivas e culturais do concelho<br \/>\nPercurso:\u00a0 Mosteiro de Alcoba\u00e7a \u00bb Est\u00e1tua de S\u00e3o Bernardo \u00bb recinto da Feira &#8211; Cova da On\u00e7a<br \/>\n13h00 \u2013 Reabertura da Feira<br \/>\n15h00 \u2013 Os Farra \u00bb PALCO COVA DA ON\u00c7A<br \/>\n17h00 \u2013 29.\u00ba Circuito de Ciclismo de S\u00e3o Bernardo \u00bb Partida e meta na Avenida dos Combatentes, \u00e0 entrada do recinto da Feira<br \/>\n17h00 &#8211; Concertinas da Ata\u00edja\u00a0 \u00bb PALCO COVA DA ON\u00c7A<br \/>\n20h00 \u2013 Desfile \u201cTrajes de Chita de Alcoba\u00e7a\u201d, Associa\u00e7\u00e3o Azenhas de Chiqueda \u00bb PALCO COVA DA ON\u00c7A<br \/>\n22h00 \u2013 Concerto com Carl\u00e3o\u00a0 \u00bb PALCO NO ROSSIO<br \/>\n23h30 \u00e0s 02h00 \u2013 DJ Lecco la Patata \u00bb ESPA\u00c7O DJs &#8211; PALCO COVA DA ON\u00c7A<br \/>\n02h00 \u00e0s 04h00 \u2013 DJ Fifty \u00bb ESPA\u00c7O DJs &#8211; PALCO COVA DA ON\u00c7A<\/p>\n<p><strong>21 AGOSTO . domingo<\/strong><\/p>\n<p>13h00 \u2013 Reabertura da Feira<br \/>\n15h00 \u2013 Orquestra Ligeira da Cela \u00bb PALCO COVA DA ON\u00c7A<br \/>\n17h00 \u2013 Dan\u00e7as de Sal\u00e3o \/\u00a0 Banda da Sociedade Filarm\u00f3nica Maiorguense \u00bb PALCO COVA DA ON\u00c7A<br \/>\n20h00 \u2013 Rancho Folcl\u00f3rico \u201cAs Rosas, Casal Pinheiro e Fragosas\u201d \u00bb PALCO COVA DA ON\u00c7A<br \/>\n22h00 \u2013 Concerto com Gisela Jo\u00e3o\u00a0 \u00bb PALCO NO ROSSIO<br \/>\n23h30 \u00e0s 02h00 \u2013 DJ Os Julietas \u00bb ESPA\u00c7O DJs &#8211; PALCO COVA DA ON\u00c7A<br \/>\n02h00 \u00e0s 04h00 \u2013 DJ Los Gordos \u00bb ESPA\u00c7O Ds &#8211; PALCO COVA DA ON\u00c7A<\/p>\n<p><strong>22 AGOSTO . segunda-feira<\/strong><\/p>\n<p>19h00 \u2013 Reabertura da Feira<br \/>\n19h00 \u2013 Banda da Sociedade Filarm\u00f3nica Recreativa Pataiense \u00bb PALCO COVA DA ON\u00c7A<br \/>\n20h00 \u2013 Sociedade Filarm\u00f3nica Turquelense \u00bb PALCO COVA DA ON\u00c7A<br \/>\n22h00 \u2013 Concerto com Tony Carreira\u00a0 \u00bb PALCO NO ROSSIO<br \/>\n23h30 \u00e0s 02h00 \u2013 DJ Gazeta Friki Friki \u00bb ESPA\u00c7O DJs &#8211; PALCO COVA DA ON\u00c7A<br \/>\n02h00 \u00e0s 04h00 \u2013 DJ Zanova \u00bb ESPA\u00c7O DJs &#8211; PALCO COVA DA ON\u00c7A<\/p>\n<p><strong><u>XXI ALCOBA\u00c7A EQUESTRE<\/u><\/strong><\/p>\n<p><strong>Sexta-feira &#8211; 19 de Agosto<\/strong><br \/>\n19h00 \u2013 Abordagem ao Cavalo &#8211; \u201cHerdade do Sol\u201d<br \/>\n21h30 \u2013 Espet\u00e1culo \u201cAlcoba\u00e7a Equestre\u201d<br \/>\n23h00 \u2013 Sevilhanas \u201cDe T\u00e1con\u201d na Tenda da Associa\u00e7\u00e3o H\u00edpica<br \/>\n00h00 \u2013 Vacada<\/p>\n<p><strong>S\u00e1bado &#8211; 20 de Agosto<\/strong><br \/>\n10h00 \u2013 Saltos de Obst\u00e1culos<br \/>\n10h00 &#8211; 10 cm<br \/>\n11h00 &#8211; 30 cm<br \/>\n12h00 &#8211; 50 cm<br \/>\n15h00 &#8211; 80 cm<br \/>\n16h00 &#8211; 1 m<br \/>\n17h00 &#8211; 1,10 m<br \/>\n19h00 \u2013 Demonstra\u00e7\u00e3o de forja \u2013 Associa\u00e7\u00e3o de Ferradores de Portugal (Picadeiro Principal)<br \/>\n22h00 \u2013 Grandiosa Vacada com Mesa da Valentia (Picadeiro Principal)<br \/>\n23h00 \u2013 Concerto com \u201cTercer Intento\u201d na Tenda da Associa\u00e7\u00e3o H\u00edpica<\/p>\n<p><strong>Domingo &#8211; 21 de Agosto<\/strong><br \/>\n10h00 \u2013 Passeio Equestre \u201cS\u00e3o Bernardo\u201d<br \/>\n16h30 \u2013 Atividades Equestres<br \/>\n21h00 \u2013 Prova da Vaca<br \/>\n23h00 \u2013 Anima\u00e7\u00e3o na Tenda da Associa\u00e7\u00e3o H\u00edpica<\/p>\n<p><strong>Segunda-feira &#8211; 22 de Agosto<\/strong><br \/>\n19h00 \u2013 Abordagem ao Cavalo &#8211; \u201cO Cabe\u00e7o \u2013 Cavalos\u201d<br \/>\n21h00 \u2013 Poule de Ensino<br \/>\n22h00 \u2013 Vacada<br \/>\n00h00 &#8211; Encerramento XXI Alcoba\u00e7a Equestre<\/p>\n<p>*Programa sujeito a altera\u00e7\u00f5es<\/p>\n<p>Entrada livre<br \/>\nOrganiza\u00e7\u00e3o: C\u00e2mara Municipal de Alcoba\u00e7a<\/p>\n","protected":false},"excerpt":{"rendered":"<p>A centen\u00e1ria Feira de S\u00e3o Bernardo decorre de 19 a 22 de agosto junto ao Mosteiro de Alcoba\u00e7a, entre a Cova da On\u00e7a e o Rossio, com equipamentos de divers\u00e3o, venda ambulante, mostra de atividades econ\u00f3micas, atua\u00e7\u00f5es de artistas locais e DJs, sem esquecer as tradicionais tasquinhas, que trazem os melhores sabores regionais de todas [&hellip;]<\/p>\n","protected":false},"author":2,"featured_media":19566,"comment_status":"open","ping_status":"open","sticky":false,"template":"","format":"standard","meta":{"footnotes":""},"categories":[1],"tags":[],"class_list":["post-19563","post","type-post","status-publish","format-standard","has-post-thumbnail","hentry","category-uncategorized"],"_links":{"self":[{"href":"https:\/\/tintafresca.net\/index.php\/wp-json\/wp\/v2\/posts\/19563","targetHints":{"allow":["GET"]}}],"collection":[{"href":"https:\/\/tintafresca.net\/index.php\/wp-json\/wp\/v2\/posts"}],"about":[{"href":"https:\/\/tintafresca.net\/index.php\/wp-json\/wp\/v2\/types\/post"}],"author":[{"embeddable":true,"href":"https:\/\/tintafresca.net\/index.php\/wp-json\/wp\/v2\/users\/2"}],"replies":[{"embeddable":true,"href":"https:\/\/tintafresca.net\/index.php\/wp-json\/wp\/v2\/comments?post=19563"}],"version-history":[{"count":5,"href":"https:\/\/tintafresca.net\/index.php\/wp-json\/wp\/v2\/posts\/19563\/revisions"}],"predecessor-version":[{"id":19570,"href":"https:\/\/tintafresca.net\/index.php\/wp-json\/wp\/v2\/posts\/19563\/revisions\/19570"}],"wp:featuredmedia":[{"embeddable":true,"href":"https:\/\/tintafresca.net\/index.php\/wp-json\/wp\/v2\/media\/19566"}],"wp:attachment":[{"href":"https:\/\/tintafresca.net\/index.php\/wp-json\/wp\/v2\/media?parent=19563"}],"wp:term":[{"taxonomy":"category","embeddable":true,"href":"https:\/\/tintafresca.net\/index.php\/wp-json\/wp\/v2\/categories?post=19563"},{"taxonomy":"post_tag","embeddable":true,"href":"https:\/\/tintafresca.net\/index.php\/wp-json\/wp\/v2\/tags?post=19563"}],"curies":[{"name":"wp","href":"https:\/\/api.w.org\/{rel}","templated":true}]}}