{"id":19671,"date":"2022-08-22T13:03:41","date_gmt":"2022-08-22T13:03:41","guid":{"rendered":"https:\/\/tintafresca.net\/?p=19671"},"modified":"2022-08-22T13:05:27","modified_gmt":"2022-08-22T13:05:27","slug":"municipio-de-alcobaca-organiza-sessao-de-esclarecimento-no-vimeiro-sobre-o-fogo-bacteriano","status":"publish","type":"post","link":"https:\/\/tintafresca.net\/index.php\/2022\/08\/22\/municipio-de-alcobaca-organiza-sessao-de-esclarecimento-no-vimeiro-sobre-o-fogo-bacteriano\/","title":{"rendered":"Munic\u00edpio de Alcoba\u00e7a organiza sess\u00e3o de esclarecimento no Vimeiro sobre o Fogo Bacteriano"},"content":{"rendered":"<div id=\"attachment_19673\" style=\"width: 490px\" class=\"wp-caption alignleft\"><img loading=\"lazy\" decoding=\"async\" aria-describedby=\"caption-attachment-19673\" class=\"wp-image-19673 size-full\" src=\"https:\/\/tintafresca.net\/wp-content\/uploads\/2022\/08\/Alcobaca_Fogo_Bacteriano.png\" alt=\"\" width=\"480\" height=\"686\" srcset=\"https:\/\/tintafresca.net\/wp-content\/uploads\/2022\/08\/Alcobaca_Fogo_Bacteriano.png 480w, https:\/\/tintafresca.net\/wp-content\/uploads\/2022\/08\/Alcobaca_Fogo_Bacteriano-210x300.png 210w\" sizes=\"auto, (max-width: 480px) 100vw, 480px\" \/><p id=\"caption-attachment-19673\" class=\"wp-caption-text\">Cartaz<\/p><\/div>\n<p style=\"background: white; margin: 3.75pt 0cm 3.75pt 0cm;\"><span style=\"color: #333333;\">O Munic\u00edpio de Alcoba\u00e7a organiza, no dia 24 de agosto, no Vimeiro, uma sess\u00e3o de esclarecimento sobre o Fogo Bacteriano.<\/span><\/p>\n<p style=\"background: white; box-sizing: border-box; font-variant-ligatures: normal; font-variant-caps: normal; orphans: 2; widows: 2; -webkit-text-stroke-width: 0px; text-decoration-thickness: initial; text-decoration-style: initial; text-decoration-color: initial; word-spacing: 0px; margin: 3.75pt 0cm 3.75pt 0cm;\"><span style=\"color: #333333;\">O Fogo Bacteriano \u00e9 uma doen\u00e7a grave, causada pela bact\u00e9ria\u00a0<em style=\"box-sizing: border-box;\">Erwinia amylovora<\/em>\u00a0(Burr.) Wins.\u00a0<em style=\"box-sizing: border-box;\">et al.<\/em>, organismo nocivo de quarentena a n\u00edvel comunit\u00e1rio, que afeta as pom\u00f3ideas (como a pera e a ma\u00e7\u00e3) e diversas plantas da fam\u00edlia das ros\u00e1ceas.<\/span><\/p>\n<p style=\"background: white; box-sizing: border-box; font-variant-ligatures: normal; font-variant-caps: normal; orphans: 2; widows: 2; -webkit-text-stroke-width: 0px; text-decoration-thickness: initial; text-decoration-style: initial; text-decoration-color: initial; word-spacing: 0px; margin: 3.75pt 0cm 3.75pt 0cm;\"><span style=\"color: #333333;\">Esta doen\u00e7a tem vindo a ter cada vez mais express\u00e3o na zona Oeste, raz\u00e3o pela qual a autarquia organizou esta sess\u00e3o. Pretende-se assim munir os agricultores de maior conhecimento e, ao mesmo tempo, transmitir-lhes as medidas de prote\u00e7\u00e3o fitossanit\u00e1ria destinadas ao controlo e vigil\u00e2ncia da doen\u00e7a.<\/span><\/p>\n<p style=\"background: white; box-sizing: border-box; font-variant-ligatures: normal; font-variant-caps: normal; orphans: 2; widows: 2; -webkit-text-stroke-width: 0px; text-decoration-thickness: initial; text-decoration-style: initial; text-decoration-color: initial; word-spacing: 0px; margin: 3.75pt 0cm 3.75pt 0cm;\"><span style=\"color: #333333;\">A sess\u00e3o vai ter lugar j\u00e1 esta quarta-feira,\u00a0pelas 21h,\u00a0no sal\u00e3o paroquial do Vimeiro. Entrada livre.<\/span><\/p>\n<p><strong>\u00a0 \u00a0 Fonte: GAP|CMA<\/strong><\/p>\n<p style=\"background: white; box-sizing: border-box; font-variant-ligatures: normal; font-variant-caps: normal; orphans: 2; widows: 2; -webkit-text-stroke-width: 0px; text-decoration-thickness: initial; text-decoration-style: initial; text-decoration-color: initial; word-spacing: 0px; margin: 3.75pt 0cm 3.75pt 0cm;\"><span style=\"font-size: 11.5pt; font-family: 'Helvetica',sans-serif; color: #333333;\">\u00a0<\/span><\/p>\n","protected":false},"excerpt":{"rendered":"<p>O Munic\u00edpio de Alcoba\u00e7a organiza, no dia 24 de agosto, no Vimeiro, uma sess\u00e3o de esclarecimento sobre o Fogo Bacteriano. O Fogo Bacteriano \u00e9 uma doen\u00e7a grave, causada pela bact\u00e9ria\u00a0Erwinia amylovora\u00a0(Burr.) Wins.\u00a0et al., organismo nocivo de quarentena a n\u00edvel comunit\u00e1rio, que afeta as pom\u00f3ideas (como a pera e a ma\u00e7\u00e3) e diversas plantas da fam\u00edlia [&hellip;]<\/p>\n","protected":false},"author":2,"featured_media":19674,"comment_status":"open","ping_status":"open","sticky":false,"template":"","format":"standard","meta":{"footnotes":""},"categories":[1],"tags":[],"class_list":["post-19671","post","type-post","status-publish","format-standard","has-post-thumbnail","hentry","category-uncategorized"],"_links":{"self":[{"href":"https:\/\/tintafresca.net\/index.php\/wp-json\/wp\/v2\/posts\/19671","targetHints":{"allow":["GET"]}}],"collection":[{"href":"https:\/\/tintafresca.net\/index.php\/wp-json\/wp\/v2\/posts"}],"about":[{"href":"https:\/\/tintafresca.net\/index.php\/wp-json\/wp\/v2\/types\/post"}],"author":[{"embeddable":true,"href":"https:\/\/tintafresca.net\/index.php\/wp-json\/wp\/v2\/users\/2"}],"replies":[{"embeddable":true,"href":"https:\/\/tintafresca.net\/index.php\/wp-json\/wp\/v2\/comments?post=19671"}],"version-history":[{"count":3,"href":"https:\/\/tintafresca.net\/index.php\/wp-json\/wp\/v2\/posts\/19671\/revisions"}],"predecessor-version":[{"id":19676,"href":"https:\/\/tintafresca.net\/index.php\/wp-json\/wp\/v2\/posts\/19671\/revisions\/19676"}],"wp:featuredmedia":[{"embeddable":true,"href":"https:\/\/tintafresca.net\/index.php\/wp-json\/wp\/v2\/media\/19674"}],"wp:attachment":[{"href":"https:\/\/tintafresca.net\/index.php\/wp-json\/wp\/v2\/media?parent=19671"}],"wp:term":[{"taxonomy":"category","embeddable":true,"href":"https:\/\/tintafresca.net\/index.php\/wp-json\/wp\/v2\/categories?post=19671"},{"taxonomy":"post_tag","embeddable":true,"href":"https:\/\/tintafresca.net\/index.php\/wp-json\/wp\/v2\/tags?post=19671"}],"curies":[{"name":"wp","href":"https:\/\/api.w.org\/{rel}","templated":true}]}}