{"id":19677,"date":"2022-08-22T15:38:04","date_gmt":"2022-08-22T15:38:04","guid":{"rendered":"https:\/\/tintafresca.net\/?p=19677"},"modified":"2022-08-22T15:46:37","modified_gmt":"2022-08-22T15:46:37","slug":"festas-e-feira-de-verao-regressam-a-sobral-de-monte-agraco-de-9-a-18-de-setembro","status":"publish","type":"post","link":"https:\/\/tintafresca.net\/index.php\/2022\/08\/22\/festas-e-feira-de-verao-regressam-a-sobral-de-monte-agraco-de-9-a-18-de-setembro\/","title":{"rendered":"Festas e Feira de Ver\u00e3o regressam a Sobral de Monte Agra\u00e7o de 9 a 18 de setembro"},"content":{"rendered":"<div id=\"attachment_19683\" style=\"width: 410px\" class=\"wp-caption alignleft\"><img loading=\"lazy\" decoding=\"async\" aria-describedby=\"caption-attachment-19683\" class=\"wp-image-19683\" src=\"https:\/\/tintafresca.net\/wp-content\/uploads\/2022\/08\/SobralMonteAgraco-Festas_Feira_Verao.jpg\" alt=\"\" width=\"400\" height=\"400\" srcset=\"https:\/\/tintafresca.net\/wp-content\/uploads\/2022\/08\/SobralMonteAgraco-Festas_Feira_Verao.jpg 1182w, https:\/\/tintafresca.net\/wp-content\/uploads\/2022\/08\/SobralMonteAgraco-Festas_Feira_Verao-300x300.jpg 300w, https:\/\/tintafresca.net\/wp-content\/uploads\/2022\/08\/SobralMonteAgraco-Festas_Feira_Verao-1024x1024.jpg 1024w, https:\/\/tintafresca.net\/wp-content\/uploads\/2022\/08\/SobralMonteAgraco-Festas_Feira_Verao-150x150.jpg 150w, https:\/\/tintafresca.net\/wp-content\/uploads\/2022\/08\/SobralMonteAgraco-Festas_Feira_Verao-768x768.jpg 768w\" sizes=\"auto, (max-width: 400px) 100vw, 400px\" \/><p id=\"caption-attachment-19683\" class=\"wp-caption-text\">Cartaz<\/p><\/div>\n<p>As Festas e Feira de Ver\u00e3o de Sobral de Monte Agra\u00e7o regressam em 2022, de 9 a 18 de setembro, depois do interregno de dois anos causado pela pandemia de Covid-19.<\/p>\n<p>Esperam-se muitos dias e noites de m\u00fasica, anima\u00e7\u00e3o, cultura, tauromaquia, dan\u00e7a, teatro, cinema, exposi\u00e7\u00f5es e muitas novidades.<\/p>\n<p>O presidente da C\u00e2mara Municipal de Sobral de Monte Agra\u00e7o, Jos\u00e9 Alberto Quintino, destaca a import\u00e2ncia do regresso em pleno das Festas e Feira de Ver\u00e3o, numa express\u00e3o dos valores, saberes e tradi\u00e7\u00f5es que identificam as gentes sobralenses, numa festa que \u00e9 de todos para todos.<\/p>\n<p>\u201cAssim, n\u00e3o posso deixar de agradecer o envolvimento das Associa\u00e7\u00f5es e Coletividades, das empresas locais, das Juntas de Freguesia e de todos os Sobralenses que se unem a n\u00f3s na din\u00e2mica das Festas e Feira de Ver\u00e3o\u201d, acrescenta.<\/p>\n<p>O programa completo pode ser consultado na <a href=\"https:\/\/bit.ly\/festasfeiraveraosma2022\">p\u00e1gina das Festas e Feira de Ver\u00e3o<\/a>, que inclui os concertos de Vanessa Dias, B\u00e1rbara Bandeira, Emanuel, o espet\u00e1culo de com\u00e9dia \u201cE tudo o morte levou\u201d, com Marina Mota, e muitos outros motivos para visitar Sobral de Monte Agra\u00e7o.<\/p>\n<p>Mais informa\u00e7\u00f5es dispon\u00edveis na p\u00e1gina de Facebook das Festas e Feira de Ver\u00e3o de Sobral de Monte Agra\u00e7o e no Instagram do Munic\u00edpio de Sobral de Monte Agra\u00e7o.<\/p>\n<p><strong>\u00a0Fonte: GCI|CMSMA<\/strong><\/p>\n","protected":false},"excerpt":{"rendered":"<p>As Festas e Feira de Ver\u00e3o de Sobral de Monte Agra\u00e7o regressam em 2022, de 9 a 18 de setembro, depois do interregno de dois anos causado pela pandemia de Covid-19. Esperam-se muitos dias e noites de m\u00fasica, anima\u00e7\u00e3o, cultura, tauromaquia, dan\u00e7a, teatro, cinema, exposi\u00e7\u00f5es e muitas novidades. O presidente da C\u00e2mara Municipal de Sobral [&hellip;]<\/p>\n","protected":false},"author":2,"featured_media":19685,"comment_status":"open","ping_status":"open","sticky":false,"template":"","format":"standard","meta":{"footnotes":""},"categories":[1],"tags":[],"class_list":["post-19677","post","type-post","status-publish","format-standard","has-post-thumbnail","hentry","category-uncategorized"],"_links":{"self":[{"href":"https:\/\/tintafresca.net\/index.php\/wp-json\/wp\/v2\/posts\/19677","targetHints":{"allow":["GET"]}}],"collection":[{"href":"https:\/\/tintafresca.net\/index.php\/wp-json\/wp\/v2\/posts"}],"about":[{"href":"https:\/\/tintafresca.net\/index.php\/wp-json\/wp\/v2\/types\/post"}],"author":[{"embeddable":true,"href":"https:\/\/tintafresca.net\/index.php\/wp-json\/wp\/v2\/users\/2"}],"replies":[{"embeddable":true,"href":"https:\/\/tintafresca.net\/index.php\/wp-json\/wp\/v2\/comments?post=19677"}],"version-history":[{"count":4,"href":"https:\/\/tintafresca.net\/index.php\/wp-json\/wp\/v2\/posts\/19677\/revisions"}],"predecessor-version":[{"id":19687,"href":"https:\/\/tintafresca.net\/index.php\/wp-json\/wp\/v2\/posts\/19677\/revisions\/19687"}],"wp:featuredmedia":[{"embeddable":true,"href":"https:\/\/tintafresca.net\/index.php\/wp-json\/wp\/v2\/media\/19685"}],"wp:attachment":[{"href":"https:\/\/tintafresca.net\/index.php\/wp-json\/wp\/v2\/media?parent=19677"}],"wp:term":[{"taxonomy":"category","embeddable":true,"href":"https:\/\/tintafresca.net\/index.php\/wp-json\/wp\/v2\/categories?post=19677"},{"taxonomy":"post_tag","embeddable":true,"href":"https:\/\/tintafresca.net\/index.php\/wp-json\/wp\/v2\/tags?post=19677"}],"curies":[{"name":"wp","href":"https:\/\/api.w.org\/{rel}","templated":true}]}}