{"id":19720,"date":"2022-08-24T10:45:12","date_gmt":"2022-08-24T10:45:12","guid":{"rendered":"https:\/\/tintafresca.net\/?p=19720"},"modified":"2022-08-24T15:03:25","modified_gmt":"2022-08-24T15:03:25","slug":"frutos-feira-nacional-da-hortofruticultura-arranca-ja-esta-quinta-feira-nas-caldas-da-rainha","status":"publish","type":"post","link":"https:\/\/tintafresca.net\/index.php\/2022\/08\/24\/frutos-feira-nacional-da-hortofruticultura-arranca-ja-esta-quinta-feira-nas-caldas-da-rainha\/","title":{"rendered":"Frutos &#8211; Feira Nacional da Hortofruticultura arranca j\u00e1 esta quinta-feira nas Caldas da Rainha"},"content":{"rendered":"<div id=\"attachment_19723\" style=\"width: 510px\" class=\"wp-caption alignleft\"><img loading=\"lazy\" decoding=\"async\" aria-describedby=\"caption-attachment-19723\" class=\"wp-image-19723\" src=\"https:\/\/tintafresca.net\/wp-content\/uploads\/2022\/08\/Caldas_Frutos2022_cartaz.jpg\" alt=\"\" width=\"500\" height=\"725\" srcset=\"https:\/\/tintafresca.net\/wp-content\/uploads\/2022\/08\/Caldas_Frutos2022_cartaz.jpg 600w, https:\/\/tintafresca.net\/wp-content\/uploads\/2022\/08\/Caldas_Frutos2022_cartaz-207x300.jpg 207w\" sizes=\"auto, (max-width: 500px) 100vw, 500px\" \/><p id=\"caption-attachment-19723\" class=\"wp-caption-text\">Cartaz<\/p><\/div>\n<p>O Parque D. Carlos I, nas Caldas da Rainha, vai acolher a edi\u00e7\u00e3o de 2022 da Frutos &#8211; Feira Nacional da Hortofruticultura, marcada para os dias 25, 26, 27 e 28 de agosto.<\/p>\n<p>No cartaz de espet\u00e1culos, Nenny, DAMA, Calema e B\u00e1rbara Tinoco juntam-se aos dj\u00b4s Wilson Honrado e Nuno Luz.<\/p>\n<p>Numa edi\u00e7\u00e3o pautada por algumas novidades, destaque para a gratuitidade da feira. Apenas os concertos no palco principal ser\u00e3o pagos. A abertura oficial da Frutos\u00a0 ter\u00e1 lugar esta quinta-feira, pelas\u00a018h, no C\u00e9u de Vidro.<\/p>\n<p>Depois do\u00a0interregno de dois anos, a Frutos 2022 regressa ao parque da cidade num formato diferente com o mesmo objectivo: aumentar a competitividade do setor agr\u00edcola, divulgar produtos hortofrut\u00edcolas nacionais, ser uma montra das tecnologias associadas ao sector, bem como estimular neg\u00f3cios e divulga\u00e7\u00e3o dos produtos da regi\u00e3o noutros mercados.<\/p>\n<p>O palco principal ficar\u00e1 no local de sempre, no Parque de Merendas, e apenas esta \u00e1rea ser\u00e1 vedada e com controlo de acesso.\u00a0Esta op\u00e7\u00e3o permitir\u00e1 um maior usufruto do espa\u00e7o e criar mais din\u00e2mica entre p\u00fablico e comerciantes.<\/p>\n<p>Dentro do recinto gratuito da feira haver\u00e1 anima\u00e7\u00e3o itinerante e, concretamente no Parque das Bicicletas, outro palco de concertos, com programa\u00e7\u00e3o para as tardes e noites do evento.<\/p>\n<p>Ser\u00e1 tamb\u00e9m neste local que estar\u00e3o os espa\u00e7os de comidas e bebidas, bem como uma \u00e1rea destinada \u00e0s crian\u00e7as.<\/p>\n<p><strong>Espect\u00e1culos:<\/strong><\/p>\n<p>5\u00aa feira, dia 25 de Agosto: Nenny<br \/>\n6\u00aa feira, dia 26 de Agosto: D.A.M.A.|\u00a0DJ Wilson Honrado<br \/>\nS\u00e1bado, dia 27 de Agosto: Calema |\u00a0DJ Nuno Luz<br \/>\nDomingo, dia 28 de Agosto: B\u00e1rbara Tinoco<\/p>\n<p><strong>Hor\u00e1rio de funcionamento |<\/strong>\u00a0<strong>Hor\u00e1rio Expositores<\/strong><\/p>\n<p>5\u00ba feira: Inaugura\u00e7\u00e3o \u00e0s 18h \u2013 24h<br \/>\n6\u00ba feira: e S\u00e1bado e Domingo \u2013 10h \u00e0s 24h<\/p>\n<p><strong>Hor\u00e1rio Espa\u00e7o Concertos com bilheteira (inclui bares)<\/strong><\/p>\n<p>5\u00aa feira e domingo: 21h \u2013 24h<br \/>\n6\u00aa feira e s\u00e1bado, com op\u00e7\u00e3o de DJ\u2019s: 21h \u2013 02h<\/p>\n<p>A organiza\u00e7\u00e3o da Feira Nacional da Hortofruticultura \u00e9 da C\u00e2mara Municipal das Caldas da Rainha com o apoio de quase tr\u00eas dezenas de entidades parceiras ligadas ao setor de atividade.<\/p>\n<p><strong>Programa\u00e7\u00e3o di\u00e1ria<\/strong><\/p>\n<p><strong>Dia 25 (Quinta-feira)<\/strong><\/p>\n<p>Reserva Paul de Tornada<br \/>\nVem jogar \u201cRumo \u00e0 sustentabilidade\u201d<br \/>\n17h00 \u00e0s 19h00<\/p>\n<p>Espa\u00e7o infantil<br \/>\nKarts | Trampolim<br \/>\n18h00 \u00e0s 22h00<br \/>\nPinturas faciais | Insufl\u00e1vel<\/p>\n<p>Itinerante<br \/>\n18h00 \u2013 Banca de Com\u00e9rcio e Ind\u00fastria<\/p>\n<p>Telheiro<br \/>\n19h00 &#8211; Showcooking com o Chefe Tiago Costa<\/p>\n<p>Palco 2<br \/>\n20h30 \u2013 Trotil<\/p>\n<p>Palco 1<br \/>\n22h00 \u2013 Nenny<\/p>\n<p><strong>Dia 26 (sexta-feira)<\/strong><\/p>\n<p>Reserva Paul de Tornada<br \/>\nVem descobrir &#8220;As cores escondidas das plantas&#8221;<br \/>\n17h00 \u00e0s 19h00<\/p>\n<p>Espa\u00e7o Infantil<br \/>\nKarts | Trampolim<br \/>\n17h00 \u00e0s 22h00<br \/>\nPinturas faciais | Insufl\u00e1vel<\/p>\n<p>Itinerante<br \/>\n11h00 \u2013 Toma L\u00e1 5<br \/>\n16h30 &#8211; Dixie Naza<br \/>\nTelheiro<\/p>\n<p>18h00 \u2013 Sess\u00e3o tem\u00e1tica: A Agricultura Biol\u00f3gica vista pela Sociologia, Dr. Nuno Nabais e Jo\u00e3o Baptista<\/p>\n<p>Palco 2<br \/>\n19h00 \u2013 Decl\u00ednios<\/p>\n<p>Palco 1<br \/>\n22h00 \u2013 D.A.M.A.<br \/>\n24h00 \u2013 DJ Wilson Honrado<\/p>\n<p><strong>Dia 27 (s\u00e1bado)<\/strong><\/p>\n<p>Espa\u00e7o Museu<br \/>\n10h30 \u2013 Aula de Pilates | Balance Club e Fitness Factory<br \/>\n11h00 \u00e0s 19h00 \u2013 Cultartis na Frutos<\/p>\n<p>Reserva Paul de Tornada<br \/>\nVem descobrir &#8221; Os seres vivos do Paul de Tornada&#8221;<br \/>\n16h30 \u00e0s 19h00<\/p>\n<p>Espa\u00e7o Infantil<br \/>\nKarts | Trampolim<br \/>\nMascote Vivi<br \/>\n11h00 \u00e0s 13h00 e 15h00 \u00e0s 22h00<br \/>\nPinturas faciais | Insufl\u00e1vel<\/p>\n<p>Itinerante<br \/>\n17h00 \u2013 Brass Dass<\/p>\n<p>Telheiro<br \/>\n16h00 \u2013 Showcooking com Chefe Jo\u00e3o Nuno Silva &#8211; EHTO<\/p>\n<p>17h00 &#8211; Workshop &#8220;Vamos salvar os oceanos com o Soapy&#8221;<br \/>\nVem aprender como reaproveitar \u00f3leo usado para fazer sabonete l\u00edquido<\/p>\n<p>18h00 &#8211; Sess\u00e3o Tem\u00e1tica: Redu\u00e7\u00e3o do uso e o risco dos pesticidas na agricultura em Portugal e na Uni\u00e3o Europeia, Engenheiro Agr\u00f3nomo Jorge Ferreira<\/p>\n<p>Palco 2<br \/>\n11h30 \u2013 Demonstra\u00e7\u00e3o \u201cPower dance\u201d \u2013 Herbalife<br \/>\n15h00 \u2013 Demonstra\u00e7\u00e3o da AKCR \u2013 Associa\u00e7\u00e3o de Kempo de Caldas da Rainha<br \/>\n20h30 \u2013 Funkoff<\/p>\n<p>Palco 1<br \/>\n22h00 \u2013 Calema<br \/>\n24h00 \u2013 DJ Nuno Luz<\/p>\n<p><strong>Dia 28 (domingo)<\/strong><\/p>\n<p>Reserva Paul de Tornada<br \/>\nVem jogar &#8220;Rumo \u00e0 sustentabilidade&#8221;<br \/>\n16h30 \u00e0s 19h00<\/p>\n<p>Espa\u00e7o Infantil<br \/>\nKarts | Trampolim<br \/>\nMascote Vivi<br \/>\n11h00 \u00e0s 13h00 e 15h00 \u00e0s 22h00<br \/>\nPinturas faciais | Insufl\u00e1vel<\/p>\n<p>Itinerante<br \/>\n17h00 \u2013 Da Cruz One Man Band<\/p>\n<p>Telheiro<br \/>\n16h00 \u2013 Showcooking com Chefe Bruno Marques &#8211; EHTO<\/p>\n<p>17h00 \u2013 Palestra &#8220;A sustentabilidade na cosm\u00e9tica&#8221;, Sandra Martins<\/p>\n<p>18h00 &#8211; Sess\u00e3o Tem\u00e1tica: A Agricultura Biol\u00f3gica, a Exporta\u00e7\u00e3o e os Mercados de Proximidade (a perspectiva da defesa do Ambiente, da Economia Local e Nacional), Fernando Pires e Hugo Zina, moderadora Sandra Martins<\/p>\n<p>19h00 \u2013 Showcooking com Chefe Ramiro Ferreira \u2013 EHTO<\/p>\n<p>Palco 2<br \/>\n11h00 \u2013 Demonstra\u00e7\u00e3o AKCR \u2013 Associa\u00e7\u00e3o de Kempo de Caldas da Rainha<br \/>\n15h00 \u2013 Aula\/Demonstra\u00e7\u00e3o de dan\u00e7a com RiSa Dance School<br \/>\n20h30 \u2013 Caim<\/p>\n<p>Palco 1<br \/>\n22h00 \u2013 B\u00e1rbara Tinoco<\/p>\n<p><strong>Expositores<\/strong><\/p>\n<p>INSTITUCIONAL<\/p>\n<p>ACCCRO<br \/>\nANP P\u00caRA ROCHA<br \/>\nCOOAGRICAL, CRL<br \/>\nDRAPLVT\/ LEADER OESTE COTHN-CC \/ APMA<br \/>\nFrutalvor, C.R.L.<br \/>\nTERMAS DAS CALDAS DA RAINHA<br \/>\nASS. GEOPARQUE OESTE<br \/>\nC GEST\u00c3O ALVORNINHA<br \/>\nCaldas Empreende<br \/>\nCOOPSTECO<br \/>\nCUTELARIAS<br \/>\nGabinete da Juventude<br \/>\nTURISMO DO CENTRO<\/p>\n<p>ARTESANATO<\/p>\n<p>Ana Santos<br \/>\nBekasArt<br \/>\nEmbelez&#8217;art Atelier<br \/>\nHello Caldas Da Rainha<br \/>\nIndian Nature<br \/>\nAnette<br \/>\nAs Bonecas da X\u00e9<br \/>\nBabecas<br \/>\nDila.Art.Design<br \/>\nFeito Com Gosto<br \/>\nHelenaMorgadoAtelier<br \/>\nIsabel Pereira<br \/>\nLoira Sabonetes<br \/>\nMania do Mar<br \/>\nMeia-cana<br \/>\nMercadinho do Centro<br \/>\nOlaria Lindinho<br \/>\nPulguices<br \/>\nVictor Henriques<br \/>\nZ\u00e9lia Artesanato<\/p>\n<p>ASSOCIA\u00c7\u00d5ES<\/p>\n<p>Associa\u00e7\u00e3o do Bordado das Caldas da Rainha<br \/>\nCRAPAA<br \/>\nEspa\u00e7o Abril<br \/>\nOcean Patrol<br \/>\nRede Leonardo<br \/>\nReserva Pa\u00fal de Tornada<\/p>\n<p>PRODUTORES HORTOFRUT\u00cdCULAS<\/p>\n<p>A Menina da Horta<br \/>\nAna Lu\u00edsa Pereira<br \/>\nAperitivos do Oeste\/NATFRUITS\/Frutos Secos<br \/>\nBORDADOS DA REIS<br \/>\nCOPA<br \/>\nCrist\u00f3v\u00e3o Ferreira<br \/>\nDONA-PI GRANOLAS<br \/>\nFlores e fruta<br \/>\nFRESCOS DA VILA<br \/>\nFrutas d&#8217;Ana<br \/>\nFRUTAS FN\u00a0 &amp; GLOBALCISTER<br \/>\nGwiker &#8211; Earthfood<br \/>\nInfusa<br \/>\nJo\u00e3o Martinho<br \/>\nMercadinho Frutos Secos<br \/>\nMercearia Zen<br \/>\nPOMAR DO OESTE<br \/>\nSaofrutas<\/p>\n<p>COM\u00c9RCIO, IND\u00daSTRIA E SERVI\u00c7OS GERAIS<\/p>\n<p>AP.THEBRAND<br \/>\nBENECLIMA<br \/>\nBORDADOS DA REIS<br \/>\nCredisucesso<br \/>\nDoing-It, Lda<br \/>\nERGOVIS\u00c3O<br \/>\nHerbalife Nutrition<br \/>\nIAD PORTUGAL SA<br \/>\nLMontez Imobiliaria<br \/>\nMarques e Sousa<br \/>\nMOTOSCHOOL &#8211; MACBOR<br \/>\nOralMED<br \/>\nOriflame Cosm\u00e9ticos<br \/>\nRainbow Leiria<br \/>\nRE\/MAX VANTAGEM REAL<br \/>\nSANDRA MARTINS<br \/>\nSmile Up<br \/>\nSOLLAC<br \/>\nVeigas Caldas<\/p>\n<p>VINHOS e LICORES<\/p>\n<p>Adega da Vermelha<br \/>\nCasa da Ginja<br \/>\nCerveja Bordallo<br \/>\nM\u00e1rio Ara\u00fajo Wines<br \/>\nQuinta dos Arneiros<\/p>\n<p>DO\u00c7ARIA<\/p>\n<p>Arte &amp; Come<br \/>\nDocisses<br \/>\nDONARAINHA<br \/>\nFofos da Rainha<\/p>\n<p>COM\u00c9RCIO, IND\u00daSTRIA E SERVI\u00c7OS DA TEM\u00c1TICA<\/p>\n<p>Aldeia Rural Mercearia<br \/>\nBraz Mendon\u00e7a, Lda<br \/>\nCASA PRATAS<br \/>\nCasanova Dry Gin<br \/>\nCOMPAL<br \/>\nCRIATIVIDADE COZINHA<br \/>\nE.LECLERC<br \/>\nFloresta Certificada<br \/>\nFRuir Touring<br \/>\nGranizados E+<br \/>\nSOINCAL<\/p>\n<p>COMUNICA\u00c7\u00c3O SOCIAL<\/p>\n<p>91 FM R\u00e1dio<br \/>\nGazeta das Caldas<br \/>\nJornal das Caldas<br \/>\nMais Oeste R\u00e1dio<br \/>\nRTVON<\/p>\n<p>HOTSPOTS<\/p>\n<p>A L\u00c1 BACALHAU<br \/>\nBREVES MOMENTOS<br \/>\nDom Fumeiro da Serra<br \/>\nEus\u00e9bios<br \/>\nO CHOCO DA MARISA<br \/>\nO Po\u00e7o do Z\u00e9<br \/>\nP\u00e3o com Todos<br \/>\nP\u00c3O DA RAINHA<br \/>\nSTOP BAR<br \/>\nTRADI\u00c7\u00d5ES D\u00b4SSERRA<\/p>\n<p>VE\u00cdCULOS AUTOM\u00d3VEIS E TRATORES<\/p>\n<p>Agrorainha<br \/>\nGrupo A. J\u00falio<br \/>\nLPM, S.A.<br \/>\nLubrigaz<br \/>\nTec-Atl\u00e2ntica<br \/>\nWayfer \u2013 IVECO<\/p>\n<p>FARTURAS, CHURROS E PIPOCAS<\/p>\n<p>DOCES SONHOS<br \/>\nFam\u00edlia Ramos<br \/>\nFarturas Cartaxo<br \/>\nFarturas do Oeste<br \/>\nNutchurros<\/p>\n<p>BARES<\/p>\n<p>120<br \/>\nBOFIONI<br \/>\nDAIQUIRI<br \/>\nESPA\u00c7O 7<br \/>\nWALKABOUT<\/p>\n<p>RESTAURANTES<\/p>\n<p>O PO\u00c7O DO Z\u00c9<br \/>\nSAMUELVINA<\/p>\n","protected":false},"excerpt":{"rendered":"<p>O Parque D. Carlos I, nas Caldas da Rainha, vai acolher a edi\u00e7\u00e3o de 2022 da Frutos &#8211; Feira Nacional da Hortofruticultura, marcada para os dias 25, 26, 27 e 28 de agosto. No cartaz de espet\u00e1culos, Nenny, DAMA, Calema e B\u00e1rbara Tinoco juntam-se aos dj\u00b4s Wilson Honrado e Nuno Luz. Numa edi\u00e7\u00e3o pautada por [&hellip;]<\/p>\n","protected":false},"author":2,"featured_media":19724,"comment_status":"open","ping_status":"open","sticky":false,"template":"","format":"standard","meta":{"footnotes":""},"categories":[7,8],"tags":[],"class_list":["post-19720","post","type-post","status-publish","format-standard","has-post-thumbnail","hentry","category-economia","category-musica"],"_links":{"self":[{"href":"https:\/\/tintafresca.net\/index.php\/wp-json\/wp\/v2\/posts\/19720","targetHints":{"allow":["GET"]}}],"collection":[{"href":"https:\/\/tintafresca.net\/index.php\/wp-json\/wp\/v2\/posts"}],"about":[{"href":"https:\/\/tintafresca.net\/index.php\/wp-json\/wp\/v2\/types\/post"}],"author":[{"embeddable":true,"href":"https:\/\/tintafresca.net\/index.php\/wp-json\/wp\/v2\/users\/2"}],"replies":[{"embeddable":true,"href":"https:\/\/tintafresca.net\/index.php\/wp-json\/wp\/v2\/comments?post=19720"}],"version-history":[{"count":3,"href":"https:\/\/tintafresca.net\/index.php\/wp-json\/wp\/v2\/posts\/19720\/revisions"}],"predecessor-version":[{"id":19725,"href":"https:\/\/tintafresca.net\/index.php\/wp-json\/wp\/v2\/posts\/19720\/revisions\/19725"}],"wp:featuredmedia":[{"embeddable":true,"href":"https:\/\/tintafresca.net\/index.php\/wp-json\/wp\/v2\/media\/19724"}],"wp:attachment":[{"href":"https:\/\/tintafresca.net\/index.php\/wp-json\/wp\/v2\/media?parent=19720"}],"wp:term":[{"taxonomy":"category","embeddable":true,"href":"https:\/\/tintafresca.net\/index.php\/wp-json\/wp\/v2\/categories?post=19720"},{"taxonomy":"post_tag","embeddable":true,"href":"https:\/\/tintafresca.net\/index.php\/wp-json\/wp\/v2\/tags?post=19720"}],"curies":[{"name":"wp","href":"https:\/\/api.w.org\/{rel}","templated":true}]}}