{"id":19866,"date":"2022-08-29T12:57:04","date_gmt":"2022-08-29T12:57:04","guid":{"rendered":"https:\/\/tintafresca.net\/?p=19866"},"modified":"2022-08-29T13:22:32","modified_gmt":"2022-08-29T13:22:32","slug":"centro-hospitalar-de-leiria-cria-unidade-multidisciplinar-de-pe-diabetico","status":"publish","type":"post","link":"https:\/\/tintafresca.net\/index.php\/2022\/08\/29\/centro-hospitalar-de-leiria-cria-unidade-multidisciplinar-de-pe-diabetico\/","title":{"rendered":"Centro Hospitalar de Leiria cria Unidade Multidisciplinar de P\u00e9 Diab\u00e9tico"},"content":{"rendered":"<p><img loading=\"lazy\" decoding=\"async\" class=\"alignleft wp-image-19869 size-full\" src=\"https:\/\/tintafresca.net\/wp-content\/uploads\/2022\/08\/pediabetico_noticia10.png\" alt=\"\" width=\"409\" height=\"513\" srcset=\"https:\/\/tintafresca.net\/wp-content\/uploads\/2022\/08\/pediabetico_noticia10.png 409w, https:\/\/tintafresca.net\/wp-content\/uploads\/2022\/08\/pediabetico_noticia10-239x300.png 239w\" sizes=\"auto, (max-width: 409px) 100vw, 409px\" \/>O Centro Hospitalar de Leiria (CHL) acaba de criar uma Unidade Multidisciplinar de P\u00e9 Diab\u00e9tico (UMPD), dedicada ao tratamento e acompanhamento de utentes com P\u00e9 Diab\u00e9tico. A nova Unidade, integrada no Servi\u00e7o de Medicina Interna do CHL, est\u00e1 instalada no Setor 1 da Consulta Externa e representa um investimento superior a 100 mil euros, tendo como objetivo a melhoria de tratamento e acompanhamento destes utentes.<\/p>\n<p>A UMPD vai funcionar em regime de Hospital de Dia, dispondo de sess\u00f5es com tratamentos m\u00e9dicos, de enfermagem e podologia, al\u00e9m da consulta de P\u00e9 Diab\u00e9tico. O seu car\u00e1ter multidisciplinar permitir\u00e1 a articula\u00e7\u00e3o, na Consulta Externa, com as especialidades de Medicina Interna, Cirurgia Geral, Ortopedia, e Medicina F\u00edsica e de Reabilita\u00e7\u00e3o, mas tamb\u00e9m com a Unidade de Hospitaliza\u00e7\u00e3o Domicili\u00e1ria e com o Servi\u00e7o Social.<\/p>\n<p>De acordo com Diana Fernandes, coordenadora da UMPD, \u00aba preval\u00eancia da Diabetes em Portugal \u00e9 elevada e tem vindo a aumentar, e o P\u00e9 Diab\u00e9tico \u00e9 uma complica\u00e7\u00e3o da Diabetes com elevado impacto na qualidade de vida dos doentes. Como tal, o objetivo principal na abordagem dos doentes com P\u00e9 Diab\u00e9tico \u00e9 evitar a amputa\u00e7\u00e3o e as limita\u00e7\u00f5es a ela associadas\u00bb.<\/p>\n<p>Diana Fernandes explica que \u00abo Hospital de Dia de P\u00e9 Diab\u00e9tico, integrado nesta unidade, ir\u00e1 funcionar de segunda a sexta-feira, assegurando diariamente avalia\u00e7\u00e3o m\u00e9dica e de enfermagem\u00bb, no \u00e2mbito de \u00abum projeto \u00fanico, desenvolvido por uma equipa din\u00e2mica e motivada\u00bb, que considera \u00abir\u00e1 ter com certeza um impacto significativo na nossa popula\u00e7\u00e3o\u00bb.<\/p>\n<p>A equipa que comp\u00f5e a UMPD contar\u00e1 com tr\u00eas m\u00e9dicos, cinco enfermeiros, um podologista e um assistente operacional. O novo espa\u00e7o que acolhe a UMPD conta com cinco gabinetes de consulta, uma \u00e1rea de trabalho em <em>open space<\/em>, sala de pensos com lava-p\u00e9s, sala de reuni\u00f5es, sala de limpos, sala de sujos e um armaz\u00e9m. Por ano, estima-se que a nova unidade venha a realizar cerca de 3.000 sess\u00f5es de Hospital de Dia e 1.300 consultas de P\u00e9 Diab\u00e9tico.<\/p>\n<p>Entre os principais objetivos decorrentes da cria\u00e7\u00e3o da UMPD, al\u00e9m da redu\u00e7\u00e3o do n\u00famero de amputa\u00e7\u00f5es relacionadas com o P\u00e9 Diab\u00e9tico, pretende-se reduzir tamb\u00e9m o n\u00famero e tempo dos internamentos com origem em \u00falceras do P\u00e9 Diab\u00e9tico. A nova unidade ir\u00e1 contribuir igualmente para uma maior acessibilidade \u00e0 consulta atrav\u00e9s da implementa\u00e7\u00e3o da Via Verde do P\u00e9 Diab\u00e9tico, al\u00e9m da otimiza\u00e7\u00e3o da articula\u00e7\u00e3o com os cuidados de sa\u00fade prim\u00e1rios e a forma\u00e7\u00e3o continuada de profissionais de sa\u00fade na \u00e1rea do P\u00e9 Diab\u00e9tico, a par da promo\u00e7\u00e3o da literacia em sa\u00fade, junto do p\u00fablico em geral, relacionada com esta tem\u00e1tica.<\/p>\n<p>\u00abA cria\u00e7\u00e3o desta unidade constitui um passo importante no refor\u00e7o dos cuidados prestados pelo CHL \u00e0 comunidade, visto que a cria\u00e7\u00e3o de uma \u00e1rea dedicada ao P\u00e9 Diab\u00e9tico era uma necessidade j\u00e1 identificada pelo servi\u00e7o de Medicina Interna como priorit\u00e1ria para garantir um melhor acompanhamento e tratamento destes doentes, proporcionando-lhes uma maior autonomia e qualidade de vida\u00bb, considera Lic\u00ednio de Carvalho, presidente do Conselho de Administra\u00e7\u00e3o do CHL.<\/p>\n<p>\u00abA melhoria da presta\u00e7\u00e3o de cuidados nesta \u00e1rea ter\u00e1 como base a otimiza\u00e7\u00e3o de recursos humanos e materiais, al\u00e9m da articula\u00e7\u00e3o entre servi\u00e7os e com os cuidados de sa\u00fade prim\u00e1rios, com vista \u00e0 promo\u00e7\u00e3o de maior facilidade no acesso aos tratamentos por parte dos utentes\u00bb, refor\u00e7a o presidente do Conselho de Administra\u00e7\u00e3o do CHL.<\/p>\n<p><strong>\u00a0 \u00a0Fonte: Midlandcom<\/strong><\/p>\n","protected":false},"excerpt":{"rendered":"<p>O Centro Hospitalar de Leiria (CHL) acaba de criar uma Unidade Multidisciplinar de P\u00e9 Diab\u00e9tico (UMPD), dedicada ao tratamento e acompanhamento de utentes com P\u00e9 Diab\u00e9tico. A nova Unidade, integrada no Servi\u00e7o de Medicina Interna do CHL, est\u00e1 instalada no Setor 1 da Consulta Externa e representa um investimento superior a 100 mil euros, tendo [&hellip;]<\/p>\n","protected":false},"author":2,"featured_media":19870,"comment_status":"open","ping_status":"open","sticky":false,"template":"","format":"standard","meta":{"footnotes":""},"categories":[6],"tags":[],"class_list":["post-19866","post","type-post","status-publish","format-standard","has-post-thumbnail","hentry","category-saude"],"_links":{"self":[{"href":"https:\/\/tintafresca.net\/index.php\/wp-json\/wp\/v2\/posts\/19866","targetHints":{"allow":["GET"]}}],"collection":[{"href":"https:\/\/tintafresca.net\/index.php\/wp-json\/wp\/v2\/posts"}],"about":[{"href":"https:\/\/tintafresca.net\/index.php\/wp-json\/wp\/v2\/types\/post"}],"author":[{"embeddable":true,"href":"https:\/\/tintafresca.net\/index.php\/wp-json\/wp\/v2\/users\/2"}],"replies":[{"embeddable":true,"href":"https:\/\/tintafresca.net\/index.php\/wp-json\/wp\/v2\/comments?post=19866"}],"version-history":[{"count":3,"href":"https:\/\/tintafresca.net\/index.php\/wp-json\/wp\/v2\/posts\/19866\/revisions"}],"predecessor-version":[{"id":19871,"href":"https:\/\/tintafresca.net\/index.php\/wp-json\/wp\/v2\/posts\/19866\/revisions\/19871"}],"wp:featuredmedia":[{"embeddable":true,"href":"https:\/\/tintafresca.net\/index.php\/wp-json\/wp\/v2\/media\/19870"}],"wp:attachment":[{"href":"https:\/\/tintafresca.net\/index.php\/wp-json\/wp\/v2\/media?parent=19866"}],"wp:term":[{"taxonomy":"category","embeddable":true,"href":"https:\/\/tintafresca.net\/index.php\/wp-json\/wp\/v2\/categories?post=19866"},{"taxonomy":"post_tag","embeddable":true,"href":"https:\/\/tintafresca.net\/index.php\/wp-json\/wp\/v2\/tags?post=19866"}],"curies":[{"name":"wp","href":"https:\/\/api.w.org\/{rel}","templated":true}]}}