{"id":19884,"date":"2022-08-30T12:29:53","date_gmt":"2022-08-30T12:29:53","guid":{"rendered":"https:\/\/tintafresca.net\/?p=19884"},"modified":"2022-08-30T14:19:43","modified_gmt":"2022-08-30T14:19:43","slug":"rio-maior-recebe-ii-jornadas-internacionais-memorias-do-carvao-de-17-a-19-de-novembro","status":"publish","type":"post","link":"https:\/\/tintafresca.net\/index.php\/2022\/08\/30\/rio-maior-recebe-ii-jornadas-internacionais-memorias-do-carvao-de-17-a-19-de-novembro\/","title":{"rendered":"Rio Maior recebe II Jornadas Internacionais \u201cMem\u00f3rias do Carv\u00e3o\u201d de 17 a 19 de novembro"},"content":{"rendered":"<div id=\"attachment_19886\" style=\"width: 510px\" class=\"wp-caption alignleft\"><img loading=\"lazy\" decoding=\"async\" aria-describedby=\"caption-attachment-19886\" class=\"wp-image-19886 size-full\" src=\"https:\/\/tintafresca.net\/wp-content\/uploads\/2022\/08\/RM_Memo\u0301rias-do-Carva\u0303o10.jpg\" alt=\"\" width=\"500\" height=\"201\" srcset=\"https:\/\/tintafresca.net\/wp-content\/uploads\/2022\/08\/RM_Memo\u0301rias-do-Carva\u0303o10.jpg 500w, https:\/\/tintafresca.net\/wp-content\/uploads\/2022\/08\/RM_Memo\u0301rias-do-Carva\u0303o10-300x121.jpg 300w\" sizes=\"auto, (max-width: 500px) 100vw, 500px\" \/><p id=\"caption-attachment-19886\" class=\"wp-caption-text\">Cartaz<\/p><\/div>\n<p>O\u00a0<a href=\"https:\/\/htc.fcsh.unl.pt\/\">HTC &#8211;<\/a>\u00a0<a href=\"https:\/\/htc.fcsh.unl.pt\/\">Hist\u00f3ria,Territ\u00f3rios e Comunidades<\/a>, P\u00f3lo do Centro de Ecologia Funcional (UC), na NOVA FCHS, a\u00a0<a href=\"http:\/\/www.sedpgym.es\/\">SEDPGYM<\/a>\u00a0&#8211; Sociedad Espa\u00f1ola para la Defensa del Patrimonio Geol\u00f3gico y Minero, a\u00a0<a href=\"http:\/\/www.oriomaiorense.com\/numero-5-6\">EICEL1920<\/a>\u00a0&#8211; Associa\u00e7\u00e3o para a Defesa do Patrim\u00f3nio\/ Clube UNESCO para o Patrim\u00f3nio Cultural, e o\u00a0<a href=\"https:\/\/www.cm-riomaior.pt\/\">Munic\u00edpio de Rio Maior<\/a>, organizam a segunda edi\u00e7\u00e3o das Jornadas Internacionais &#8220;Mem\u00f3rias do Carv\u00e3o&#8221;, que esteve programada para 2020, mas a pandemia obrigou a adiar.<\/p>\n<p>Neste momento, decorre a Chamada para apresenta\u00e7\u00e3o de trabalhos nas II Jornadas, que\u00a0decorrer\u00e3o em Rio Maior nos dias 17 (visita pr\u00e9-congresso opcional), 18 e 19 de novembro, numa modalidade h\u00edbrida presencial e online, nas instala\u00e7\u00f5es da\u00a0<a href=\"https:\/\/siesdrm.ipsantarem.pt\/esdrm\/si_main\">Escola Superior de Desporto de Rio Maior<\/a>, do Instituto Polit\u00e9cnico de Santar\u00e9m.<\/p>\n<p>Sem descartar outros temas afins do eixo de organiza\u00e7\u00e3o das Jornadas &#8211;\u00a0<em>Mem\u00f3ria, Patrim\u00f3nio, Descarboniza\u00e7\u00e3o<\/em>\u00a0&#8211; a Comiss\u00e3o Cient\u00edfica convida \u00e0 apresenta\u00e7\u00e3o de trabalhos no \u00e2mbito das seguintes tem\u00e1ticas:<\/p>\n<ul>\n<li>O carv\u00e3o e a ind\u00fastria.<\/li>\n<li>Recupera\u00e7\u00e3o e valoriza\u00e7\u00e3o do patrim\u00f3nio minero-industrial do carv\u00e3o.<\/li>\n<li>Trabalho, sa\u00fade, cultura e lazer nas comunidades mineiras do carv\u00e3o.<\/li>\n<li>Experi\u00eancias museol\u00f3gicas e a\u00e7\u00f5es pedag\u00f3gicas.<\/li>\n<li>O paradigma da descarboniza\u00e7\u00e3o.<\/li>\n<li>Impactes ambientais da ind\u00fastria do carv\u00e3o.<\/li>\n<li>Minas abandonadas e sequestro de carbono.<\/li>\n<li>O carv\u00e3o na literatura e nas tradi\u00e7\u00f5es populares.<\/li>\n<\/ul>\n<p>As comunica\u00e7\u00f5es poder\u00e3o ser apresentadas oralmente (presencialmente ou pela internet via link a fornecer pela Organiza\u00e7\u00e3o), ou sob a forma de poster, devendo os interessados ter em considera\u00e7\u00e3o os prazos e\u00a0<a href=\"https:\/\/memoriasdocarvao.com\/pt\/programa-das-jornadas\/comunicacoes-livres\/\">normas<\/a>\u00a0que constam do s\u00edtio de internet das Jornadas, e ser submetidas atrav\u00e9s do\u00a0<a href=\"https:\/\/memoriasdocarvao.com\/pt\/programa-das-jornadas\/submissao-de-resumos-para-comunicacao-livre-poster\/\">formul\u00e1rio<\/a>\u00a0ali patente. As propostas ser\u00e3o sujeitas a um processo de revis\u00e3o, prevendo-se, em 2023, a posterior edi\u00e7\u00e3o dos textos selecionados pela Comiss\u00e3o Cientifica.<\/p>\n<p>A chamada para apresenta\u00e7\u00e3o de trabalhos est\u00e1 aberta at\u00e9 ao dia 30 de setembro.<\/p>\n<p>Mais informa\u00e7\u00f5es em<strong>:<\/strong>\u00a0<a href=\"https:\/\/memoriasdocarvao.com\/\">https:\/\/memoriasdocarvao.com<\/a><\/p>\n","protected":false},"excerpt":{"rendered":"<p>O\u00a0HTC &#8211;\u00a0Hist\u00f3ria,Territ\u00f3rios e Comunidades, P\u00f3lo do Centro de Ecologia Funcional (UC), na NOVA FCHS, a\u00a0SEDPGYM\u00a0&#8211; Sociedad Espa\u00f1ola para la Defensa del Patrimonio Geol\u00f3gico y Minero, a\u00a0EICEL1920\u00a0&#8211; Associa\u00e7\u00e3o para a Defesa do Patrim\u00f3nio\/ Clube UNESCO para o Patrim\u00f3nio Cultural, e o\u00a0Munic\u00edpio de Rio Maior, organizam a segunda edi\u00e7\u00e3o das Jornadas Internacionais &#8220;Mem\u00f3rias do Carv\u00e3o&#8221;, que esteve [&hellip;]<\/p>\n","protected":false},"author":2,"featured_media":19888,"comment_status":"open","ping_status":"open","sticky":false,"template":"","format":"standard","meta":{"footnotes":""},"categories":[1],"tags":[],"class_list":["post-19884","post","type-post","status-publish","format-standard","has-post-thumbnail","hentry","category-uncategorized"],"_links":{"self":[{"href":"https:\/\/tintafresca.net\/index.php\/wp-json\/wp\/v2\/posts\/19884","targetHints":{"allow":["GET"]}}],"collection":[{"href":"https:\/\/tintafresca.net\/index.php\/wp-json\/wp\/v2\/posts"}],"about":[{"href":"https:\/\/tintafresca.net\/index.php\/wp-json\/wp\/v2\/types\/post"}],"author":[{"embeddable":true,"href":"https:\/\/tintafresca.net\/index.php\/wp-json\/wp\/v2\/users\/2"}],"replies":[{"embeddable":true,"href":"https:\/\/tintafresca.net\/index.php\/wp-json\/wp\/v2\/comments?post=19884"}],"version-history":[{"count":2,"href":"https:\/\/tintafresca.net\/index.php\/wp-json\/wp\/v2\/posts\/19884\/revisions"}],"predecessor-version":[{"id":19887,"href":"https:\/\/tintafresca.net\/index.php\/wp-json\/wp\/v2\/posts\/19884\/revisions\/19887"}],"wp:featuredmedia":[{"embeddable":true,"href":"https:\/\/tintafresca.net\/index.php\/wp-json\/wp\/v2\/media\/19888"}],"wp:attachment":[{"href":"https:\/\/tintafresca.net\/index.php\/wp-json\/wp\/v2\/media?parent=19884"}],"wp:term":[{"taxonomy":"category","embeddable":true,"href":"https:\/\/tintafresca.net\/index.php\/wp-json\/wp\/v2\/categories?post=19884"},{"taxonomy":"post_tag","embeddable":true,"href":"https:\/\/tintafresca.net\/index.php\/wp-json\/wp\/v2\/tags?post=19884"}],"curies":[{"name":"wp","href":"https:\/\/api.w.org\/{rel}","templated":true}]}}