{"id":19931,"date":"2022-08-31T22:00:18","date_gmt":"2022-08-31T22:00:18","guid":{"rendered":"https:\/\/tintafresca.net\/?p=19931"},"modified":"2022-08-31T22:04:28","modified_gmt":"2022-08-31T22:04:28","slug":"torres-vedras-recebeu-seminario-dedicado-a-acao-climatica-da-uniao-europeia","status":"publish","type":"post","link":"https:\/\/tintafresca.net\/index.php\/2022\/08\/31\/torres-vedras-recebeu-seminario-dedicado-a-acao-climatica-da-uniao-europeia\/","title":{"rendered":"Torres Vedras recebeu semin\u00e1rio dedicado \u00e0 a\u00e7\u00e3o clim\u00e1tica da Uni\u00e3o Europeia"},"content":{"rendered":"<div id=\"attachment_19933\" style=\"width: 510px\" class=\"wp-caption alignleft\"><img loading=\"lazy\" decoding=\"async\" aria-describedby=\"caption-attachment-19933\" class=\"wp-image-19933 size-full\" src=\"https:\/\/tintafresca.net\/wp-content\/uploads\/2022\/08\/TV_Seminario_ambiental10.jpg\" alt=\"\" width=\"500\" height=\"333\" srcset=\"https:\/\/tintafresca.net\/wp-content\/uploads\/2022\/08\/TV_Seminario_ambiental10.jpg 500w, https:\/\/tintafresca.net\/wp-content\/uploads\/2022\/08\/TV_Seminario_ambiental10-300x200.jpg 300w\" sizes=\"auto, (max-width: 500px) 100vw, 500px\" \/><p id=\"caption-attachment-19933\" class=\"wp-caption-text\">Semin\u00e1rio \u201cOs Governos Locais na A\u00e7\u00e3o Clim\u00e1tica da Uni\u00e3o Europeia\u201d<\/p><\/div>\n<p>O semin\u00e1rio \u201cOs Governos Locais na A\u00e7\u00e3o Clim\u00e1tica da Uni\u00e3o Europeia\u201d realizou-se no dia 30 de agosto, no Centro de Artes e Criatividade de Torres Vedras. Este semin\u00e1rio foi organizado pela Associa\u00e7\u00e3o ZERO, no \u00e2mbito do Pacto Europeu para o Clima e do projeto \u201cLIFE Unify\u201d, com o apoio da C\u00e2mara Municipal de Torres Vedras e da Oeste Sustent\u00e1vel &#8211; Ag\u00eancia Regional de Energia e Ambiente do Oeste.<\/p>\n<p>A sess\u00e3o de abertura ficou a cargo da presidente da C\u00e2mara Municipal de Torres Vedras, Laura Rodrigues, e da representante da Associa\u00e7\u00e3o ZERO, L\u00edlia Alexandre.<\/p>\n<p>Na ocasi\u00e3o, Laura Rodrigues destacou o compromisso do Munic\u00edpio de Torres Vedras com a a\u00e7\u00e3o clim\u00e1tica, o ambiente e a sustentabilidade, referindo que este \u00e9 um \u201ccaminho que tem sido feito com muita entrega, n\u00e3o porque \u00e9 preciso mas porque faz parte daquilo que \u00e9 o nosso trabalho e da forma como n\u00f3s olhamos para as nossas pol\u00edticas p\u00fablicas\u201d. Este compromisso tem sido reconhecido a n\u00edvel nacional e internacional, nomeadamente pelo \u201cfacto de termos sido cidade &#8220;Green Leaf&#8221; em 2015, uma distin\u00e7\u00e3o muito importante que deu visibilidade ao nosso trabalho\u201d.<\/p>\n<p>L\u00edlia Alexandre referiu que o projeto \u201cLIFE Unify\u201d, que decorreu entre setembro de 2019 e agosto de 2022, \u201cteve como principal objetivo aumentar a ambi\u00e7\u00e3o clim\u00e1tica dos estados-membros da Uni\u00e3o Europeia, atrav\u00e9s da monitoriza\u00e7\u00e3o e avalia\u00e7\u00e3o dos progressos que j\u00e1 tinham sido realizados em dez estados-membros alvo\u201d, entre os quais Portugal. O projeto t\u00eam ainda como objetivos orientar a aplica\u00e7\u00e3o nacional dos fundos europeus para a a\u00e7\u00e3o clim\u00e1tica e promover a ado\u00e7\u00e3o de Planos de A\u00e7\u00e3o Clim\u00e1tica a n\u00edvel municipal.<\/p>\n<p>A presidente da C\u00e2mara Municipal de Torres Vedras foi, ainda, a oradora do primeiro painel do semin\u00e1rio, com o tema \u201cPorqu\u00ea aderir ao novo compromisso de neutralidade para 2050?\u201d. No segundo painel usou da palavra o presidente da C\u00e2mara Municipal de Loul\u00e9, Vitor Aleixo, que deu a conhecer o Conselho Local de Acompanhamento da A\u00e7\u00e3o Clim\u00e1tica de Loul\u00e9. A \u201cA\u00e7\u00e3o Clim\u00e1tica e a Lei de Bases do Clima para os Munic\u00edpios Portugueses\u201d foi o tema do painel seguinte, que contou com a interven\u00e7\u00e3o de Lu\u00eds Costa, partner da Get2C.<\/p>\n<p>O Plano de A\u00e7\u00e3o Clim\u00e1tica Lisboa 2030, que ser\u00e1 liderado pela Lisboa E-Nov, foi o tema abordado por Eduardo Silva. A que se seguiu a interven\u00e7\u00e3o da vice-presidente da C\u00e2mara Municipal de Guimar\u00e3es, Adelina Paula Pinto, sobre \u201cGuimar\u00e3es na Miss\u00e3o 100 Cidades da Uni\u00e3o Europeia\u201d.<\/p>\n<p>O \u201cPacto dos Autarcas na pr\u00e1tica \u2013 Compromisso de Adapta\u00e7\u00e3o, Mitiga\u00e7\u00e3o 2030, Neutralidade 2050; mecanismos de financiamento; e processo de ades\u00e3o\u201d foi o tema do sexto painel, liderado por Petya Pishmisheva, do Pacto dos Autarcas. A sess\u00e3o de encerramento ficou a cargo do presidente do Conselho de Administra\u00e7\u00e3o da Oeste Sustent\u00e1vel &#8211; Ag\u00eancia Regional de Energia e Ambiente do Oeste, Ricardo Fernandes.<\/p>\n<p><strong>\u00a0 \u00a0 \u00a0 Fonte: ACM|CMTV<\/strong><\/p>\n","protected":false},"excerpt":{"rendered":"<p>O semin\u00e1rio \u201cOs Governos Locais na A\u00e7\u00e3o Clim\u00e1tica da Uni\u00e3o Europeia\u201d realizou-se no dia 30 de agosto, no Centro de Artes e Criatividade de Torres Vedras. Este semin\u00e1rio foi organizado pela Associa\u00e7\u00e3o ZERO, no \u00e2mbito do Pacto Europeu para o Clima e do projeto \u201cLIFE Unify\u201d, com o apoio da C\u00e2mara Municipal de Torres Vedras [&hellip;]<\/p>\n","protected":false},"author":2,"featured_media":19934,"comment_status":"open","ping_status":"open","sticky":false,"template":"","format":"standard","meta":{"footnotes":""},"categories":[9],"tags":[],"class_list":["post-19931","post","type-post","status-publish","format-standard","has-post-thumbnail","hentry","category-ambiente"],"_links":{"self":[{"href":"https:\/\/tintafresca.net\/index.php\/wp-json\/wp\/v2\/posts\/19931","targetHints":{"allow":["GET"]}}],"collection":[{"href":"https:\/\/tintafresca.net\/index.php\/wp-json\/wp\/v2\/posts"}],"about":[{"href":"https:\/\/tintafresca.net\/index.php\/wp-json\/wp\/v2\/types\/post"}],"author":[{"embeddable":true,"href":"https:\/\/tintafresca.net\/index.php\/wp-json\/wp\/v2\/users\/2"}],"replies":[{"embeddable":true,"href":"https:\/\/tintafresca.net\/index.php\/wp-json\/wp\/v2\/comments?post=19931"}],"version-history":[{"count":2,"href":"https:\/\/tintafresca.net\/index.php\/wp-json\/wp\/v2\/posts\/19931\/revisions"}],"predecessor-version":[{"id":19935,"href":"https:\/\/tintafresca.net\/index.php\/wp-json\/wp\/v2\/posts\/19931\/revisions\/19935"}],"wp:featuredmedia":[{"embeddable":true,"href":"https:\/\/tintafresca.net\/index.php\/wp-json\/wp\/v2\/media\/19934"}],"wp:attachment":[{"href":"https:\/\/tintafresca.net\/index.php\/wp-json\/wp\/v2\/media?parent=19931"}],"wp:term":[{"taxonomy":"category","embeddable":true,"href":"https:\/\/tintafresca.net\/index.php\/wp-json\/wp\/v2\/categories?post=19931"},{"taxonomy":"post_tag","embeddable":true,"href":"https:\/\/tintafresca.net\/index.php\/wp-json\/wp\/v2\/tags?post=19931"}],"curies":[{"name":"wp","href":"https:\/\/api.w.org\/{rel}","templated":true}]}}