{"id":20099,"date":"2022-09-06T18:30:53","date_gmt":"2022-09-06T18:30:53","guid":{"rendered":"https:\/\/tintafresca.net\/?p=20099"},"modified":"2022-09-06T18:34:29","modified_gmt":"2022-09-06T18:34:29","slug":"psd-da-batalha-defende-a-criacao-de-seguro-de-saude-para-todos","status":"publish","type":"post","link":"https:\/\/tintafresca.net\/index.php\/2022\/09\/06\/psd-da-batalha-defende-a-criacao-de-seguro-de-saude-para-todos\/","title":{"rendered":"PSD Batalha defende cria\u00e7\u00e3o de seguro de sa\u00fade para todos"},"content":{"rendered":"<div id=\"attachment_20101\" style=\"width: 310px\" class=\"wp-caption alignleft\"><img loading=\"lazy\" decoding=\"async\" aria-describedby=\"caption-attachment-20101\" class=\"wp-image-20101\" src=\"https:\/\/tintafresca.net\/wp-content\/uploads\/2022\/09\/Batalha_executivo10.jpg\" alt=\"\" width=\"300\" height=\"492\" srcset=\"https:\/\/tintafresca.net\/wp-content\/uploads\/2022\/09\/Batalha_executivo10.jpg 354w, https:\/\/tintafresca.net\/wp-content\/uploads\/2022\/09\/Batalha_executivo10-183x300.jpg 183w\" sizes=\"auto, (max-width: 300px) 100vw, 300px\" \/><p id=\"caption-attachment-20101\" class=\"wp-caption-text\">Andr\u00e9 Loureiro<\/p><\/div>\n<p>Os vereadores do PSD na C\u00e2mara Municipal da Batalha apresentaram esta segunda-feira, dia 5 de setembro, na reuni\u00e3o do executivo municipal, uma proposta que visa instituir um seguro de sa\u00fade gratuito para os mun\u00edcipes, complementar \u00e0 oferta do atual SNS a n\u00edvel local, cobrindo servi\u00e7os de cuidados de sa\u00fade de cl\u00ednica geral e demais especialidades m\u00e9dicas, an\u00e1lises cl\u00ednicas, meios complementares de diagn\u00f3stico e diversos outros atos m\u00e9dicos, o que eliminar\u00e1 ou reduzir\u00e1 substancialmente o custo do acesso a cuidados de sa\u00fade.<\/p>\n<p>Para os eleitos do Partido Social Democrata, \u201c<em>o objetivo primordial desta iniciativa \u00e9 prevenir a doen\u00e7a, prolongar a vida e promover a exist\u00eancia saud\u00e1vel, porque o munic\u00edpio deve ser um verdadeiro ente de fins gerais, com um papel e a\u00e7\u00e3o cada vez maiores na promo\u00e7\u00e3o do bem-estar e na satisfa\u00e7\u00e3o das necessidades das suas popula\u00e7\u00f5es<\/em>\u201d, refere-se na proposta entregue ao presidente da autarquia.<\/p>\n<p>O designado \u201cCart\u00e3o Municipal de Sa\u00fade\u201d justifica-se, segundo os autarcas do PSD, \u201c<em>porque h\u00e1 no concelho problemas ao n\u00edvel da sa\u00fade, sobretudo nas freguesias de S\u00e3o Mamede e Reguengo do Fetal, por escassez de m\u00e9dicos e de servi\u00e7os complementares de sa\u00fade, pelo que o munic\u00edpio tem o dever de assumir um papel mais interventivo e proativo para resolver este preocupante problema<\/em>\u201d.<\/p>\n<p>Esta proposta, referem ainda os eleitos, segue a experi\u00eancias bem-sucedidas dos munic\u00edpios de Figueira de Castelo Rodrigo, Guarda ou mais recentemente de Porto de M\u00f3s, autarquias que adotaram a oferta do Cart\u00e3o de Sa\u00fade Municipal, uma medida que contribui para esbater as desigualdades em sa\u00fade entre quem reside em \u00e1reas rurais, perif\u00e9ricas, e face \u00e0s zonas urbanas com maior oferta de servi\u00e7os p\u00fablicos de sa\u00fade.<\/p>\n<p>Nas contas dos vereadores do PSD este projeto na \u00e1rea da sa\u00fade comporta um custo financeiro anual para o Munic\u00edpio da Batalha na ordem dos 75 mil euros, valor ajust\u00e1vel no Or\u00e7amento Municipal para 2022 e a compensar com o aumento da receita fiscal municipal.<\/p>\n<p>A proposta foi entregue e apreciada esta segunda-feira em reuni\u00e3o do executivo, e a pedido do presidente da C\u00e2mara, a sua vota\u00e7\u00e3o foi adiada para a pr\u00f3xima reuni\u00e3o de c\u00e2mara de 19 de setembro, tendo os eleitos do PSD sublinhado a import\u00e2ncia da aprova\u00e7\u00e3o da medida para entrar em vigor no imediato, uma vez que com o retomar do processo de vacina\u00e7\u00e3o \u00e0 Covid-19, \u00e9 natural que os servi\u00e7os p\u00fablicos de sa\u00fade venham a conhecer maior press\u00e3o no atendimento.<\/p>\n<p>Para Andr\u00e9 Loureiro, vereador eleito do PSD \u201c<em>o seguro de sa\u00fade municipal para todos \u00e9 uma medida de enorme alcance social e de efetiva melhoria da qualidade de vida no concelho da Batalha, seja em S\u00e3o Mamede ou na Batalha, todos ter\u00e3o acesso aos cuidados de sa\u00fade por igual<\/em>\u201d.<\/p>\n<p><strong>\u00a0 \u00a0 Fonte: PSD|Batalha<\/strong><\/p>\n","protected":false},"excerpt":{"rendered":"<p>Os vereadores do PSD na C\u00e2mara Municipal da Batalha apresentaram esta segunda-feira, dia 5 de setembro, na reuni\u00e3o do executivo municipal, uma proposta que visa instituir um seguro de sa\u00fade gratuito para os mun\u00edcipes, complementar \u00e0 oferta do atual SNS a n\u00edvel local, cobrindo servi\u00e7os de cuidados de sa\u00fade de cl\u00ednica geral e demais especialidades [&hellip;]<\/p>\n","protected":false},"author":2,"featured_media":20102,"comment_status":"open","ping_status":"open","sticky":false,"template":"","format":"standard","meta":{"footnotes":""},"categories":[6],"tags":[],"class_list":["post-20099","post","type-post","status-publish","format-standard","has-post-thumbnail","hentry","category-saude"],"_links":{"self":[{"href":"https:\/\/tintafresca.net\/index.php\/wp-json\/wp\/v2\/posts\/20099","targetHints":{"allow":["GET"]}}],"collection":[{"href":"https:\/\/tintafresca.net\/index.php\/wp-json\/wp\/v2\/posts"}],"about":[{"href":"https:\/\/tintafresca.net\/index.php\/wp-json\/wp\/v2\/types\/post"}],"author":[{"embeddable":true,"href":"https:\/\/tintafresca.net\/index.php\/wp-json\/wp\/v2\/users\/2"}],"replies":[{"embeddable":true,"href":"https:\/\/tintafresca.net\/index.php\/wp-json\/wp\/v2\/comments?post=20099"}],"version-history":[{"count":4,"href":"https:\/\/tintafresca.net\/index.php\/wp-json\/wp\/v2\/posts\/20099\/revisions"}],"predecessor-version":[{"id":20105,"href":"https:\/\/tintafresca.net\/index.php\/wp-json\/wp\/v2\/posts\/20099\/revisions\/20105"}],"wp:featuredmedia":[{"embeddable":true,"href":"https:\/\/tintafresca.net\/index.php\/wp-json\/wp\/v2\/media\/20102"}],"wp:attachment":[{"href":"https:\/\/tintafresca.net\/index.php\/wp-json\/wp\/v2\/media?parent=20099"}],"wp:term":[{"taxonomy":"category","embeddable":true,"href":"https:\/\/tintafresca.net\/index.php\/wp-json\/wp\/v2\/categories?post=20099"},{"taxonomy":"post_tag","embeddable":true,"href":"https:\/\/tintafresca.net\/index.php\/wp-json\/wp\/v2\/tags?post=20099"}],"curies":[{"name":"wp","href":"https:\/\/api.w.org\/{rel}","templated":true}]}}