{"id":20159,"date":"2022-09-09T13:16:10","date_gmt":"2022-09-09T13:16:10","guid":{"rendered":"https:\/\/tintafresca.net\/?p=20159"},"modified":"2022-09-10T10:21:59","modified_gmt":"2022-09-10T10:21:59","slug":"obras-no-antigo-paco-episcopal-de-leiria-tem-inicio-no-dia-12-de-setembro","status":"publish","type":"post","link":"https:\/\/tintafresca.net\/index.php\/2022\/09\/09\/obras-no-antigo-paco-episcopal-de-leiria-tem-inicio-no-dia-12-de-setembro\/","title":{"rendered":"Obras no antigo Pa\u00e7o Episcopal de Leiria t\u00eam in\u00edcio no dia 12 de setembro"},"content":{"rendered":"<div id=\"attachment_13679\" style=\"width: 510px\" class=\"wp-caption alignleft\"><img loading=\"lazy\" decoding=\"async\" aria-describedby=\"caption-attachment-13679\" class=\"wp-image-13679 size-full\" src=\"https:\/\/tintafresca.net\/wp-content\/uploads\/2022\/02\/Leiria_Paco_Episcopal10.jpg\" alt=\"\" width=\"500\" height=\"281\" \/><p id=\"caption-attachment-13679\" class=\"wp-caption-text\">Antigo Pa\u00e7o Episcopal<\/p><\/div>\n<p>Come\u00e7am esta segunda-feira, dia 12 de setembro, os trabalhos de adapta\u00e7\u00e3o das \u00e1reas devolutas do antigo Pa\u00e7o Episcopal de Leiria, edif\u00edcio onde est\u00e1 a Loja do Cidad\u00e3o, a uma plataforma de cria\u00e7\u00e3o art\u00edstica, com o objetivo de dinamizar o patrim\u00f3nio municipal e a cultura do concelho.<\/p>\n<p>A obra tem um prazo de execu\u00e7\u00e3o previsto de 360 dias e um or\u00e7amento estimado em 1.538.771,09 euros, candidatados a fundos comunit\u00e1rios, permitindo \u201cdotar o espa\u00e7o de condi\u00e7\u00f5es para capacitar os agentes culturais profissionais e amadores para a cria\u00e7\u00e3o e forma\u00e7\u00e3o art\u00edstica\u201d, salientou Anabela Gra\u00e7a, vereadora da Cultura, aquando da aprova\u00e7\u00e3o do projeto de execu\u00e7\u00e3o.<\/p>\n<p>Encontra-se prevista a interven\u00e7\u00e3o nos pisos -1, -2 e -3 do antigo Pa\u00e7o Episcopal, onde funcionaram as salas de cinema \u201cCastello Lopes\u201d, os quais ser\u00e3o adaptados e reconvertidos para receberem novos palcos e novos programas, articulados com a estrat\u00e9gia cultura do Munic\u00edpio.<\/p>\n<p>O espa\u00e7o ser\u00e1 projetado de forma a assegurar a m\u00e1xima flexibilidade, proporcionando a todos os intervenientes no ciclo produtivo das artes do espet\u00e1culo o maior n\u00famero poss\u00edvel de op\u00e7\u00f5es c\u00e9nicas atrav\u00e9s da realiza\u00e7\u00e3o de eventos culturais multidisciplinares.<\/p>\n<p>Com um total de 1.931,43 metros quadrados, no piso -1, estar\u00e1 a entrada principal (<em>foyer<\/em>), um gabinete de trabalho e duas \u00e1reas de r\u00e9gie, enquanto o piso -2 ir\u00e1 receber a sala de ensaios e um camarim, estando previsto que, no piso -3, fique a \u201cblack-box\u201d, com uma bancada retr\u00e1til com capacidade para 120 espetadores, dois camarins, um bar, uma zona de apoio, um armaz\u00e9m para equipamento c\u00e9nica e espa\u00e7os para arrumos.<\/p>\n<p>Com esta interven\u00e7\u00e3o, o Munic\u00edpio pretende revitalizar um edif\u00edcio emblem\u00e1tico para a cidade e contribuir para o dinamismo cultural do concelho e para a dinamiza\u00e7\u00e3o do centro hist\u00f3rico.<\/p>\n<p><strong>\u00a0 Fonte: DCRP|CML<\/strong><\/p>\n","protected":false},"excerpt":{"rendered":"<p>Come\u00e7am esta segunda-feira, dia 12 de setembro, os trabalhos de adapta\u00e7\u00e3o das \u00e1reas devolutas do antigo Pa\u00e7o Episcopal de Leiria, edif\u00edcio onde est\u00e1 a Loja do Cidad\u00e3o, a uma plataforma de cria\u00e7\u00e3o art\u00edstica, com o objetivo de dinamizar o patrim\u00f3nio municipal e a cultura do concelho. A obra tem um prazo de execu\u00e7\u00e3o previsto de [&hellip;]<\/p>\n","protected":false},"author":2,"featured_media":20194,"comment_status":"open","ping_status":"open","sticky":false,"template":"","format":"standard","meta":{"footnotes":""},"categories":[9,10],"tags":[],"class_list":["post-20159","post","type-post","status-publish","format-standard","has-post-thumbnail","hentry","category-ambiente","category-patrimonio"],"_links":{"self":[{"href":"https:\/\/tintafresca.net\/index.php\/wp-json\/wp\/v2\/posts\/20159","targetHints":{"allow":["GET"]}}],"collection":[{"href":"https:\/\/tintafresca.net\/index.php\/wp-json\/wp\/v2\/posts"}],"about":[{"href":"https:\/\/tintafresca.net\/index.php\/wp-json\/wp\/v2\/types\/post"}],"author":[{"embeddable":true,"href":"https:\/\/tintafresca.net\/index.php\/wp-json\/wp\/v2\/users\/2"}],"replies":[{"embeddable":true,"href":"https:\/\/tintafresca.net\/index.php\/wp-json\/wp\/v2\/comments?post=20159"}],"version-history":[{"count":5,"href":"https:\/\/tintafresca.net\/index.php\/wp-json\/wp\/v2\/posts\/20159\/revisions"}],"predecessor-version":[{"id":20164,"href":"https:\/\/tintafresca.net\/index.php\/wp-json\/wp\/v2\/posts\/20159\/revisions\/20164"}],"wp:featuredmedia":[{"embeddable":true,"href":"https:\/\/tintafresca.net\/index.php\/wp-json\/wp\/v2\/media\/20194"}],"wp:attachment":[{"href":"https:\/\/tintafresca.net\/index.php\/wp-json\/wp\/v2\/media?parent=20159"}],"wp:term":[{"taxonomy":"category","embeddable":true,"href":"https:\/\/tintafresca.net\/index.php\/wp-json\/wp\/v2\/categories?post=20159"},{"taxonomy":"post_tag","embeddable":true,"href":"https:\/\/tintafresca.net\/index.php\/wp-json\/wp\/v2\/tags?post=20159"}],"curies":[{"name":"wp","href":"https:\/\/api.w.org\/{rel}","templated":true}]}}