{"id":20201,"date":"2022-09-10T11:36:13","date_gmt":"2022-09-10T11:36:13","guid":{"rendered":"https:\/\/tintafresca.net\/?p=20201"},"modified":"2022-09-10T11:40:02","modified_gmt":"2022-09-10T11:40:02","slug":"mais-de-60-enfermeiros-do-polo-de-abrantes-do-centro-hospitalar-do-medio-tejo-pediram-escusa-de-responsabilidade","status":"publish","type":"post","link":"https:\/\/tintafresca.net\/index.php\/2022\/09\/10\/mais-de-60-enfermeiros-do-polo-de-abrantes-do-centro-hospitalar-do-medio-tejo-pediram-escusa-de-responsabilidade\/","title":{"rendered":"Mais de 60 enfermeiros do polo de Abrantes do Centro Hospitalar do M\u00e9dio Tejo pediram escusa de responsabilidade"},"content":{"rendered":"<div id=\"attachment_20203\" style=\"width: 360px\" class=\"wp-caption alignleft\"><img loading=\"lazy\" decoding=\"async\" aria-describedby=\"caption-attachment-20203\" class=\"wp-image-20203 size-full\" src=\"https:\/\/tintafresca.net\/wp-content\/uploads\/2022\/09\/Abrantes_Hospital.jpg\" alt=\"\" width=\"350\" height=\"248\" srcset=\"https:\/\/tintafresca.net\/wp-content\/uploads\/2022\/09\/Abrantes_Hospital.jpg 350w, https:\/\/tintafresca.net\/wp-content\/uploads\/2022\/09\/Abrantes_Hospital-300x213.jpg 300w\" sizes=\"auto, (max-width: 350px) 100vw, 350px\" \/><p id=\"caption-attachment-20203\" class=\"wp-caption-text\">Hospital de Abrantes<\/p><\/div>\n<p>Mais de 60 enfermeiros do polo de Abrantes do Centro Hospitalar Medio Tejo (CHMT) pediram escusa de responsabilidade. No pedido de escusa pode ler-se que \u201ca necessidade de assegurar, nos \u00faltimos meses, o funcionamento do Servi\u00e7o de Urg\u00eancia, afetando para este efeito os enfermeiros que se encontram na presta\u00e7\u00e3o di\u00e1ria de cuidados de sa\u00fade, tem implicado uma sobrecarga hor\u00e1ria, que ultrapassa, em larga medida, os limites de trabalho suplementar recomendados, colocando em causa o direito ao descanso\u201d.<\/p>\n<p>Neste sentido, notam, o CHMT \u201ctem evidenciado a insufici\u00eancia de enfermeiros na equipa, face ao elevado n\u00famero de doentes internados, o que tem sobrecarregado os mesmos na pr\u00e1tica do exerc\u00edcio profissional, pondo em causa o atendimento a doentes emergentes\/muito urgentes e urgentes\u201d.<\/p>\n<p>A luta dos enfermeiros dos Servi\u00e7os de Urg\u00eancias do Hospital de Abrantes por melhores condi\u00e7\u00f5es de trabalho j\u00e1 se arrasta h\u00e1 longos anos. Para o Bloco de Esquerda, a atual escusa de responsabilidades revela que, \u00e0 semelhan\u00e7a do anterior, o atual Conselho de Administra\u00e7\u00e3o continua a revelar-se incapaz de resolver os problemas dos enfermeiros.<\/p>\n<p>Contudo, \u201cmaiores responsabilidades devem ser assacadas ao governo, principal respons\u00e1vel pela progressiva degrada\u00e7\u00e3o do Servi\u00e7o Nacional de Sa\u00fade (SNS), com ataques aos direitos dos profissionais, desmantelamento de servi\u00e7os e recorrente fal\u00eancia das respostas \u00e0s popula\u00e7\u00f5es\u201d, considera o BE.<\/p>\n<p>Recorde-se que o CHMT abrange 15 concelhos e presta servi\u00e7o a uma popula\u00e7\u00e3o de mais de 215 mil pessoas. Com tr\u00eas polos &#8212; Torres Novas, Tomar e Abrantes &#8212;, \u00e9 neste \u00faltimo que funciona a Urg\u00eancia M\u00e9dico-Cir\u00fargica do CHMT. \u00c9, portanto, um servi\u00e7o particularmente cr\u00edtico.<\/p>\n<p>A gravidade da situa\u00e7\u00e3o a que se chegou justifica a posi\u00e7\u00e3o dos enfermeiros de Abrantes, em luta pelos seus direitos profissionais e por um SNS que sirva cabalmente as popula\u00e7\u00f5es.<\/p>\n<p>O Bloco de Esquerda sa\u00fada esta luta dos enfermeiros e aponta-a como exemplo a seguir por todos os trabalhadores a quem s\u00e3o retirados direitos e considera que esta luta merece a solidariedade das popula\u00e7\u00f5es pois \u00e9 tamb\u00e9m por elas que estes profissionais se batem.<\/p>\n<p><strong>Fonte: BE|Santar\u00e9m<\/strong><\/p>\n<p>&nbsp;<\/p>\n","protected":false},"excerpt":{"rendered":"<p>Mais de 60 enfermeiros do polo de Abrantes do Centro Hospitalar Medio Tejo (CHMT) pediram escusa de responsabilidade. No pedido de escusa pode ler-se que \u201ca necessidade de assegurar, nos \u00faltimos meses, o funcionamento do Servi\u00e7o de Urg\u00eancia, afetando para este efeito os enfermeiros que se encontram na presta\u00e7\u00e3o di\u00e1ria de cuidados de sa\u00fade, tem [&hellip;]<\/p>\n","protected":false},"author":2,"featured_media":20204,"comment_status":"open","ping_status":"open","sticky":false,"template":"","format":"standard","meta":{"footnotes":""},"categories":[6],"tags":[],"class_list":["post-20201","post","type-post","status-publish","format-standard","has-post-thumbnail","hentry","category-saude"],"_links":{"self":[{"href":"https:\/\/tintafresca.net\/index.php\/wp-json\/wp\/v2\/posts\/20201","targetHints":{"allow":["GET"]}}],"collection":[{"href":"https:\/\/tintafresca.net\/index.php\/wp-json\/wp\/v2\/posts"}],"about":[{"href":"https:\/\/tintafresca.net\/index.php\/wp-json\/wp\/v2\/types\/post"}],"author":[{"embeddable":true,"href":"https:\/\/tintafresca.net\/index.php\/wp-json\/wp\/v2\/users\/2"}],"replies":[{"embeddable":true,"href":"https:\/\/tintafresca.net\/index.php\/wp-json\/wp\/v2\/comments?post=20201"}],"version-history":[{"count":2,"href":"https:\/\/tintafresca.net\/index.php\/wp-json\/wp\/v2\/posts\/20201\/revisions"}],"predecessor-version":[{"id":20205,"href":"https:\/\/tintafresca.net\/index.php\/wp-json\/wp\/v2\/posts\/20201\/revisions\/20205"}],"wp:featuredmedia":[{"embeddable":true,"href":"https:\/\/tintafresca.net\/index.php\/wp-json\/wp\/v2\/media\/20204"}],"wp:attachment":[{"href":"https:\/\/tintafresca.net\/index.php\/wp-json\/wp\/v2\/media?parent=20201"}],"wp:term":[{"taxonomy":"category","embeddable":true,"href":"https:\/\/tintafresca.net\/index.php\/wp-json\/wp\/v2\/categories?post=20201"},{"taxonomy":"post_tag","embeddable":true,"href":"https:\/\/tintafresca.net\/index.php\/wp-json\/wp\/v2\/tags?post=20201"}],"curies":[{"name":"wp","href":"https:\/\/api.w.org\/{rel}","templated":true}]}}