{"id":20325,"date":"2022-09-15T17:20:17","date_gmt":"2022-09-15T17:20:17","guid":{"rendered":"https:\/\/tintafresca.net\/?p=20325"},"modified":"2022-09-15T22:25:10","modified_gmt":"2022-09-15T22:25:10","slug":"deputados-do-ps-enaltecem-abertura-da-unidade-de-internamento-de-cuidados-paliativos-em-alcobaca","status":"publish","type":"post","link":"https:\/\/tintafresca.net\/index.php\/2022\/09\/15\/deputados-do-ps-enaltecem-abertura-da-unidade-de-internamento-de-cuidados-paliativos-em-alcobaca\/","title":{"rendered":"Deputados do PS aplaudem a abertura da Unidade de Internamento de Cuidados Paliativos em Alcoba\u00e7a"},"content":{"rendered":"<div id=\"attachment_20327\" style=\"width: 510px\" class=\"wp-caption alignleft\"><img loading=\"lazy\" decoding=\"async\" aria-describedby=\"caption-attachment-20327\" class=\"wp-image-20327 size-full\" src=\"https:\/\/tintafresca.net\/wp-content\/uploads\/2022\/09\/Visita-de-deputados-do-PS-ao-HABLO_300.jpg\" alt=\"\" width=\"500\" height=\"333\" srcset=\"https:\/\/tintafresca.net\/wp-content\/uploads\/2022\/09\/Visita-de-deputados-do-PS-ao-HABLO_300.jpg 500w, https:\/\/tintafresca.net\/wp-content\/uploads\/2022\/09\/Visita-de-deputados-do-PS-ao-HABLO_300-300x200.jpg 300w\" sizes=\"auto, (max-width: 500px) 100vw, 500px\" \/><p id=\"caption-attachment-20327\" class=\"wp-caption-text\">Parlamentares do PS com membros da administra\u00e7\u00e3o do Centro Hospitalar de Leiria<\/p><\/div>\n<p>O Conselho de Administra\u00e7\u00e3o (CA) do Centro Hospitalar de Leiria (CHL) recebeu no dia 12 de setembro a visita de um grupo de deputados parlamentares do Partido Socialista (PS) \u00e0 Unidade de Internamento de Cuidados Paliativos (UICP) no Hospital de Alcoba\u00e7a Bernardino Lopes de Oliveira (HABLO), no \u00e2mbito das Jornadas Parlamentares do PS, que decorreram no distrito de Leiria entre os dias 11 e 13 de setembro.<\/p>\n<p>Antes da visita \u00e0 Unidade foi realizada uma reuni\u00e3o com o Conselho de Administra\u00e7\u00e3o, que se iniciou com a apresenta\u00e7\u00e3o da UICP pela diretora do Servi\u00e7o de Cuidados Paliativos, Catarina Faria, com uma breve caracteriza\u00e7\u00e3o do Servi\u00e7o, a explica\u00e7\u00e3o do funcionamento da Unidade com a sua equipa diferenciada de profissionais, terminando com a partilha de algumas hist\u00f3rias de doentes que j\u00e1 ali passaram. A diretora do Servi\u00e7o terminou a sua interven\u00e7\u00e3o salientando que a curto prazo espera conseguir criar a equipa comunit\u00e1ria para presta\u00e7\u00e3o de cuidados paliativos no domic\u00edlio.<\/p>\n<p>Lic\u00ednio de Carvalho, presidente do CA do CHL, prosseguiu a reuni\u00e3o, destacando a evolu\u00e7\u00e3o do HABLO desde 2013, ano em que integrou o centro hospitalar, com um investimento na ordem dos 2,4 milh\u00f5es de euros na melhoria e reabilita\u00e7\u00e3o de infraestruturas e de servi\u00e7os. O presidente do CA sublinhou ainda algumas dificuldades sentidas, nomeadamente as limita\u00e7\u00f5es nas \u00e1reas assistenciais, com a falta de recursos m\u00e9dicos, na resposta \u00e0 grande procura dos servi\u00e7os do CHL, tendo em conta a sua \u00e1rea de influ\u00eancia com mais de 400 mil utentes de oito concelhos.<\/p>\n<p>\u00abEste centro hospitalar tem tido muitos combates, mas temos conseguido fazer o que \u00e9 poss\u00edvel com a dedica\u00e7\u00e3o dos nossos profissionais, o que \u00e9 muito gratificante\u00bb, frisou Lic\u00ednio de Carvalho, destacando ainda &#8220;o n\u00edvel elevado de produtividade, com os n\u00fameros recorde da atividade assistencial da institui\u00e7\u00e3o registados em 2021, em consultas e cirurgias realizadas.\u201d<\/p>\n<p>Maria Ant\u00f3nia Santos, vice-presidente da Comiss\u00e3o Parlamentar de Sa\u00fade, sublinhou que, \u00abenquanto deputados, \u00e9 muito importante fazer visitas ao terreno e ouvir de viva voz o que se faz. Estas visitas d\u00e3o-nos mais capacidade para podermos exercer melhor a nossa fun\u00e7\u00e3o\u00bb.<\/p>\n<p>Dirigindo-se em especial aos membros do CHL presentes, a deputada reconheceu o m\u00e9rito de terem conseguido abrir esta Unidade: \u201c\u00c9 um feito que temos de assinalar, porque n\u00e3o \u00e9 muito normal no meio de uma pandemia conseguir \u201cconcretizar um sonho. J\u00e1 t\u00eam a nossa admira\u00e7\u00e3o e o nosso agradecimento. Bem sei que se deparam com muitos problemas mas tenho esperan\u00e7a que possamos inverter esta situa\u00e7\u00e3o e que mais profissionais possam juntar-se a v\u00f3s para trabalhar numa \u00e1rea t\u00e3o nobre como \u00e9 a dos Cuidados Paliativos.\u00bb<\/p>\n<p>Finda a reuni\u00e3o, o grupo de deputados fez uma breve visita \u00e0 Unidade de Internamento de Cuidados Paliativos.<\/p>\n<p><strong>\u00a0 \u00a0 Fonte: Midlandcom<\/strong><\/p>\n","protected":false},"excerpt":{"rendered":"<p>O Conselho de Administra\u00e7\u00e3o (CA) do Centro Hospitalar de Leiria (CHL) recebeu no dia 12 de setembro a visita de um grupo de deputados parlamentares do Partido Socialista (PS) \u00e0 Unidade de Internamento de Cuidados Paliativos (UICP) no Hospital de Alcoba\u00e7a Bernardino Lopes de Oliveira (HABLO), no \u00e2mbito das Jornadas Parlamentares do PS, que decorreram [&hellip;]<\/p>\n","protected":false},"author":2,"featured_media":20328,"comment_status":"open","ping_status":"open","sticky":false,"template":"","format":"standard","meta":{"footnotes":""},"categories":[6],"tags":[],"class_list":["post-20325","post","type-post","status-publish","format-standard","has-post-thumbnail","hentry","category-saude"],"_links":{"self":[{"href":"https:\/\/tintafresca.net\/index.php\/wp-json\/wp\/v2\/posts\/20325","targetHints":{"allow":["GET"]}}],"collection":[{"href":"https:\/\/tintafresca.net\/index.php\/wp-json\/wp\/v2\/posts"}],"about":[{"href":"https:\/\/tintafresca.net\/index.php\/wp-json\/wp\/v2\/types\/post"}],"author":[{"embeddable":true,"href":"https:\/\/tintafresca.net\/index.php\/wp-json\/wp\/v2\/users\/2"}],"replies":[{"embeddable":true,"href":"https:\/\/tintafresca.net\/index.php\/wp-json\/wp\/v2\/comments?post=20325"}],"version-history":[{"count":9,"href":"https:\/\/tintafresca.net\/index.php\/wp-json\/wp\/v2\/posts\/20325\/revisions"}],"predecessor-version":[{"id":20341,"href":"https:\/\/tintafresca.net\/index.php\/wp-json\/wp\/v2\/posts\/20325\/revisions\/20341"}],"wp:featuredmedia":[{"embeddable":true,"href":"https:\/\/tintafresca.net\/index.php\/wp-json\/wp\/v2\/media\/20328"}],"wp:attachment":[{"href":"https:\/\/tintafresca.net\/index.php\/wp-json\/wp\/v2\/media?parent=20325"}],"wp:term":[{"taxonomy":"category","embeddable":true,"href":"https:\/\/tintafresca.net\/index.php\/wp-json\/wp\/v2\/categories?post=20325"},{"taxonomy":"post_tag","embeddable":true,"href":"https:\/\/tintafresca.net\/index.php\/wp-json\/wp\/v2\/tags?post=20325"}],"curies":[{"name":"wp","href":"https:\/\/api.w.org\/{rel}","templated":true}]}}