{"id":20336,"date":"2022-09-15T20:48:06","date_gmt":"2022-09-15T20:48:06","guid":{"rendered":"https:\/\/tintafresca.net\/?p=20336"},"modified":"2022-09-16T12:03:54","modified_gmt":"2022-09-16T12:03:54","slug":"antonio-lacerda-sales-cessa-funcoes-como-secretario-de-estado-adjunto-e-da-saude","status":"publish","type":"post","link":"https:\/\/tintafresca.net\/index.php\/2022\/09\/15\/antonio-lacerda-sales-cessa-funcoes-como-secretario-de-estado-adjunto-e-da-saude\/","title":{"rendered":"Ant\u00f3nio Lacerda Sales cessa fun\u00e7\u00f5es como secret\u00e1rio de Estado Adjunto e da Sa\u00fade"},"content":{"rendered":"<div id=\"attachment_20338\" style=\"width: 510px\" class=\"wp-caption alignleft\"><img loading=\"lazy\" decoding=\"async\" aria-describedby=\"caption-attachment-20338\" class=\"wp-image-20338 size-full\" src=\"https:\/\/tintafresca.net\/wp-content\/uploads\/2022\/09\/Alcobaca_Antonio_Sales10.jpg\" alt=\"\" width=\"500\" height=\"333\" srcset=\"https:\/\/tintafresca.net\/wp-content\/uploads\/2022\/09\/Alcobaca_Antonio_Sales10.jpg 500w, https:\/\/tintafresca.net\/wp-content\/uploads\/2022\/09\/Alcobaca_Antonio_Sales10-300x200.jpg 300w\" sizes=\"auto, (max-width: 500px) 100vw, 500px\" \/><p id=\"caption-attachment-20338\" class=\"wp-caption-text\">Ant\u00f3nio Lacerda Sales<\/p><\/div>\n<p>O secret\u00e1rio de Estado Adjunto e da Sa\u00fade, Ant\u00f3nio Lacerda Sales, cessou fun\u00e7\u00f5es esta ter\u00e7a-feira, dia 13 de setembro. Deputado eleito pelo C\u00edrculo Eleitoral de Leiria, o m\u00e9dico e presidente da Assembleia Municipal de Leiria ir\u00e1 agora retomar o seu lugar de deputado na Assembleia da Rep\u00fablica.<\/p>\n<p>\u201c\u00c9 com sentido de dever cumprido que hoje cesso as fun\u00e7\u00f5es de Secret\u00e1rio de Estado Adjunto e da Sa\u00fade. Nesta e noutras miss\u00f5es sempre me orientou o prop\u00f3sito de servir o meu Pa\u00eds. Considero um privil\u00e9gio ter tido a oportunidade de o fazer tamb\u00e9m nestas fun\u00e7\u00f5es de elevada responsabilidade e exig\u00eancia, onde pude dar o melhor de mim ao servi\u00e7o duma dimens\u00e3o da exist\u00eancia humana \u00e0 qual tenho dedicado toda a minha vida: a Sa\u00fade. Estar ao servi\u00e7o da sa\u00fade, como m\u00e9dico ou como governante, faz parte, para mim, do mesmo empenho em contribuir para esse bem-estar f\u00edsico, ps\u00edquico e social, que \u00e9 essencial a cada ser humano e \u00e0 sociedade em geral\u201d, referiu Lacerda Sales na sua mensagem de despedida nas redes sociais.<\/p>\n<p>Ant\u00f3nio Lacerda Sales foi um dos rostos presentes diariamente durante a pandemia de COVID-19, a par da ministra da Sa\u00fade, Marta Temido, da Diretora-geral da Sa\u00fade, Gra\u00e7a Freitas e do respons\u00e1vel pela campanha nacional de vacina\u00e7\u00e3o, vice-almirante Gouveia e Melo e n\u00e3o esqueceu essa circunst\u00e2ncia na hora da despedida.<\/p>\n<p>O contexto em que exerci este cargo foi de condi\u00e7\u00f5es \u00fanicas: \u201cA pandemia colocou-nos perante desafios in\u00e9ditos, levou-nos ao limite das nossas for\u00e7as e requereu todas as nossas capacidades. Mas foi tamb\u00e9m ocasi\u00e3o para conhecer muito do melhor que temos, como humanos, como cidad\u00e3os, como povo: a resili\u00eancia coletiva, a solidariedade improvisada, a dedica\u00e7\u00e3o admir\u00e1vel dos profissionais de sa\u00fade, a quem manifesto um profundo agradecimento e admira\u00e7\u00e3o. \u00c0 Dr.\u00aa Marta Temido devo uma palavra de gratid\u00e3o e de reconhecimento, pela extraordin\u00e1ria capacidade de trabalho e pelo que, com ela, pude aprender neste intenso per\u00edodo.\u201d<\/p>\n<p>Ant\u00f3nio Lacerda Sales agradeceu ainda ao primeiro-ministro a confian\u00e7a em si depositada e desejou \u201cos maiores sucessos \u00e0 nova equipa do Minist\u00e9rio da Sa\u00fade para um trabalho de que todos beneficiamos.\u201d Tamb\u00e9m \u201caos in\u00fameros concidad\u00e3os que ao longo deste tempo me fizeram chegar palavras de est\u00edmulo, um sentido obrigado.\u201d<\/p>\n<p>Por fim, o m\u00e9dico leiriense prometeu continuar ativo pol\u00edtica e civicamente: \u201cTermino este servi\u00e7o espec\u00edfico, mas continuarei com a mesma responsabilidade c\u00edvica a fazer o que estiver ao meu alcance para que em Portugal possamos ter cada vez melhores cuidados de sa\u00fade, condi\u00e7\u00e3o para uma sociedade mais humana.\u201d<\/p>\n<p>Manuel Pizarro \u00e9 o novo ministro das Sa\u00fade. Ricardo Mestre \u00e9 o novo secret\u00e1rio de Estado da Sa\u00fade e Margarida Tavares a secret\u00e1ria de Estado da Promo\u00e7\u00e3o da Sa\u00fade.<\/p>\n","protected":false},"excerpt":{"rendered":"<p>O secret\u00e1rio de Estado Adjunto e da Sa\u00fade, Ant\u00f3nio Lacerda Sales, cessou fun\u00e7\u00f5es esta ter\u00e7a-feira, dia 13 de setembro. Deputado eleito pelo C\u00edrculo Eleitoral de Leiria, o m\u00e9dico e presidente da Assembleia Municipal de Leiria ir\u00e1 agora retomar o seu lugar de deputado na Assembleia da Rep\u00fablica. \u201c\u00c9 com sentido de dever cumprido que hoje [&hellip;]<\/p>\n","protected":false},"author":2,"featured_media":20339,"comment_status":"open","ping_status":"open","sticky":false,"template":"","format":"standard","meta":{"footnotes":""},"categories":[6],"tags":[],"class_list":["post-20336","post","type-post","status-publish","format-standard","has-post-thumbnail","hentry","category-saude"],"_links":{"self":[{"href":"https:\/\/tintafresca.net\/index.php\/wp-json\/wp\/v2\/posts\/20336","targetHints":{"allow":["GET"]}}],"collection":[{"href":"https:\/\/tintafresca.net\/index.php\/wp-json\/wp\/v2\/posts"}],"about":[{"href":"https:\/\/tintafresca.net\/index.php\/wp-json\/wp\/v2\/types\/post"}],"author":[{"embeddable":true,"href":"https:\/\/tintafresca.net\/index.php\/wp-json\/wp\/v2\/users\/2"}],"replies":[{"embeddable":true,"href":"https:\/\/tintafresca.net\/index.php\/wp-json\/wp\/v2\/comments?post=20336"}],"version-history":[{"count":2,"href":"https:\/\/tintafresca.net\/index.php\/wp-json\/wp\/v2\/posts\/20336\/revisions"}],"predecessor-version":[{"id":20340,"href":"https:\/\/tintafresca.net\/index.php\/wp-json\/wp\/v2\/posts\/20336\/revisions\/20340"}],"wp:featuredmedia":[{"embeddable":true,"href":"https:\/\/tintafresca.net\/index.php\/wp-json\/wp\/v2\/media\/20339"}],"wp:attachment":[{"href":"https:\/\/tintafresca.net\/index.php\/wp-json\/wp\/v2\/media?parent=20336"}],"wp:term":[{"taxonomy":"category","embeddable":true,"href":"https:\/\/tintafresca.net\/index.php\/wp-json\/wp\/v2\/categories?post=20336"},{"taxonomy":"post_tag","embeddable":true,"href":"https:\/\/tintafresca.net\/index.php\/wp-json\/wp\/v2\/tags?post=20336"}],"curies":[{"name":"wp","href":"https:\/\/api.w.org\/{rel}","templated":true}]}}