{"id":20423,"date":"2022-09-18T20:13:54","date_gmt":"2022-09-18T20:13:54","guid":{"rendered":"https:\/\/tintafresca.net\/?p=20423"},"modified":"2022-09-18T20:18:07","modified_gmt":"2022-09-18T20:18:07","slug":"centro-hospitalar-de-leiria-camara-municipal-e-lahuc-inauguram-e-regam-oliveira-sns-em-leiria","status":"publish","type":"post","link":"https:\/\/tintafresca.net\/index.php\/2022\/09\/18\/centro-hospitalar-de-leiria-camara-municipal-e-lahuc-inauguram-e-regam-oliveira-sns-em-leiria\/","title":{"rendered":"Centro Hospitalar de Leiria, C\u00e2mara Municipal e LAHUC inauguram e regam \u201cOliveira SNS\u201d em Leiria"},"content":{"rendered":"<div id=\"attachment_20426\" style=\"width: 510px\" class=\"wp-caption alignleft\"><img loading=\"lazy\" decoding=\"async\" aria-describedby=\"caption-attachment-20426\" class=\"wp-image-20426 size-full\" src=\"https:\/\/tintafresca.net\/wp-content\/uploads\/2022\/09\/CHL_Oliveira-SNS_10.jpg\" alt=\"\" width=\"500\" height=\"333\" srcset=\"https:\/\/tintafresca.net\/wp-content\/uploads\/2022\/09\/CHL_Oliveira-SNS_10.jpg 500w, https:\/\/tintafresca.net\/wp-content\/uploads\/2022\/09\/CHL_Oliveira-SNS_10-300x200.jpg 300w\" sizes=\"auto, (max-width: 500px) 100vw, 500px\" \/><p id=\"caption-attachment-20426\" class=\"wp-caption-text\">Inaugura\u00e7\u00e3o da oliveira SNS e da placa alusiva<\/p><\/div>\n<p>O Centro Hospitalar de Leiria (CHL), a C\u00e2mara Municipal de Leiria e a Liga dos Amigos dos Hospitais da Universidade de Coimbra (LAHUC) inauguraram e regaram a \u201cOliveira SNS\u201d em Leiria, no dia 15 de setembro, data de anivers\u00e1rio do Servi\u00e7o Nacional de Sa\u00fade, que este ano comemorou 43 anos de exist\u00eancia. A \u00e1rvore est\u00e1 plantada e pode ser contemplada na recente rotunda na Avenida da Comunidade Europeia, que serve o Hospital de Santo Andr\u00e9, junto \u00e0 urbaniza\u00e7\u00e3o de S. Rom\u00e3o e aos campos de t\u00e9nis de Leiria.<\/p>\n<p>A denominada \u201cOliveira SNS\u201d \u00e9 uma iniciativa da LAHUC, com o objetivo de homenagear o fundador do Servi\u00e7o Nacional de Sa\u00fade, Ant\u00f3nio Arnaut. A primeira oliveira foi plantada a 15 de setembro de 2009, no Parque Verde em Coimbra.<\/p>\n<p>Isabel Garcia, presidente da LAHUC, recordou o momento em que Ant\u00f3nio Arnaut lhe pediu para manter o ritual da rega da oliveira, que sempre foi um ato importante para ele, para que se saiba que existe uma oliveira SNS, que foi plantada e que o seu fundador esteve l\u00e1. \u00abPara n\u00f3s este ato faz todo o sentido: n\u00e3o deixar morrer o simbolismo, pois a oliveira \u00e9 o s\u00edmbolo da paz e da resist\u00eancia. Fic\u00e1mos com uma responsabilidade de uma das maiores conquistas, que \u00e9 o Servi\u00e7o Nacional de Sa\u00fade, que estamos a ver definhar dia ap\u00f3s dia\u00bb, referiu Isabel Garcia. \u00abQuero agradecer ao Gabinete de Comunica\u00e7\u00e3o e ao senhor presidente do Conselho de Administra\u00e7\u00e3o do CHL por terem tido a sensibilidade de ter promovido esta iniciativa.\u00bb<\/p>\n<p>Ap\u00f3s a rega da \u201cOliveira SNS\u201d e o descerramento da sua placa de identifica\u00e7\u00e3o, Lic\u00ednio de Carvalho, presidente do Conselho de Administra\u00e7\u00e3o do CHL, agradeceu a todos os envolvidos nesta iniciativa e proferiu mais algumas breves palavras. \u00abEste \u00e9 um ato simb\u00f3lico e acho que \u00e9 importante mesmo nas alturas em que o Servi\u00e7o Nacional de Sa\u00fade est\u00e1 com mais debilidades, pois refor\u00e7a a nossa preocupa\u00e7\u00e3o e a nossa sensibilidade para a import\u00e2ncia vital e cr\u00edtica do Servi\u00e7o Nacional de Sa\u00fade em toda a sociedade portuguesa. Apesar das dificuldades que o SNS tem, h\u00e1 uma palavra importante que \u00e9 a palavra esperan\u00e7a. \u00abQuem tem sa\u00fade tem esperan\u00e7a e quem tem esperan\u00e7a tem tudo\u00bb, citando um prov\u00e9rbio \u00e1rabe.<\/p>\n<div id=\"attachment_20427\" style=\"width: 510px\" class=\"wp-caption alignleft\"><img loading=\"lazy\" decoding=\"async\" aria-describedby=\"caption-attachment-20427\" class=\"wp-image-20427 size-full\" src=\"https:\/\/tintafresca.net\/wp-content\/uploads\/2022\/09\/CHL_Oliveira-SNS_50.jpg\" alt=\"\" width=\"500\" height=\"333\" srcset=\"https:\/\/tintafresca.net\/wp-content\/uploads\/2022\/09\/CHL_Oliveira-SNS_50.jpg 500w, https:\/\/tintafresca.net\/wp-content\/uploads\/2022\/09\/CHL_Oliveira-SNS_50-300x200.jpg 300w\" sizes=\"auto, (max-width: 500px) 100vw, 500px\" \/><p id=\"caption-attachment-20427\" class=\"wp-caption-text\">Individualidades presentes na cerim\u00f3nia<\/p><\/div>\n<p>\u00abEstou certo que esta vai ser uma boa iniciativa e que esta oliveira ser\u00e1 regada nos pr\u00f3ximos anos por quem nos suceder, por quem estiver, por quem continuar a acreditar no Servi\u00e7o Nacional de Sa\u00fade, essa grande conquista da nossa modernidade e da nossa democracia em particular. Viva o Servi\u00e7o Nacional de Sa\u00fade!\u00bb rematou Lic\u00ednio de Carvalho.<\/p>\n<p>Gon\u00e7alo Lopes, presidente da C\u00e2mara Municipal de Leiria, destacou que \u00abeste \u00e9 um gesto simb\u00f3lico para n\u00f3s, Leiria, muito importante. Isto \u00e9 uma marca, uma distin\u00e7\u00e3o, que ao utilizar o espa\u00e7o p\u00fablico se pretende deixar tamb\u00e9m o nosso pensamento pol\u00edtico sobre a sa\u00fade em Portugal. Esta oliveira representa isto mesmo: a for\u00e7a, a resili\u00eancia, uma \u00e1rvore que tem as suas ra\u00edzes bem assentes que precisa de ser bem cuidada por todos para que ela consiga crescer, que possa dar os seus frutos e que consiga criar a qualidade de vida desejada \u00e0 popula\u00e7\u00e3o portuguesa. Acho que \u00e9 esse o simbolismo desta \u00e1rvore e desta iniciativa\u00bb.<\/p>\n<p>\u00abA nossa regi\u00e3o tem um hospital com muito potencial ainda por explorar, com muita vontade de ver crescer, num territ\u00f3rio que serve cerca de 400 mil pessoas, com uma equipa muito competente e muito trabalhadora, que tem feito um trabalho extraordin\u00e1rio. Faz-se uma obra not\u00e1vel com os poucos recursos que temos. No territ\u00f3rio podemos tornar-nos ainda mais fortes trabalhando em conjunto: autarquias, hospitais, centros de sa\u00fade, em modelos inovadores de gest\u00e3o\u00bb, sublinhou o presidente do munic\u00edpio de Leiria.<\/p>\n<p><strong>\u00a0<\/strong><\/p>\n<p>Fonte: Midlandcom<\/p>\n","protected":false},"excerpt":{"rendered":"<p>O Centro Hospitalar de Leiria (CHL), a C\u00e2mara Municipal de Leiria e a Liga dos Amigos dos Hospitais da Universidade de Coimbra (LAHUC) inauguraram e regaram a \u201cOliveira SNS\u201d em Leiria, no dia 15 de setembro, data de anivers\u00e1rio do Servi\u00e7o Nacional de Sa\u00fade, que este ano comemorou 43 anos de exist\u00eancia. A \u00e1rvore est\u00e1 [&hellip;]<\/p>\n","protected":false},"author":2,"featured_media":20428,"comment_status":"open","ping_status":"open","sticky":false,"template":"","format":"standard","meta":{"footnotes":""},"categories":[6],"tags":[],"class_list":["post-20423","post","type-post","status-publish","format-standard","has-post-thumbnail","hentry","category-saude"],"_links":{"self":[{"href":"https:\/\/tintafresca.net\/index.php\/wp-json\/wp\/v2\/posts\/20423","targetHints":{"allow":["GET"]}}],"collection":[{"href":"https:\/\/tintafresca.net\/index.php\/wp-json\/wp\/v2\/posts"}],"about":[{"href":"https:\/\/tintafresca.net\/index.php\/wp-json\/wp\/v2\/types\/post"}],"author":[{"embeddable":true,"href":"https:\/\/tintafresca.net\/index.php\/wp-json\/wp\/v2\/users\/2"}],"replies":[{"embeddable":true,"href":"https:\/\/tintafresca.net\/index.php\/wp-json\/wp\/v2\/comments?post=20423"}],"version-history":[{"count":5,"href":"https:\/\/tintafresca.net\/index.php\/wp-json\/wp\/v2\/posts\/20423\/revisions"}],"predecessor-version":[{"id":20431,"href":"https:\/\/tintafresca.net\/index.php\/wp-json\/wp\/v2\/posts\/20423\/revisions\/20431"}],"wp:featuredmedia":[{"embeddable":true,"href":"https:\/\/tintafresca.net\/index.php\/wp-json\/wp\/v2\/media\/20428"}],"wp:attachment":[{"href":"https:\/\/tintafresca.net\/index.php\/wp-json\/wp\/v2\/media?parent=20423"}],"wp:term":[{"taxonomy":"category","embeddable":true,"href":"https:\/\/tintafresca.net\/index.php\/wp-json\/wp\/v2\/categories?post=20423"},{"taxonomy":"post_tag","embeddable":true,"href":"https:\/\/tintafresca.net\/index.php\/wp-json\/wp\/v2\/tags?post=20423"}],"curies":[{"name":"wp","href":"https:\/\/api.w.org\/{rel}","templated":true}]}}